{"id":7091,"date":"2025-02-25T16:17:44","date_gmt":"2025-02-25T16:17:44","guid":{"rendered":"https:\/\/sinasefesm.com\/?p=7091"},"modified":"2025-02-25T16:17:44","modified_gmt":"2025-02-25T16:17:44","slug":"sinasefe-aborda-diversidade-com-ministerio-dos-d-humanos","status":"publish","type":"post","link":"https:\/\/sinasefesm.com\/index.php\/2025\/02\/25\/sinasefe-aborda-diversidade-com-ministerio-dos-d-humanos\/","title":{"rendered":"Sinasefe aborda diversidade com Minist\u00e9rio dos D. Humanos"},"content":{"rendered":"\n<p>O Sinasefe Nacional se reuniu nesta segunda-feira (24\/02), com o Minist\u00e9rio dos Direitos Humanos e da Cidadania (MDHC) para debater diversidade sexual e de g\u00eanero. O encontro aconteceu na Assessoria Especial de Educa\u00e7\u00e3o e Cultura em Direitos Humanos.<\/p>\n\n\n\n<p>A representa\u00e7\u00e3o do sindicato, al\u00e9m de conversar sobre diversidade com os integrantes do MDHC, conheceu a Rede Nacional de Forma\u00e7\u00e3o em Direitos Humanos e Educa\u00e7\u00e3o, prevista para ser lan\u00e7ada em junho deste ano.<\/p>\n\n\n\n<p><em>\u201cAvalio positivamente a reuni\u00e3o, entendo que o SINASEFE reafirma sua atua\u00e7\u00e3o em defesa dos Direitos Humanos, na perspectiva do combate \u00e0s opress\u00f5es. Refor\u00e7amos nosso compromisso sindical de defender a diversidade das filiadas, filiados e filiades da nossa categoria, ressaltando que valores progressistas se contrap\u00f5em contra o crescimento de discursos reacion\u00e1rios e conservadores<\/em>\u201c, comenta Teresa Bahia, secret\u00e1ria de pol\u00edticas para LGBTQIAPN+.<\/p>\n\n\n\n<p>Confira o<a href=\"https:\/\/www.youtube.com\/watch?v=QrDmniaGgMA\"> v\u00eddeo<\/a> com a avalia\u00e7\u00e3o do encontro.<\/p>\n\n\n\n<p><em>Fonte e imagem: Sinasefe Nacional<br>Edi\u00e7\u00e3o: Fritz Rivail<\/em><\/p>\n\n\n\n<p><\/p>\n","protected":false},"excerpt":{"rendered":"<p>O Sinasefe Nacional se reuniu nesta segunda-feira (24\/02), com o Minist\u00e9rio dos Direitos Humanos e da Cidadania (MDHC) para debater diversidade sexual e de g\u00eanero. O encontro aconteceu na Assessoria Especial de Educa\u00e7\u00e3o e Cultura em Direitos Humanos. A representa\u00e7\u00e3o do sindicato, al\u00e9m de conversar sobre diversidade com os integrantes do MDHC, conheceu a Rede<\/p>\n","protected":false},"author":7,"featured_media":7092,"comment_status":"closed","ping_status":"closed","sticky":true,"template":"","format":"standard","meta":{"footnotes":""},"categories":[37,41,42],"tags":[],"class_list":{"0":"post-7091","1":"post","2":"type-post","3":"status-publish","4":"format-standard","5":"has-post-thumbnail","7":"category-destaque","8":"category-movimento","9":"category-noticia"},"_links":{"self":[{"href":"https:\/\/sinasefesm.com\/index.php\/wp-json\/wp\/v2\/posts\/7091","targetHints":{"allow":["GET"]}}],"collection":[{"href":"https:\/\/sinasefesm.com\/index.php\/wp-json\/wp\/v2\/posts"}],"about":[{"href":"https:\/\/sinasefesm.com\/index.php\/wp-json\/wp\/v2\/types\/post"}],"author":[{"embeddable":true,"href":"https:\/\/sinasefesm.com\/index.php\/wp-json\/wp\/v2\/users\/7"}],"replies":[{"embeddable":true,"href":"https:\/\/sinasefesm.com\/index.php\/wp-json\/wp\/v2\/comments?post=7091"}],"version-history":[{"count":0,"href":"https:\/\/sinasefesm.com\/index.php\/wp-json\/wp\/v2\/posts\/7091\/revisions"}],"wp:featuredmedia":[{"embeddable":true,"href":"https:\/\/sinasefesm.com\/index.php\/wp-json\/"}],"wp:attachment":[{"href":"https:\/\/sinasefesm.com\/index.php\/wp-json\/wp\/v2\/media?parent=7091"}],"wp:term":[{"taxonomy":"category","embeddable":true,"href":"https:\/\/sinasefesm.com\/index.php\/wp-json\/wp\/v2\/categories?post=7091"},{"taxonomy":"post_tag","embeddable":true,"href":"https:\/\/sinasefesm.com\/index.php\/wp-json\/wp\/v2\/tags?post=7091"}],"curies":[{"name":"wp","href":"https:\/\/api.w.org\/{rel}","templated":true}]}}