{"id":7094,"date":"2025-02-26T20:10:46","date_gmt":"2025-02-26T20:10:46","guid":{"rendered":"https:\/\/sinasefesm.com\/?p=7094"},"modified":"2025-02-26T20:10:46","modified_gmt":"2025-02-26T20:10:46","slug":"sinasefe-defende-pl-5010-24-que-desmilitariza-educacao","status":"publish","type":"post","link":"https:\/\/sinasefesm.com\/index.php\/2025\/02\/26\/sinasefe-defende-pl-5010-24-que-desmilitariza-educacao\/","title":{"rendered":"Sinasefe defende PL 5010\/24, que desmilitariza educa\u00e7\u00e3o"},"content":{"rendered":"\n<p>O Sinasefe apoia o&nbsp;<a href=\"https:\/\/www.camara.leg.br\/proposicoesWeb\/fichadetramitacao?idProposicao=2481485#tramitacoes\" target=\"_blank\" rel=\"noreferrer noopener\">Projeto de Lei n\u00ba 5.010\/2024<\/a>, que prop\u00f5e a mudan\u00e7a da gest\u00e3o dos estabelecimentos de ensino das For\u00e7as Armadas do Minist\u00e9rio da Defesa (MD) para o Minist\u00e9rio da Educa\u00e7\u00e3o (MEC). Para o sindicato nacional, uma gest\u00e3o educacional desmilitarizada dialoga com a defesa de uma educa\u00e7\u00e3o p\u00fablica, democr\u00e1tica, gratuita, de boa qualidade, laica e socialmente referenciada.<\/p>\n\n\n\n<p><em>\u201cA transfer\u00eancia para o MEC permitir\u00e1 que essas institui\u00e7\u00f5es de ensino sejam integradas ao sistema educacional nacional, promovendo pr\u00e1ticas pedag\u00f3gicas orientadas pelos preceitos democr\u00e1ticos e pela gest\u00e3o transparente. Isso garantir\u00e1 que os recursos p\u00fablicos sejam usados de maneira eficiente, com controle social e em conson\u00e2ncia com as pol\u00edticas p\u00fablicas de educa\u00e7\u00e3o\u201d<\/em>, defende a deputada Maria do Ros\u00e1rio (PT-RS) ao justificar a relev\u00e2ncia da proposi\u00e7\u00e3o legislativa que apresentou em dezembro de 2024.<\/p>\n\n\n\n<p>Leia o projeto e <a href=\"https:\/\/sinasefe.org.br\/site\/download\/projeto-de-lei-no-5-010-2024-dispoe-sobre-a-transferencia-da-gestao-das-instituicoes-de-ensino-das-forcas-armadas-para-o-mec\/\" target=\"_blank\" rel=\"noreferrer noopener\">baixe aqui<\/a>.<\/p>\n\n\n\n<h3 class=\"wp-block-heading\">Apoio<\/h3>\n\n\n\n<p>A Coordena\u00e7\u00e3o de Pol\u00edticas para as Institui\u00e7\u00f5es de Ensino Ligadas ao Minist\u00e9rio da Defesa do Sinasefe  esteve, no \u00faltimo dia 12\/02, dialogando com a equipe da deputada Maria do Ros\u00e1rio (PT-RS) e refor\u00e7ando o apoio do sindicato ao PL 5010\/2024. Al\u00e9m de apresentar o PL, o mandato de Ros\u00e1rio segue defendendo a proposta em suas redes sociais,&nbsp;<a href=\"https:\/\/www.instagram.com\/p\/DGInVpjO8Tw\/?igsh=emlkNDA5MG5jNHZ2\" target=\"_blank\" rel=\"noreferrer noopener\">confira aqui<\/a>.<\/p>\n\n\n\n<h3 class=\"wp-block-heading\">Hist\u00f3rico<\/h3>\n\n\n\n<p>O Sinasefe defende historicamente a desmilitariza\u00e7\u00e3o das escolas vinculadas ao MD, recentemente formalizando esta indica\u00e7\u00e3o&nbsp;<a href=\"https:\/\/sinasefe.org.br\/site\/14o-escime-confira-os-encaminhamentos-do-evento\/\" target=\"_blank\" rel=\"noreferrer noopener\">em seu 14\u00ba Encontro dos Servidores Civis das Institui\u00e7\u00f5es de Ensino Vinculadas ao Minist\u00e9rio da Defesa (ESCIME)<\/a>, que aconteceu entre 25 e 27 de novembro de 2022, em Fortaleza-CE.<\/p>\n\n\n\n<h3 class=\"wp-block-heading\">Enquete<\/h3>\n\n\n\n<p><a href=\"https:\/\/www.camara.leg.br\/enquetes\/2481485\" target=\"_blank\" rel=\"noreferrer noopener\">Participe da enquete aberta<\/a>\u00a0pela C\u00e2mara dos Deputados sobre o PL 5010\/2024, votando de modo favor\u00e1vel (<strong><a href=\"https:\/\/www.camara.leg.br\/enquetes\/2481485\" target=\"_blank\" rel=\"noreferrer noopener\">Concordo completamente<\/a><\/strong>).<\/p>\n\n\n\n<p><em>Fonte e imagem: Sinasefe Nacional<br>Edi\u00e7\u00e3o: Fritz Rivail<\/em><\/p>\n","protected":false},"excerpt":{"rendered":"<p>O Sinasefe apoia o&nbsp;Projeto de Lei n\u00ba 5.010\/2024, que prop\u00f5e a mudan\u00e7a da gest\u00e3o dos estabelecimentos de ensino das For\u00e7as Armadas do Minist\u00e9rio da Defesa (MD) para o Minist\u00e9rio da Educa\u00e7\u00e3o (MEC). Para o sindicato nacional, uma gest\u00e3o educacional desmilitarizada dialoga com a defesa de uma educa\u00e7\u00e3o p\u00fablica, democr\u00e1tica, gratuita, de boa qualidade, laica e<\/p>\n","protected":false},"author":7,"featured_media":7095,"comment_status":"closed","ping_status":"closed","sticky":true,"template":"","format":"standard","meta":{"footnotes":""},"categories":[37,42,45],"tags":[],"class_list":{"0":"post-7094","1":"post","2":"type-post","3":"status-publish","4":"format-standard","5":"has-post-thumbnail","7":"category-destaque","8":"category-noticia","9":"category-sindicato"},"_links":{"self":[{"href":"https:\/\/sinasefesm.com\/index.php\/wp-json\/wp\/v2\/posts\/7094","targetHints":{"allow":["GET"]}}],"collection":[{"href":"https:\/\/sinasefesm.com\/index.php\/wp-json\/wp\/v2\/posts"}],"about":[{"href":"https:\/\/sinasefesm.com\/index.php\/wp-json\/wp\/v2\/types\/post"}],"author":[{"embeddable":true,"href":"https:\/\/sinasefesm.com\/index.php\/wp-json\/wp\/v2\/users\/7"}],"replies":[{"embeddable":true,"href":"https:\/\/sinasefesm.com\/index.php\/wp-json\/wp\/v2\/comments?post=7094"}],"version-history":[{"count":0,"href":"https:\/\/sinasefesm.com\/index.php\/wp-json\/wp\/v2\/posts\/7094\/revisions"}],"wp:featuredmedia":[{"embeddable":true,"href":"https:\/\/sinasefesm.com\/index.php\/wp-json\/"}],"wp:attachment":[{"href":"https:\/\/sinasefesm.com\/index.php\/wp-json\/wp\/v2\/media?parent=7094"}],"wp:term":[{"taxonomy":"category","embeddable":true,"href":"https:\/\/sinasefesm.com\/index.php\/wp-json\/wp\/v2\/categories?post=7094"},{"taxonomy":"post_tag","embeddable":true,"href":"https:\/\/sinasefesm.com\/index.php\/wp-json\/wp\/v2\/tags?post=7094"}],"curies":[{"name":"wp","href":"https:\/\/api.w.org\/{rel}","templated":true}]}}