{"id":7098,"date":"2025-02-28T10:57:05","date_gmt":"2025-02-28T10:57:05","guid":{"rendered":"https:\/\/sinasefesm.com\/?p=7098"},"modified":"2025-02-28T10:57:05","modified_gmt":"2025-02-28T10:57:05","slug":"entidades-da-educacao-federal-debatem-jornada-de-lutas","status":"publish","type":"post","link":"https:\/\/sinasefesm.com\/index.php\/2025\/02\/28\/entidades-da-educacao-federal-debatem-jornada-de-lutas\/","title":{"rendered":"Entidades da educa\u00e7\u00e3o federal debatem Jornada de Lutas"},"content":{"rendered":"\n<p>A diretoria nacional do Sinasefe se reuniu na ter\u00e7a-feira (25\/02) com o Andes-SN, em Bras\u00edlia-DF, seguindo na constru\u00e7\u00e3o de a\u00e7\u00f5es e mobiliza\u00e7\u00f5es conjuntas da Educa\u00e7\u00e3o Federal. Foram discutidas neste encontro atividades para cobrar a aprova\u00e7\u00e3o da Lei Or\u00e7ament\u00e1ria Anual (LOA) de 2025 e o cumprimento dos acordos de greve.<\/p>\n\n\n\n<p><em>\u201cVamos preparar diversas manifesta\u00e7\u00f5es e atos de rua, al\u00e9m da \u2018recep\u00e7\u00e3o\u2019 aos parlamentares no aeroporto, j\u00e1 conhecida da categoria. N\u00f3s entendemos que \u00e9 necess\u00e1rio realizar uma press\u00e3o pela aprova\u00e7\u00e3o urgente da LOA, pois ela impacta n\u00e3o s\u00f3 os trabalhadores da Educa\u00e7\u00e3o Federal, mas tamb\u00e9m todas as pol\u00edticas p\u00fablicas importantes do nosso pa\u00eds\u201d<\/em>, ressalta Francisco de Freitas, secret\u00e1rio&nbsp;<a href=\"https:\/\/sinasefe.org.br\/site\/documentos\/direcao-nacional\/coordenacao-juridica-e-relacao-de-trabalho\" target=\"_blank\" rel=\"noreferrer noopener\">jur\u00eddico e de rela\u00e7\u00e3o de trabalho<\/a>&nbsp;e plantonista desta semana.<\/p>\n\n\n\n<p>As entidades da educa\u00e7\u00e3o federal tamb\u00e9m dialogaram sobre as sugest\u00f5es a serem levadas ao conjunto do Fonasefe, ampliando a mobiliza\u00e7\u00e3o pela aprova\u00e7\u00e3o da LOA.<\/p>\n\n\n\n<p>Esta foi a terceira reuni\u00e3o do ciclo de atividades conjuntas&nbsp;<a href=\"https:\/\/sinasefe.org.br\/site\/entidades-da-educacao-federal-retomam-agenda-conjunta\/\" target=\"_blank\" rel=\"noreferrer noopener\">iniciado no \u00faltimo dia 11\/02<\/a>.<\/p>\n\n\n\n<h3 class=\"wp-block-heading\">Jornada de Lutas<\/h3>\n\n\n\n<p>A&nbsp;<a href=\"https:\/\/sinasefe.org.br\/site\/200a-plena-resumo-do-3o-dia\" target=\"_blank\" rel=\"noreferrer noopener\">200\u00aa PLENA do SINASEFE<\/a>&nbsp;aprovou uma Jornada de Lutas entre os dias 10 e 12 de mar\u00e7o, com&nbsp;<a href=\"https:\/\/sinasefe.org.br\/site\/10-a-12-03-jornada-de-lutas-pela-aprovacao-da-loa\" target=\"_blank\" rel=\"noreferrer noopener\">paralisa\u00e7\u00e3o nacional de 48 horas nos dias 11 e 12 de mar\u00e7o<\/a>. O objetivo \u00e9 cobrar o cumprimento dos&nbsp;<a href=\"https:\/\/sinasefe.org.br\/site\/sinasefe-assina-acordos-e-categoria-retoma-atividades-ate-03-07\" target=\"_blank\" rel=\"noreferrer noopener\">acordos<\/a>&nbsp;da&nbsp;<a href=\"https:\/\/sinasefe.org.br\/site\/greve-2024\" target=\"_blank\" rel=\"noreferrer noopener\">greve de 2024<\/a>&nbsp;e a&nbsp;<a href=\"https:\/\/sinasefe.org.br\/site\/sem-orcamento-sem-futuro-aprova-a-loa-ja\" target=\"_blank\" rel=\"noreferrer noopener\">aprova\u00e7\u00e3o urgente da Lei Or\u00e7ament\u00e1ria Anual<\/a>&nbsp;(LOA) de 2025. Essa Jornada contar\u00e1 com atividades regionais e caravanas para manifesta\u00e7\u00f5es em Bras\u00edlia-DF, movimentando docentes e t\u00e9cnico-administrativos(as) nos locais de trabalho em todo pa\u00eds.&nbsp;<a href=\"https:\/\/sinasefe.org.br\/site\/jornada-de-lutas-baixe-modelos-de-cartazes-e-adesivo\/\" target=\"_blank\" rel=\"noreferrer noopener\">Confira aqui materiais de mobiliza\u00e7\u00e3o.<\/a><\/p>\n\n\n\n<h3 class=\"wp-block-heading\">Participantes<\/h3>\n\n\n\n<p>Participaram desta atividade pelo Sinasefe: Gabriel Oliveira (secret\u00e1rio-adjunto de&nbsp;<a href=\"https:\/\/sinasefe.org.br\/site\/documentos\/direcao-nacional\/coordenacao-lgbtqiapn\" target=\"_blank\" rel=\"noreferrer noopener\">pol\u00edticas para LGBTQIAPN+<\/a>), Francisco de Freitas (secret\u00e1rio&nbsp;<a href=\"https:\/\/sinasefe.org.br\/site\/documentos\/direcao-nacional\/coordenacao-juridica-e-relacao-de-trabalho\" target=\"_blank\" rel=\"noreferrer noopener\">jur\u00eddico e de rela\u00e7\u00e3o de trabalho<\/a>), Karla Bertotti (secret\u00e1ria-adjunta jur\u00eddica e de rela\u00e7\u00e3o de trabalho) e Teresa Bahia (secret\u00e1ria de pol\u00edticas para LGBTQIAPN+).<\/p>\n\n\n\n<p><em>Fonte e imagem: Sinasefe Nacional<br>Edi\u00e7\u00e3o: Fritz Rivail<\/em><\/p>\n","protected":false},"excerpt":{"rendered":"<p>A diretoria nacional do Sinasefe se reuniu na ter\u00e7a-feira (25\/02) com o Andes-SN, em Bras\u00edlia-DF, seguindo na constru\u00e7\u00e3o de a\u00e7\u00f5es e mobiliza\u00e7\u00f5es conjuntas da Educa\u00e7\u00e3o Federal. Foram discutidas neste encontro atividades para cobrar a aprova\u00e7\u00e3o da Lei Or\u00e7ament\u00e1ria Anual (LOA) de 2025 e o cumprimento dos acordos de greve. \u201cVamos preparar diversas manifesta\u00e7\u00f5es e atos<\/p>\n","protected":false},"author":7,"featured_media":7099,"comment_status":"closed","ping_status":"closed","sticky":true,"template":"","format":"standard","meta":{"footnotes":""},"categories":[37,41,45],"tags":[167,187,213],"class_list":{"0":"post-7098","1":"post","2":"type-post","3":"status-publish","4":"format-standard","5":"has-post-thumbnail","7":"category-destaque","8":"category-movimento","9":"category-sindicato","10":"tag-mec","11":"tag-plenaria-nacional","12":"tag-servico-publico"},"_links":{"self":[{"href":"https:\/\/sinasefesm.com\/index.php\/wp-json\/wp\/v2\/posts\/7098","targetHints":{"allow":["GET"]}}],"collection":[{"href":"https:\/\/sinasefesm.com\/index.php\/wp-json\/wp\/v2\/posts"}],"about":[{"href":"https:\/\/sinasefesm.com\/index.php\/wp-json\/wp\/v2\/types\/post"}],"author":[{"embeddable":true,"href":"https:\/\/sinasefesm.com\/index.php\/wp-json\/wp\/v2\/users\/7"}],"replies":[{"embeddable":true,"href":"https:\/\/sinasefesm.com\/index.php\/wp-json\/wp\/v2\/comments?post=7098"}],"version-history":[{"count":0,"href":"https:\/\/sinasefesm.com\/index.php\/wp-json\/wp\/v2\/posts\/7098\/revisions"}],"wp:featuredmedia":[{"embeddable":true,"href":"https:\/\/sinasefesm.com\/index.php\/wp-json\/"}],"wp:attachment":[{"href":"https:\/\/sinasefesm.com\/index.php\/wp-json\/wp\/v2\/media?parent=7098"}],"wp:term":[{"taxonomy":"category","embeddable":true,"href":"https:\/\/sinasefesm.com\/index.php\/wp-json\/wp\/v2\/categories?post=7098"},{"taxonomy":"post_tag","embeddable":true,"href":"https:\/\/sinasefesm.com\/index.php\/wp-json\/wp\/v2\/tags?post=7098"}],"curies":[{"name":"wp","href":"https:\/\/api.w.org\/{rel}","templated":true}]}}