{"id":7104,"date":"2025-03-05T13:25:49","date_gmt":"2025-03-05T13:25:49","guid":{"rendered":"https:\/\/sinasefesm.com\/?p=7104"},"modified":"2025-03-05T13:25:49","modified_gmt":"2025-03-05T13:25:49","slug":"sinasefe-e-andes-sn-no-combate-as-opressoes","status":"publish","type":"post","link":"https:\/\/sinasefesm.com\/index.php\/2025\/03\/05\/sinasefe-e-andes-sn-no-combate-as-opressoes\/","title":{"rendered":"Sinasefe e Andes-SN no combate \u00e0s opress\u00f5es"},"content":{"rendered":"\n<p>Na \u00faltima quarta-feira (26\/02) ocorreu a primeira reuni\u00e3o entre os integrantes das diversas coordena\u00e7\u00f5es do Sinasefe de combate \u00e0s opress\u00f5es (<a href=\"https:\/\/sinasefe.org.br\/site\/documentos\/direcao-nacional\/coordenacao-de-politicas-para-mulheres\" target=\"_blank\" rel=\"noreferrer noopener\">Pol\u00edticas para as Mulheres<\/a>;\u00a0<a href=\"https:\/\/sinasefe.org.br\/site\/documentos\/direcao-nacional\/coordenacao-de-politicas-para-questoes-etnico-raciais\" target=\"_blank\" rel=\"noreferrer noopener\">Pol\u00edticas para Quest\u00f5es \u00c9tnico-Raciais<\/a>;\u00a0<a href=\"https:\/\/sinasefe.org.br\/site\/documentos\/direcao-nacional\/coordenacao-de-inclusao-e-acessibilidade\" target=\"_blank\" rel=\"noreferrer noopener\">Inclus\u00e3o e Acessibilidade<\/a>; e\u00a0<a href=\"https:\/\/sinasefe.org.br\/site\/documentos\/direcao-nacional\/coordenacao-lgbtqiapn\" target=\"_blank\" rel=\"noreferrer noopener\">Pol\u00edticas para LGBTQIAPN+<\/a>) e o Grupo de Trabalho de Pol\u00edtica de Classe para Quest\u00f5es \u00c9tnico-Raciais, de G\u00eanero e Diversidade Sexual (GTPCEGDS) do\u00a0<a href=\"https:\/\/www.andes.org.br\/\" target=\"_blank\" rel=\"noreferrer noopener\">Andes-SN<\/a>.<\/p>\n\n\n\n<p>O encontro teve como objetivo a apresenta\u00e7\u00e3o das entidades e das pessoas envolvidas nas diferentes frentes de trabalho. A expectativa \u00e9 que essa aproxima\u00e7\u00e3o entre as duas entidades da educa\u00e7\u00e3o possibilite a troca de experi\u00eancias e fortale\u00e7a a\u00e7\u00f5es e atividades em defesa de uma educa\u00e7\u00e3o emancipadora, livre, justa e socialmente diversa.<\/p>\n\n\n\n<p>O Andes-SN compartilhou sua experi\u00eancia com o Semin\u00e1rio Integrado, a cria\u00e7\u00e3o de Cartilhas Sobre o Combate aos Ass\u00e9dios e a Agenda de Mobiliza\u00e7\u00e3o Anual.<\/p>\n\n\n\n<p>Por sua vez, o Sinasefe apresentou a atua\u00e7\u00e3o de suas quatro coordena\u00e7\u00f5es, destacando o pioneirismo da Coordena\u00e7\u00e3o de Pol\u00edticas para as Mulheres, que prop\u00f4s uma a\u00e7\u00e3o conjunta na\u00a0<a href=\"https:\/\/sinasefe.org.br\/site\/10-a-12-03-jornada-de-lutas-pela-aprovacao-da-loa\" target=\"_blank\" rel=\"noreferrer noopener\">Jornada de Lutas pela Aprova\u00e7\u00e3o da LOA<\/a>\u00a0\u2013 prevista para ocorrer de 10 a 12 de mar\u00e7o, al\u00e9m da realiza\u00e7\u00e3o de atividades na semana seguinte, em alus\u00e3o ao M\u00eas da Mulher.<\/p>\n\n\n\n<p>A Coordena\u00e7\u00e3o de Inclus\u00e3o e Acessibilidade ressaltou as dificuldades das estruturas sindicais e das institui\u00e7\u00f5es de ensino em atender \u00e0s demandas espec\u00edficas de seus trabalhadores.<\/p>\n\n\n\n<p>J\u00e1 as Coordena\u00e7\u00f5es de Pol\u00edticas para Quest\u00f5es \u00c9tnico-Raciais e de Pol\u00edticas para LGBTQIAPN+, que anteriormente estavam unificadas na extinta Coordena\u00e7\u00e3o de Combate \u00e0s Opress\u00f5es, apresentaram um planejamento de a\u00e7\u00f5es para 2025, incluindo:<\/p>\n\n\n\n<ol class=\"wp-block-list\">\n<li><a href=\"https:\/\/sinasefe.org.br\/site\/1o-encontro-da-diversidade-sexual-do-sinasefe-18-a-22-06-em-sao-paulo-sp\" target=\"_blank\" rel=\"noreferrer noopener\">1\u00ba Encontro da Diversidade Sexual do SINASEFE<\/a>, a ser realizado durante a semana da\u00a0<a href=\"https:\/\/paradasp.org.br\/\" target=\"_blank\" rel=\"noreferrer noopener\">29\u00aa Parada do Orgulho LGBTQIAPN+<\/a>, em S\u00e3o Paulo-SP;<\/li>\n\n\n\n<li>3\u00ba\u00a0<a href=\"https:\/\/sinasefe.org.br\/site\/enniq\" target=\"_blank\" rel=\"noreferrer noopener\">Encontro de Negras, Negros, Ind\u00edgenas e Quilombolas do SINASEFE<\/a>, que acontecer\u00e1 em Bras\u00edlia-DF, durante a Marcha da Mulher Negra.<\/li>\n<\/ol>\n\n\n\n<p>Essa primeira reuni\u00e3o representou um importante passo na constru\u00e7\u00e3o de estrat\u00e9gias conjuntas de combate \u00e0s opress\u00f5es e no fortalecimento da luta sindical e educacional.<\/p>\n\n\n\n<p><em>Fonte e imagem: Sinasefe<br>Edi\u00e7\u00e3o: Fritz Rivail<\/em><\/p>\n","protected":false},"excerpt":{"rendered":"<p>Na \u00faltima quarta-feira (26\/02) ocorreu a primeira reuni\u00e3o entre os integrantes das diversas coordena\u00e7\u00f5es do Sinasefe de combate \u00e0s opress\u00f5es (Pol\u00edticas para as Mulheres;\u00a0Pol\u00edticas para Quest\u00f5es \u00c9tnico-Raciais;\u00a0Inclus\u00e3o e Acessibilidade; e\u00a0Pol\u00edticas para LGBTQIAPN+) e o Grupo de Trabalho de Pol\u00edtica de Classe para Quest\u00f5es \u00c9tnico-Raciais, de G\u00eanero e Diversidade Sexual (GTPCEGDS) do\u00a0Andes-SN. O encontro teve como<\/p>\n","protected":false},"author":7,"featured_media":7105,"comment_status":"closed","ping_status":"closed","sticky":true,"template":"","format":"standard","meta":{"footnotes":""},"categories":[37,42,45],"tags":[],"class_list":{"0":"post-7104","1":"post","2":"type-post","3":"status-publish","4":"format-standard","5":"has-post-thumbnail","7":"category-destaque","8":"category-noticia","9":"category-sindicato"},"_links":{"self":[{"href":"https:\/\/sinasefesm.com\/index.php\/wp-json\/wp\/v2\/posts\/7104","targetHints":{"allow":["GET"]}}],"collection":[{"href":"https:\/\/sinasefesm.com\/index.php\/wp-json\/wp\/v2\/posts"}],"about":[{"href":"https:\/\/sinasefesm.com\/index.php\/wp-json\/wp\/v2\/types\/post"}],"author":[{"embeddable":true,"href":"https:\/\/sinasefesm.com\/index.php\/wp-json\/wp\/v2\/users\/7"}],"replies":[{"embeddable":true,"href":"https:\/\/sinasefesm.com\/index.php\/wp-json\/wp\/v2\/comments?post=7104"}],"version-history":[{"count":0,"href":"https:\/\/sinasefesm.com\/index.php\/wp-json\/wp\/v2\/posts\/7104\/revisions"}],"wp:featuredmedia":[{"embeddable":true,"href":"https:\/\/sinasefesm.com\/index.php\/wp-json\/"}],"wp:attachment":[{"href":"https:\/\/sinasefesm.com\/index.php\/wp-json\/wp\/v2\/media?parent=7104"}],"wp:term":[{"taxonomy":"category","embeddable":true,"href":"https:\/\/sinasefesm.com\/index.php\/wp-json\/wp\/v2\/categories?post=7104"},{"taxonomy":"post_tag","embeddable":true,"href":"https:\/\/sinasefesm.com\/index.php\/wp-json\/wp\/v2\/tags?post=7104"}],"curies":[{"name":"wp","href":"https:\/\/api.w.org\/{rel}","templated":true}]}}