{"id":7107,"date":"2025-03-07T21:40:38","date_gmt":"2025-03-07T21:40:38","guid":{"rendered":"https:\/\/sinasefesm.com\/?p=7107"},"modified":"2025-03-07T21:40:38","modified_gmt":"2025-03-07T21:40:38","slug":"sinasefe-nacional-comunica-governo-e-reitoria-sobre-paralisacao","status":"publish","type":"post","link":"https:\/\/sinasefesm.com\/index.php\/2025\/03\/07\/sinasefe-nacional-comunica-governo-e-reitoria-sobre-paralisacao\/","title":{"rendered":"Sinasefe comunica governo sobre dias de paralisa\u00e7\u00e3o"},"content":{"rendered":"\n<p>Com o objetivo de cumprir os requisitos legais para a realiza\u00e7\u00e3o de paralisa\u00e7\u00e3o da categoria, o Sinasefe nacional oficiou tr\u00eas minist\u00e9rios na \u00faltima sexta-feira (28\/02). O protocolo de of\u00edcios foi realizado junto ao Minist\u00e9rio da Educa\u00e7\u00e3o (MEC), ao Minist\u00e9rio da Gest\u00e3o e da Inova\u00e7\u00e3o em Servi\u00e7os P\u00fablicos (MGI) e ao Minist\u00e9rio da Defesa (MD). A paralisa\u00e7\u00e3o de 48h, nos dias 11 e 12 de mar\u00e7o, faz parte da Jornada de Lutas pela Aprova\u00e7\u00e3o da Lei Or\u00e7ament\u00e1ria Anual (LOA) e pelo cumprimento dos acordos de greve.<\/p>\n\n\n\n<p>Al\u00e9m de protocolar os of\u00edcios, o SINASEFE enviou \u00e0s se\u00e7\u00f5es sindicais a minuta de of\u00edcio que deve ser encaminhada \u00e0s reitorias nos locais onde a categoria aderiu \u00e0 paralisa\u00e7\u00e3o.&nbsp;<a href=\"https:\/\/sinasefe.org.br\/site\/download\/minuta-de-oficio-sobre-jornada-de-lutas-e-paralisacao-da-categoria-11-e-12-de-marco\/\" target=\"_blank\" rel=\"noreferrer noopener\">Baixe aqui a minuta<\/a>&nbsp;(arquivo aberto, formato docx).<\/p>\n\n\n\n<p><em>\u201cO direito de paralisa\u00e7\u00e3o \u00e9 assegurado, competindo aos trabalhadores decidir sobre a oportunidade de exerc\u00ea-lo e sobre os interesses que devam por meio dele defender, n\u00e3o havendo outra alternativa diante da aus\u00eancia de respostas e n\u00e3o atendimento das reivindica\u00e7\u00f5es\u201d<\/em>, explica o sindicato nos documentos entregues.<\/p>\n\n\n\n<h3 class=\"wp-block-heading\">Of\u00edcios<\/h3>\n\n\n\n<p>O conte\u00fado dos of\u00edcios de paralisa\u00e7\u00e3o \u00e9 o mesmo para todos minist\u00e9rios, mudando apenas o destinat\u00e1rio.<\/p>\n\n\n\n<p><em>Fonte e imagem: Sinasefe<br>Edi\u00e7\u00e3o: Fritz Rivail<\/em><\/p>\n","protected":false},"excerpt":{"rendered":"<p>Com o objetivo de cumprir os requisitos legais para a realiza\u00e7\u00e3o de paralisa\u00e7\u00e3o da categoria, o Sinasefe nacional oficiou tr\u00eas minist\u00e9rios na \u00faltima sexta-feira (28\/02). O protocolo de of\u00edcios foi realizado junto ao Minist\u00e9rio da Educa\u00e7\u00e3o (MEC), ao Minist\u00e9rio da Gest\u00e3o e da Inova\u00e7\u00e3o em Servi\u00e7os P\u00fablicos (MGI) e ao Minist\u00e9rio da Defesa (MD). A<\/p>\n","protected":false},"author":7,"featured_media":7108,"comment_status":"closed","ping_status":"closed","sticky":true,"template":"","format":"standard","meta":{"footnotes":""},"categories":[37,42,45],"tags":[201,213],"class_list":{"0":"post-7107","1":"post","2":"type-post","3":"status-publish","4":"format-standard","5":"has-post-thumbnail","7":"category-destaque","8":"category-noticia","9":"category-sindicato","10":"tag-reajuste-salarial","11":"tag-servico-publico"},"_links":{"self":[{"href":"https:\/\/sinasefesm.com\/index.php\/wp-json\/wp\/v2\/posts\/7107","targetHints":{"allow":["GET"]}}],"collection":[{"href":"https:\/\/sinasefesm.com\/index.php\/wp-json\/wp\/v2\/posts"}],"about":[{"href":"https:\/\/sinasefesm.com\/index.php\/wp-json\/wp\/v2\/types\/post"}],"author":[{"embeddable":true,"href":"https:\/\/sinasefesm.com\/index.php\/wp-json\/wp\/v2\/users\/7"}],"replies":[{"embeddable":true,"href":"https:\/\/sinasefesm.com\/index.php\/wp-json\/wp\/v2\/comments?post=7107"}],"version-history":[{"count":0,"href":"https:\/\/sinasefesm.com\/index.php\/wp-json\/wp\/v2\/posts\/7107\/revisions"}],"wp:featuredmedia":[{"embeddable":true,"href":"https:\/\/sinasefesm.com\/index.php\/wp-json\/"}],"wp:attachment":[{"href":"https:\/\/sinasefesm.com\/index.php\/wp-json\/wp\/v2\/media?parent=7107"}],"wp:term":[{"taxonomy":"category","embeddable":true,"href":"https:\/\/sinasefesm.com\/index.php\/wp-json\/wp\/v2\/categories?post=7107"},{"taxonomy":"post_tag","embeddable":true,"href":"https:\/\/sinasefesm.com\/index.php\/wp-json\/wp\/v2\/tags?post=7107"}],"curies":[{"name":"wp","href":"https:\/\/api.w.org\/{rel}","templated":true}]}}