{"id":7112,"date":"2025-03-08T13:09:51","date_gmt":"2025-03-08T13:09:51","guid":{"rendered":"https:\/\/sinasefesm.com\/?p=7112"},"modified":"2025-03-08T13:09:51","modified_gmt":"2025-03-08T13:09:51","slug":"8-de-marco-sinasefe-em-defesa-da-vida-das-mulheres","status":"publish","type":"post","link":"https:\/\/sinasefesm.com\/index.php\/2025\/03\/08\/8-de-marco-sinasefe-em-defesa-da-vida-das-mulheres\/","title":{"rendered":"8 de Mar\u00e7o: Sinasefe em defesa da vida das mulheres"},"content":{"rendered":"\n<p>Neste s\u00e1bado (08\/03) o mundo celebra o Dia Internacional das Mulheres. O Sinasefe reafirma sua luta pela vida de todas as mulheres, em defesa da democracia, por trabalho digno, pela legaliza\u00e7\u00e3o do aborto, por repara\u00e7\u00e3o, bem viver e contra o fascismo e o racismo. Leia a nota completa da Coordena\u00e7\u00e3o de Pol\u00edtica para as Mulheres:<\/p>\n\n\n\n<p>&#8220;Mulheres em defesa da democracia, por trabalho digno, legaliza\u00e7\u00e3o do aborto, repara\u00e7\u00e3o e bem viver! Contra o fascismo e o racismo!<\/p>\n\n\n\n<p>No ano em que se completa uma d\u00e9cada da Primavera Feminista, movimento social que levou milhares de mulheres \u00e0s ruas e \u00e0s redes para denunciarem os ass\u00e9dios sofridos, bem como o enfrentamento \u00e0s propostas conservadoras que impediam a&nbsp;<a href=\"https:\/\/sinasefe.org.br\/site\/nao-a-pec-164-2012-gravidez-forcada-e-tortura-aborto-legal-e-direito\/\" target=\"_blank\" rel=\"noreferrer noopener\">garantia do direito ao aborto<\/a>, como o Projeto de Lei (PL) 5069\/2013, de autoria do ent\u00e3o deputado Eduardo Cunha, o m\u00eas de mar\u00e7o chega com a tarefa de reafirmar a import\u00e2ncia que o Movimento Feminista tem no processo de resist\u00eancia e luta aos retrocessos vividos pelas mulheres, sobretudo no \u00faltimo per\u00edodo hist\u00f3rico, atravessado por tentativas golpistas da extrema-direita em romper com a democracia brasileira.<\/p>\n\n\n\n<p>A Coordena\u00e7\u00e3o de Pol\u00edticas para Mulheres, compreendendo os desafios postos, mas ressaltando nossa responsabilidade no protagonismo de combate ao machismo, no fortalecimento da constru\u00e7\u00e3o da unidade com os movimentos sociais, al\u00e9m da necessidade de hierarquizar a luta contra a extrema-direita como horizontes da nossa constru\u00e7\u00e3o para o 8 de Mar\u00e7o (8M) e as lutas das mulheres no m\u00eas de mar\u00e7o, lan\u00e7a essa nota para subsidiar as constru\u00e7\u00f5es do SINASEFE, no \u00e2mbito das a\u00e7\u00f5es relacionadas ao tema.&nbsp;<\/p>\n\n\n\n<p>A partir do horizonte do movimento de mulheres, organizado nacionalmente, entendemos que a centralidade dos debates deve ser pautada por tem\u00e1ticas que atravessem o mote das mulheres: em defesa da democracia, por trabalho digno, pela legaliza\u00e7\u00e3o do aborto, pela repara\u00e7\u00e3o e bem viver, sobretudo na luta contra o fascismo e as diversas formas de preconceito e discrimina\u00e7\u00e3o. Esse mote ganha urg\u00eancia na atual conjuntura, sobretudo ap\u00f3s a elei\u00e7\u00e3o de&nbsp;<em>Donald Trump<\/em>, que visa n\u00e3o apenas impulsionar o avan\u00e7o do fascismo e da ofensiva da extrema direita, mas tamb\u00e9m implementar pol\u00edticas que s\u00e3o xenof\u00f3bicas, mis\u00f3ginas,&nbsp;<a href=\"https:\/\/sinasefe.org.br\/site\/racismo-institucional-e-seus-impactos-na-vida-das-mulheres-negras-das-ifes-11-11-16h\/\" target=\"_blank\" rel=\"noreferrer noopener\">racistas<\/a>&nbsp;e transf\u00f3bicas e atacam os direitos e garantias sociais da classe trabalhadora. Soma-se a isso a necessidade de exigir pris\u00e3o aos golpistas e repudiar qualquer tentativa de conceder anistia a eles, al\u00e9m de fazermos a defesa intransigente da democracia e do respeito aos direitos humanos, em um contexto que tem mobilizado nosso sindicato a lutar pelo cumprimento dos termos dos acordos da greve de 2024.&nbsp;<\/p>\n\n\n\n<p>Frente ao cen\u00e1rio, compreendemos a necessidade de radicalizarmos os debates que versam sobre as condi\u00e7\u00f5es de vida das mulheres, entendendo que somos a maioria da popula\u00e7\u00e3o e que vivenciamos, muitas vezes trabalhos precarizados, com duplas e triplas jornadas, atreladas aos cuidados e responsabilidades com as nossas casas e com as nossas fam\u00edlias.&nbsp;<\/p>\n\n\n\n<p>Dessa forma, o nosso horizonte de lutas aponta para a import\u00e2ncia de exigirmos a socializa\u00e7\u00e3o do trabalho dom\u00e9stico, a urg\u00eancia do Estado em arcar com pol\u00edticas sociais para gera\u00e7\u00e3o de emprego e renda, al\u00e9m de equipamentos p\u00fablicos, como creches e restaurantes populares. Ainda nos mostra a urg\u00eancia de revoga\u00e7\u00e3o da reforma trabalhista&nbsp; e combate \u00e0 precariza\u00e7\u00e3o do trabalho, com o fim da escala 6\u00d71 e a revis\u00e3o das tabelas de Imposto de Renda para quem recebe at\u00e9 R$ 5.000,00.&nbsp;<\/p>\n\n\n\n<p>No \u00e2mbito da import\u00e2ncia do nosso papel para enfrentarmos o avan\u00e7o da extrema-direita, o m\u00eas de mar\u00e7o nos afirma a necessidade de garantirmos os direitos sexuais e reprodutivos a todas as pessoas que gestam, al\u00e9m do fortalecimento dos nossos trabalhos de base e de organiza\u00e7\u00e3o das mulheres nas diversas estruturas e territ\u00f3rios em que nos incidimos enquanto classe trabalhadora, tendo em vista a viv\u00eancia e lat\u00eancia de express\u00f5es da precariza\u00e7\u00e3o da vida e do trabalho, como o adoecimento f\u00edsico e mental, o endividamento, a viol\u00eancia em suas distintas facetas, como os ass\u00e9dios e feminic\u00eddios, a elimina\u00e7\u00e3o de formas de escravid\u00e3o contempor\u00e2nea, o genoc\u00eddio da popula\u00e7\u00e3o negra e dos povos origin\u00e1rios, dentre outros.&nbsp;<\/p>\n\n\n\n<p>No que tange especificamente \u00e0s servidoras federais da Educa\u00e7\u00e3o B\u00e1sica, T\u00e9cnica e Tecnol\u00f3gica \u00e9 indispens\u00e1vel aprofundarmos o debate sobre as condi\u00e7\u00f5es de trabalho e participa\u00e7\u00e3o das mulheres na gest\u00e3o dos institutos e demais escolas da Rede Federal. Embora o discurso sobre igualdade de condi\u00e7\u00f5es e acesso a espa\u00e7os dentro do servi\u00e7o p\u00fablico ainda seja predominante, as duplas e triplas jornadas de trabalho a que as servidoras federais, assim como quaisquer outras mulheres trabalhadoras, s\u00e3o submetidas dificultam a forma\u00e7\u00e3o continuada que garante acesso \u00e0s fun\u00e7\u00f5es e cargos de gest\u00e3o. Em um ambiente profunda e historicamente masculino e machista, a falta de forma\u00e7\u00e3o fecha portas, o que por sua vez impede que grande parte das servidoras tenham oportunidade de adquirir experi\u00eancia na gest\u00e3o, alimentando um c\u00edrculo vicioso onde mulheres t\u00eam poucas oportunidades de contribuir para o desenvolvimento de pol\u00edticas educacionais e administrativas em seus ambientes de trabalho. Soma-se a isso uma realidade de ass\u00e9dio moral e, muitas vezes, sexual a que n\u00f3s, servidoras federais, estamos diariamente submetidas e constr\u00f3i-se a realidade de adoecimento e desvaloriza\u00e7\u00e3o das mulheres em nossa Rede.&nbsp;<\/p>\n\n\n\n<p>Quanto a isso, \u00e9 primordial que lutemos por pol\u00edticas p\u00fablicas que busquem garantir oportunidades de forma\u00e7\u00e3o e acesso de mulheres aos cargos e fun\u00e7\u00f5es de gest\u00e3o, bem como garantir um ambiente de trabalho seguro, digno e garanta a sa\u00fade f\u00edsica e mental das trabalhadoras da educa\u00e7\u00e3o federal.&nbsp;<\/p>\n\n\n\n<p>Diante do exposto, a Coordena\u00e7\u00e3o de Pol\u00edticas para Mulheres defende que o SINASEFE e suas se\u00e7\u00f5es encampem processos que construam a unidade em torno da organiza\u00e7\u00e3o e luta das mulheres, sobretudo no \u00e2mbito da melhoria das suas condi\u00e7\u00f5es de trabalho, de carreira, de participa\u00e7\u00e3o social e de vida. \u00c9 basilar que fa\u00e7amos a constru\u00e7\u00e3o e o incentivo para a realiza\u00e7\u00e3o de a\u00e7\u00f5es que permitam ampliar a igualdade e equidade de direitos, de poder e de oportunidades de participa\u00e7\u00e3o na vida p\u00fablica e pol\u00edtica.<\/p>\n\n\n\n<p><strong>S<\/strong><strong>INASEFE<\/strong><strong>&nbsp;pela vida das mulheres!<\/strong><\/p>\n\n\n\n<p><strong>Coordena\u00e7\u00e3o de Pol\u00edtica para as Mulheres do SINASEFE<\/strong><br>(Fl\u00e1via C\u00e2ndida do N. de Souza e Grazielle Nayara Fel\u00edcio Silva)<\/p>\n","protected":false},"excerpt":{"rendered":"<p>Neste s\u00e1bado (08\/03) o mundo celebra o Dia Internacional das Mulheres. O Sinasefe reafirma sua luta pela vida de todas as mulheres, em defesa da democracia, por trabalho digno, pela legaliza\u00e7\u00e3o do aborto, por repara\u00e7\u00e3o, bem viver e contra o fascismo e o racismo. Leia a nota completa da Coordena\u00e7\u00e3o de Pol\u00edtica para as Mulheres:<\/p>\n","protected":false},"author":7,"featured_media":7113,"comment_status":"closed","ping_status":"closed","sticky":true,"template":"","format":"standard","meta":{"footnotes":""},"categories":[41,42,45],"tags":[],"class_list":{"0":"post-7112","1":"post","2":"type-post","3":"status-publish","4":"format-standard","5":"has-post-thumbnail","7":"category-movimento","8":"category-noticia","9":"category-sindicato"},"_links":{"self":[{"href":"https:\/\/sinasefesm.com\/index.php\/wp-json\/wp\/v2\/posts\/7112","targetHints":{"allow":["GET"]}}],"collection":[{"href":"https:\/\/sinasefesm.com\/index.php\/wp-json\/wp\/v2\/posts"}],"about":[{"href":"https:\/\/sinasefesm.com\/index.php\/wp-json\/wp\/v2\/types\/post"}],"author":[{"embeddable":true,"href":"https:\/\/sinasefesm.com\/index.php\/wp-json\/wp\/v2\/users\/7"}],"replies":[{"embeddable":true,"href":"https:\/\/sinasefesm.com\/index.php\/wp-json\/wp\/v2\/comments?post=7112"}],"version-history":[{"count":0,"href":"https:\/\/sinasefesm.com\/index.php\/wp-json\/wp\/v2\/posts\/7112\/revisions"}],"wp:featuredmedia":[{"embeddable":true,"href":"https:\/\/sinasefesm.com\/index.php\/wp-json\/"}],"wp:attachment":[{"href":"https:\/\/sinasefesm.com\/index.php\/wp-json\/wp\/v2\/media?parent=7112"}],"wp:term":[{"taxonomy":"category","embeddable":true,"href":"https:\/\/sinasefesm.com\/index.php\/wp-json\/wp\/v2\/categories?post=7112"},{"taxonomy":"post_tag","embeddable":true,"href":"https:\/\/sinasefesm.com\/index.php\/wp-json\/wp\/v2\/tags?post=7112"}],"curies":[{"name":"wp","href":"https:\/\/api.w.org\/{rel}","templated":true}]}}