{"id":7115,"date":"2025-03-10T21:57:42","date_gmt":"2025-03-10T21:57:42","guid":{"rendered":"https:\/\/sinasefesm.com\/?p=7115"},"modified":"2025-03-10T21:57:42","modified_gmt":"2025-03-10T21:57:42","slug":"governo-ainda-busca-votos-para-aprovacao-da-loa-2025","status":"publish","type":"post","link":"https:\/\/sinasefesm.com\/index.php\/2025\/03\/10\/governo-ainda-busca-votos-para-aprovacao-da-loa-2025\/","title":{"rendered":"Governo ainda busca votos para aprova\u00e7\u00e3o da LOA 2025"},"content":{"rendered":"\n<p>O governo federal ainda est\u00e1 reunindo votos e alinhando entendimentos para aprovar a Lei Or\u00e7ament\u00e1ria Anual (LOA) de 2025 no Congresso Nacional. A informa\u00e7\u00e3o foi dada pela deputada Benedita da Silva (PT-RJ) durante manifesta\u00e7\u00e3o da Jornada de Lutas pela aprova\u00e7\u00e3o da LOA e pelo cumprimento dos acordos de greve. O SINASEFE participou da atividade no Aeroporto Juscelino Kubitschek, em Bras\u00edlia-DF, nesta segunda-feira (10\/03) iniciando a agenda da Jornada.<\/p>\n\n\n\n<p>Ao longo desta Jornada, as(os) lutadoras(es) refor\u00e7am a cobran\u00e7a pela aprova\u00e7\u00e3o urgente da LOA 2025, que viabilizar\u00e1 o pagamento dos reajustes conquistados na \u00faltima greve da categoria. Aprovar a LOA tamb\u00e9m \u00e9 fundamental para a manuten\u00e7\u00e3o de pol\u00edticas sociais em \u00e1reas estrat\u00e9gicas para o pa\u00eds, como sa\u00fade, educa\u00e7\u00e3o e seguran\u00e7a p\u00fablica.<\/p>\n\n\n\n<p>A Jornada ter\u00e1 atividades regionais e caravanas para atos em Bras\u00edlia-DF, al\u00e9m de uma paralisa\u00e7\u00e3o nacional de 48 horas, que acontecer\u00e1 nos dias 11 e 12 de mar\u00e7o.\u00a0<a href=\"https:\/\/sinasefe.org.br\/site\/10-a-12-03-jornada-de-lutas-pela-aprovacao-da-loa-2\/\" target=\"_blank\" rel=\"noreferrer noopener\">Confira aqui a programa\u00e7\u00e3o<\/a>\u00a0das atividades em Bras\u00edlia.<\/p>\n\n\n\n<p><em>Fonte e imagens: Sinasefe nacional<br>Edi\u00e7\u00e3o: Fritz Rivail<\/em><\/p>\n","protected":false},"excerpt":{"rendered":"<p>O governo federal ainda est\u00e1 reunindo votos e alinhando entendimentos para aprovar a Lei Or\u00e7ament\u00e1ria Anual (LOA) de 2025 no Congresso Nacional. A informa\u00e7\u00e3o foi dada pela deputada Benedita da Silva (PT-RJ) durante manifesta\u00e7\u00e3o da Jornada de Lutas pela aprova\u00e7\u00e3o da LOA e pelo cumprimento dos acordos de greve. O SINASEFE participou da atividade no<\/p>\n","protected":false},"author":7,"featured_media":7116,"comment_status":"closed","ping_status":"closed","sticky":true,"template":"","format":"standard","meta":{"footnotes":""},"categories":[37,42,45],"tags":[201,213],"class_list":{"0":"post-7115","1":"post","2":"type-post","3":"status-publish","4":"format-standard","5":"has-post-thumbnail","7":"category-destaque","8":"category-noticia","9":"category-sindicato","10":"tag-reajuste-salarial","11":"tag-servico-publico"},"_links":{"self":[{"href":"https:\/\/sinasefesm.com\/index.php\/wp-json\/wp\/v2\/posts\/7115","targetHints":{"allow":["GET"]}}],"collection":[{"href":"https:\/\/sinasefesm.com\/index.php\/wp-json\/wp\/v2\/posts"}],"about":[{"href":"https:\/\/sinasefesm.com\/index.php\/wp-json\/wp\/v2\/types\/post"}],"author":[{"embeddable":true,"href":"https:\/\/sinasefesm.com\/index.php\/wp-json\/wp\/v2\/users\/7"}],"replies":[{"embeddable":true,"href":"https:\/\/sinasefesm.com\/index.php\/wp-json\/wp\/v2\/comments?post=7115"}],"version-history":[{"count":0,"href":"https:\/\/sinasefesm.com\/index.php\/wp-json\/wp\/v2\/posts\/7115\/revisions"}],"wp:featuredmedia":[{"embeddable":true,"href":"https:\/\/sinasefesm.com\/index.php\/wp-json\/"}],"wp:attachment":[{"href":"https:\/\/sinasefesm.com\/index.php\/wp-json\/wp\/v2\/media?parent=7115"}],"wp:term":[{"taxonomy":"category","embeddable":true,"href":"https:\/\/sinasefesm.com\/index.php\/wp-json\/wp\/v2\/categories?post=7115"},{"taxonomy":"post_tag","embeddable":true,"href":"https:\/\/sinasefesm.com\/index.php\/wp-json\/wp\/v2\/tags?post=7115"}],"curies":[{"name":"wp","href":"https:\/\/api.w.org\/{rel}","templated":true}]}}