{"id":7119,"date":"2025-03-12T21:56:19","date_gmt":"2025-03-12T21:56:19","guid":{"rendered":"https:\/\/sinasefesm.com\/?p=7119"},"modified":"2025-03-12T21:56:19","modified_gmt":"2025-03-12T21:56:19","slug":"sindicato-pressiona-parlamentares-a-votar-a-loa-2025","status":"publish","type":"post","link":"https:\/\/sinasefesm.com\/index.php\/2025\/03\/12\/sindicato-pressiona-parlamentares-a-votar-a-loa-2025\/","title":{"rendered":"Sindicato pressiona parlamentares a votar a LOA 2025"},"content":{"rendered":"\n<p><em>\u201cCongresso Nacional; Acabou o carnaval; Bora trabalhar; Vota a LOA, j\u00e1! Sen\u00e3o, sen\u00e3o o Brasil vai parar; Sem anistia!\u201d<\/em>. Foi com essas palavras de ordem em tom musical que o Sinasefe prosseguiu as atividades do segundo dia (11\/03) da Jornada de Lutas. <\/p>\n\n\n\n<p>Em Bras\u00edlia-DF foram realizadas atividades no Congresso Nacional e no aeroporto. Nos locais de trabalho foram registradas paralisa\u00e7\u00f5es, panfletagens e assembleias em institui\u00e7\u00f5es de ensino das cinco regi\u00f5es do pa\u00eds, refor\u00e7ando a urg\u00eancia da aprova\u00e7\u00e3o da Lei Or\u00e7ament\u00e1ria Anual (LOA) de 2025 e do cumprimento dos acordos de greve.<\/p>\n\n\n\n<h3 class=\"wp-block-heading\">Manifesta\u00e7\u00e3o no aeroporto<\/h3>\n\n\n\n<p>O segundo dia da Jornada de Lutas foi aberto nesta ter\u00e7a-feira (11\/03) com nova recep\u00e7\u00e3o aos parlamentares no Aeroporto Juscelino Kubitschek, em Bras\u00edlia-DF. Entoando palavras de ordem e marchinhas, com cartazes, faixas e muita disposi\u00e7\u00e3o de luta, sindicalizadas(os) de v\u00e1rios estados e integrantes da Dire\u00e7\u00e3o Nacional deixaram marcado o recado de toda categoria:\u00a0<em><strong>aprova a LOA j\u00e1!<\/strong><\/em><\/p>\n\n\n\n<h3 class=\"wp-block-heading\">Semin\u00e1rio<\/h3>\n\n\n\n<p>O Semin\u00e1rio\u00a0<em>\u201cO Fim do Regime Jur\u00eddico \u00danico dos Servidores<\/em>\u201d aconteceu tamb\u00e9m na manh\u00e3 de ter\u00e7a-feira (11\/03) na C\u00e2mara dos Deputados, em Bras\u00edlia-DF, e fez parte da programa\u00e7\u00e3o da Jornada de Lutas.<br><br>A Dire\u00e7\u00e3o Nacional e v\u00e1rias se\u00e7\u00f5es sindicais do Sinasefe estiveram na atividade, junto de outras entidades do funcionalismo federal, refor\u00e7ando a cobran\u00e7a pela aprova\u00e7\u00e3o urgente da LOA de 2025, que viabilizar\u00e1 o pagamento dos reajustes conquistados na Greve de 2024.<\/p>\n\n\n\n<figure class=\"wp-block-image size-full is-resized\"><img decoding=\"async\" src=\"https:\/\/sinasefesm.com\/wp-content\/uploads\/2025\/03\/Jornada-de-lutas-seminario-RJU-11.03.jpg\" alt=\"\" class=\"wp-image-7121\" style=\"width:647px;height:auto\"\/><\/figure>\n\n\n\n<h3 class=\"wp-block-heading\">Atividades no Congresso Nacional<\/h3>\n\n\n\n<p>Prosseguindo com as atividades da Jornada de Lutas, o Sinasefe esteve no Congresso Nacional na tarde de ter\u00e7a. Al\u00e9m de conversar com parlamentares, as(os) lutadoras(es) acompanharam as atividades da Comiss\u00e3o Mista de Or\u00e7amento do Congresso Nacional (CMO), inst\u00e2ncia que re\u00fane deputadas(os) e senadoras(es) e \u00e9 respons\u00e1vel pela an\u00e1lise de temas como a Lei Or\u00e7ament\u00e1ria Anual (LOA). Existia uma possibilidade de an\u00e1lise do relat\u00f3rio da LOA e tamb\u00e9m de realiza\u00e7\u00e3o de uma\u00a0<a href=\"https:\/\/www.camara.leg.br\/noticias\/1138168-lideres-da-cmo-se-reunem-nesta-terca-para-discutir-relatorio-final-do-orcamento-de-2025\/\" target=\"_blank\" rel=\"noreferrer noopener\">reuni\u00e3o de l\u00edderes nesta comiss\u00e3o<\/a>, por\u00e9m, nenhuma destas atividades aconteceu. A CMO realizou apenas uma reuni\u00e3o ordin\u00e1ria pautando a MP 1265\/2024, que durou poucos minutos.<\/p>\n\n\n\n<h3 class=\"wp-block-heading\">Paralisa\u00e7\u00f5es<\/h3>\n\n\n\n<p>Al\u00e9m das mobiliza\u00e7\u00f5es em Bras\u00edlia-DF, foram realizadas dezenas de atividades nas cinco regi\u00f5es brasileiras. As se\u00e7\u00f5es sindicais que organizam trabalhadores do Ifac, Ifal, IFG (campus Jata\u00ed), IFS, IFSul e Col\u00e9gio Pedro II\u00a0<a href=\"https:\/\/sinasefe.org.br\/site\/paralisacao-sinasefe-oficia-ministerios-e-divulga-minuta-para-informar-reitorias\/\" target=\"_blank\" rel=\"noreferrer noopener\">aprovaram paralisa\u00e7\u00f5es<\/a>\u00a0no \u00e2mbito desta Jornada de Lutas.<\/p>\n\n\n\n<p><em>Fonte e imagens: Sinasefe Nacional<br>Edi\u00e7\u00e3o: Fritz Rivail<\/em><\/p>\n","protected":false},"excerpt":{"rendered":"<p>\u201cCongresso Nacional; Acabou o carnaval; Bora trabalhar; Vota a LOA, j\u00e1! Sen\u00e3o, sen\u00e3o o Brasil vai parar; Sem anistia!\u201d. Foi com essas palavras de ordem em tom musical que o Sinasefe prosseguiu as atividades do segundo dia (11\/03) da Jornada de Lutas. Em Bras\u00edlia-DF foram realizadas atividades no Congresso Nacional e no aeroporto. Nos locais<\/p>\n","protected":false},"author":7,"featured_media":7120,"comment_status":"closed","ping_status":"closed","sticky":true,"template":"","format":"standard","meta":{"footnotes":""},"categories":[41,42,45],"tags":[201,213],"class_list":{"0":"post-7119","1":"post","2":"type-post","3":"status-publish","4":"format-standard","5":"has-post-thumbnail","7":"category-movimento","8":"category-noticia","9":"category-sindicato","10":"tag-reajuste-salarial","11":"tag-servico-publico"},"_links":{"self":[{"href":"https:\/\/sinasefesm.com\/index.php\/wp-json\/wp\/v2\/posts\/7119","targetHints":{"allow":["GET"]}}],"collection":[{"href":"https:\/\/sinasefesm.com\/index.php\/wp-json\/wp\/v2\/posts"}],"about":[{"href":"https:\/\/sinasefesm.com\/index.php\/wp-json\/wp\/v2\/types\/post"}],"author":[{"embeddable":true,"href":"https:\/\/sinasefesm.com\/index.php\/wp-json\/wp\/v2\/users\/7"}],"replies":[{"embeddable":true,"href":"https:\/\/sinasefesm.com\/index.php\/wp-json\/wp\/v2\/comments?post=7119"}],"version-history":[{"count":0,"href":"https:\/\/sinasefesm.com\/index.php\/wp-json\/wp\/v2\/posts\/7119\/revisions"}],"wp:featuredmedia":[{"embeddable":true,"href":"https:\/\/sinasefesm.com\/index.php\/wp-json\/"}],"wp:attachment":[{"href":"https:\/\/sinasefesm.com\/index.php\/wp-json\/wp\/v2\/media?parent=7119"}],"wp:term":[{"taxonomy":"category","embeddable":true,"href":"https:\/\/sinasefesm.com\/index.php\/wp-json\/wp\/v2\/categories?post=7119"},{"taxonomy":"post_tag","embeddable":true,"href":"https:\/\/sinasefesm.com\/index.php\/wp-json\/wp\/v2\/tags?post=7119"}],"curies":[{"name":"wp","href":"https:\/\/api.w.org\/{rel}","templated":true}]}}