{"id":7123,"date":"2025-03-13T19:02:52","date_gmt":"2025-03-13T19:02:52","guid":{"rendered":"https:\/\/sinasefesm.com\/?p=7123"},"modified":"2025-03-13T19:02:52","modified_gmt":"2025-03-13T19:02:52","slug":"conselho-de-etica-do-sinasefe-reforca-transparencia","status":"publish","type":"post","link":"https:\/\/sinasefesm.com\/index.php\/2025\/03\/13\/conselho-de-etica-do-sinasefe-reforca-transparencia\/","title":{"rendered":"Conselho de \u00c9tica do Sinasefe refor\u00e7a transpar\u00eancia"},"content":{"rendered":"\n<p>Na \u00faltima segunda-feira (10\/03) teve in\u00edcio o primeiro encontro presencial do Conselho de \u00c9tica do Sinasefe, que ser\u00e1 finalizado nesta sexta (14\/03). Conduzido por tr\u00eas das cinco representantes titulares do Conselho, Ana Quezia Carneiro, Cynthia Mattosinho e Sara Cordeiro, o encontro teve o objetivo de revisar e aprimorar os mecanismos de den\u00fancia, garantindo que todos os casos sejam tratados com a seriedade e a confidencialidade necess\u00e1rias, al\u00e9m de assegurar a celeridade nos processos.<\/p>\n\n\n\n<p>Desde o in\u00edcio do mandato,&nbsp;<a href=\"https:\/\/sinasefe.org.br\/consinasefe\/2024\/09\/08\/eleicao-do-conselho-de-etica-2024-2026-confira-o-resultado\/\" target=\"_blank\" rel=\"noreferrer noopener\">eleito no 36\u00ba CONSINASEFE<\/a>, e in\u00edcio de seus dos trabalhos, em 13 de setembro de 2024, quando ocorreu a primeira reuni\u00e3o virtual via&nbsp;<em>GoogleMeet<\/em>, o Conselho de \u00c9tica tem trabalhado para consolidar um ambiente sindical baseado na justi\u00e7a, na transpar\u00eancia e no respeito. O grupo j\u00e1 realizou 12 encontros de modo virtual ao longo destes seis meses.<\/p>\n\n\n\n<p><em>\u201cA atua\u00e7\u00e3o do Conselho de \u00c9tica do SINASEFE tem sido pautada pelo compromisso cont\u00ednuo com a transpar\u00eancia e a organiza\u00e7\u00e3o dos processos internos. O apoio das coordena\u00e7\u00f5es gerais anteriores foi essencial para a continuidade dos trabalhos e o fortalecimento deste Conselho\u201d<\/em>&nbsp;destacam as conselheiras que est\u00e3o em Bras\u00edlia-DF.<\/p>\n\n\n\n<p>Segundo Cynthia Mattosinho, o Conselho realizou diversas reuni\u00f5es, garantindo uma transi\u00e7\u00e3o eficiente e alinhada entre os conselheiros e as conselheiras. Entre as principais a\u00e7\u00f5es desta nova gest\u00e3o, destacam-se o aperfei\u00e7oamento dos fluxos de den\u00fancias \u2013 ferramenta essencial para a organiza\u00e7\u00e3o e visualiza\u00e7\u00e3o das atividades internas \u2013 e o desenvolvimento da plataforma&nbsp;<em>\u201cFala SINASEFE\u201d<\/em>, um canal seguro e estruturado para o recebimento e acompanhamento de den\u00fancias.<\/p>\n\n\n\n<p><em>\u201cAp\u00f3s meses de tratativas, ocorreu a reuni\u00e3o presencial em Bras\u00edlia, um passo fundamental para o fortalecimento do trabalho do Conselho\u201d<\/em>, destaca Cynthia Mattosinho. O encontro teve como prop\u00f3sito elucidar aspectos t\u00e9cnicos e jur\u00eddicos junto ao advogado do Sinasefe, Valmir Floriano Vieira de Andrade, al\u00e9m de alinhar diretrizes de seguran\u00e7a da plataforma de den\u00fancias com o setor de TI. Ainda na capital federal, o Conselho realizou uma confer\u00eancia detalhada de todos os documentos f\u00edsicos arquivados na sede do sindicato, totalizando mais de 3.000 p\u00e1ginas revisadas manualmente por tr\u00eas conselheiras.<\/p>\n\n\n\n<p>Ana Quezia Carneiro refor\u00e7a a import\u00e2ncia do Conselho de \u00c9tica como um espa\u00e7o n\u00e3o apenas de fiscaliza\u00e7\u00e3o, mas tamb\u00e9m de acolhimento.&nbsp;<em>\u201cO Conselho deve ser mais do que um guardi\u00e3o das normas; deve ser um espa\u00e7o de acolhimento, onde todas as vozes s\u00e3o ouvidas com respeito e empatia. Por meio de um di\u00e1logo transparente e justo, fortalecemos a confian\u00e7a e a uni\u00e3o entre os(as) trabalhadores(as), assegurando que a luta por direitos e melhores condi\u00e7\u00f5es de trabalho seja pautada pela integridade e pelo cuidado com cada indiv\u00edduo. Para isso, \u00e9 fundamental que o Conselho seja reconhecido e respeitado na condu\u00e7\u00e3o do seu trabalho\u201d<\/em>, defende Ana Quezia.<\/p>\n\n\n\n<p><em>\u201cNosso mandato tem como foco um ambiente sindical onde os princ\u00edpios de justi\u00e7a, transpar\u00eancia e respeito sejam sempre prioridade. Acreditamos que a \u00e9tica \u00e9 a base de qualquer organiza\u00e7\u00e3o s\u00f3lida e devemos estar constantemente empenhadas em manter e promover altos padr\u00f5es \u00e9ticos\u201d<\/em>, ressalta Sara Cordeiro.<\/p>\n\n\n\n<p><strong>Compromisso com a categoria e confidencialidade nos processos<\/strong><\/p>\n\n\n\n<p>O Conselho de \u00c9tica reafirma seu compromisso com a categoria e segue empenhado em aprimorar os mecanismos de apura\u00e7\u00e3o e acolhimento de den\u00fancias. O apoio da Dire\u00e7\u00e3o Nacional e a participa\u00e7\u00e3o ativa dos(as) sindicalizados(as) s\u00e3o fundamentais para fortalecer esse trabalho e garantir um ambiente sindical cada vez mais transparente e democr\u00e1tico.<\/p>\n\n\n\n<p>As den\u00fancias devem ser enviadas&nbsp;<strong>exclusivamente<\/strong>&nbsp;para o e-mail do Conselho de \u00c9tica (conselhoetica@sinasefe.org.br), sem c\u00f3pias para outras inst\u00e2ncias, garantindo a confidencialidade do processo.<\/p>\n\n\n\n<p><strong>Retrospectiva das a\u00e7\u00f5es do Conselho de \u00c9tica<\/strong><\/p>\n\n\n\n<ul class=\"wp-block-list\">\n<li>1\u00ba Reuni\u00e3o do Conselho \u2013 13 de setembro de 2024\u00a0\u2013 Presentes: membros titulares e suplentes do mandato 2024-2026; Coordena\u00e7\u00e3o Geral; Membros titulares do Mandato 2022 \u2013 2024;<\/li>\n\n\n\n<li>2\u00ba Reuni\u00e3o do Conselho \u2013 19 de setembro de 2024 \u2013 Presentes Membros titulares do mandato 2024-2026; Membros titulares do Mandato 2022 \u2013 2024;<\/li>\n\n\n\n<li>3\u00ba Reuni\u00e3o do Conselho \u2013 4 de outubro de 2024;<\/li>\n\n\n\n<li>4\u00ba Reuni\u00e3o do Conselho \u2013 10 de outubro de 2024 \u2013 Presentes: Membros titulares do mandato 2024-2026; Coordena\u00e7\u00e3o Geral e representante da Dire\u00e7\u00e3o Nacional;<\/li>\n\n\n\n<li>5\u00ba Reuni\u00e3o do Conselho \u2013 17 de outubro de 2024;<\/li>\n\n\n\n<li>6\u00ba Reuni\u00e3o do Conselho \u2013 24 de outubro de 2024;<\/li>\n\n\n\n<li>7\u00ba Reuni\u00e3o do Conselho \u2013 31 de outubro de 2024;<\/li>\n\n\n\n<li>8\u00ba Reuni\u00e3o do Conselho \u2013 18 de novembro de 2024;<\/li>\n\n\n\n<li>9\u00ba Reuni\u00e3o do Conselho \u2013 22 de novembro de 2024 \u2013 Presentes: Membros titulares do mandato 2024-2026; Coordena\u00e7\u00e3o Geral representante da Dire\u00e7\u00e3o Nacional;<\/li>\n\n\n\n<li>10\u00ba Reuni\u00e3o do Conselho \u2013 26 de novembro de 2024;<\/li>\n\n\n\n<li>Participa\u00e7\u00e3o na Reuni\u00e3o da Dire\u00e7\u00e3o Nacional \u2013 28 de novembro;<\/li>\n\n\n\n<li>11\u00ba Reuni\u00e3o do Conselho \u2013 05 de dezembro de 2024;<\/li>\n\n\n\n<li>12\u00ba Reuni\u00e3o do Conselho \u2013 10 de dezembro de 2024.<\/li>\n<\/ul>\n\n\n\n<h3 class=\"wp-block-heading\">Composi\u00e7\u00e3o do Conselho de \u00c9tica<\/h3>\n\n\n\n<h4 class=\"wp-block-heading\">Conselheiras(os)<\/h4>\n\n\n\n<ul class=\"wp-block-list\">\n<li>Ana Quezia Santos Carneiro \u2013 Se\u00e7\u00e3o Sindical IFBA e CMS-BA<\/li>\n\n\n\n<li>Cynthia Marise Santos Mattosinho \u2013 Se\u00e7\u00e3o Sindical IFS-SE<\/li>\n\n\n\n<li>Cleonice Almeida da Silva \u2013 Se\u00e7\u00e3o Sindical Crato-CE<\/li>\n\n\n\n<li>Nadson Silva dos Santos \u2013 Se\u00e7\u00e3o Sindical IFBA e CMS-BA<\/li>\n\n\n\n<li>Sara Lima Cordeiro \u2013 Se\u00e7\u00e3o Sindical Natal-RN<\/li>\n<\/ul>\n\n\n\n<h4 class=\"wp-block-heading\">Suplentes<\/h4>\n\n\n\n<ul class=\"wp-block-list\">\n<li>Antonia Nilda A. Cruz \u2013 Se\u00e7\u00e3o Sindical Maracan\u00e3-MA<\/li>\n\n\n\n<li>Danielle Lima Costa \u2013 Se\u00e7\u00e3o Sindical Maracan\u00e3-MA<\/li>\n\n\n\n<li>Elane de Souza Mafra \u2013 Se\u00e7\u00e3o Sindical Manaus-AM<\/li>\n\n\n\n<li>Francisco Edinaldo Diniz da Costa \u2013 Sindsifce-CE<\/li>\n\n\n\n<li>Jo\u00e3o Alves Pacheco \u2013 Se\u00e7\u00e3o Sindical IFSP-SP.  <\/li>\n<\/ul>\n\n\n\n<p><em>Fonte e imagem: Sinasefe Nacional<br>Edi\u00e7\u00e3o: Fritz Rivail<\/em><\/p>\n","protected":false},"excerpt":{"rendered":"<p>Na \u00faltima segunda-feira (10\/03) teve in\u00edcio o primeiro encontro presencial do Conselho de \u00c9tica do Sinasefe, que ser\u00e1 finalizado nesta sexta (14\/03). Conduzido por tr\u00eas das cinco representantes titulares do Conselho, Ana Quezia Carneiro, Cynthia Mattosinho e Sara Cordeiro, o encontro teve o objetivo de revisar e aprimorar os mecanismos de den\u00fancia, garantindo que todos<\/p>\n","protected":false},"author":7,"featured_media":7124,"comment_status":"closed","ping_status":"closed","sticky":true,"template":"","format":"standard","meta":{"footnotes":""},"categories":[37,41,45],"tags":[],"class_list":{"0":"post-7123","1":"post","2":"type-post","3":"status-publish","4":"format-standard","5":"has-post-thumbnail","7":"category-destaque","8":"category-movimento","9":"category-sindicato"},"_links":{"self":[{"href":"https:\/\/sinasefesm.com\/index.php\/wp-json\/wp\/v2\/posts\/7123","targetHints":{"allow":["GET"]}}],"collection":[{"href":"https:\/\/sinasefesm.com\/index.php\/wp-json\/wp\/v2\/posts"}],"about":[{"href":"https:\/\/sinasefesm.com\/index.php\/wp-json\/wp\/v2\/types\/post"}],"author":[{"embeddable":true,"href":"https:\/\/sinasefesm.com\/index.php\/wp-json\/wp\/v2\/users\/7"}],"replies":[{"embeddable":true,"href":"https:\/\/sinasefesm.com\/index.php\/wp-json\/wp\/v2\/comments?post=7123"}],"version-history":[{"count":0,"href":"https:\/\/sinasefesm.com\/index.php\/wp-json\/wp\/v2\/posts\/7123\/revisions"}],"wp:featuredmedia":[{"embeddable":true,"href":"https:\/\/sinasefesm.com\/index.php\/wp-json\/"}],"wp:attachment":[{"href":"https:\/\/sinasefesm.com\/index.php\/wp-json\/wp\/v2\/media?parent=7123"}],"wp:term":[{"taxonomy":"category","embeddable":true,"href":"https:\/\/sinasefesm.com\/index.php\/wp-json\/wp\/v2\/categories?post=7123"},{"taxonomy":"post_tag","embeddable":true,"href":"https:\/\/sinasefesm.com\/index.php\/wp-json\/wp\/v2\/tags?post=7123"}],"curies":[{"name":"wp","href":"https:\/\/api.w.org\/{rel}","templated":true}]}}