{"id":7126,"date":"2025-03-17T22:23:12","date_gmt":"2025-03-17T22:23:12","guid":{"rendered":"https:\/\/sinasefesm.com\/?p=7126"},"modified":"2025-03-17T22:23:12","modified_gmt":"2025-03-17T22:23:12","slug":"gt-que-discute-rsc-dos-taes-reune-se-dias-20-e-21-de-marco","status":"publish","type":"post","link":"https:\/\/sinasefesm.com\/index.php\/2025\/03\/17\/gt-que-discute-rsc-dos-taes-reune-se-dias-20-e-21-de-marco\/","title":{"rendered":"GT que discute RSC-TAES re\u00fane-se dias 20 e 21\/03"},"content":{"rendered":"\n<p>O Grupo de Trabalho (GT) que debate o Reconhecimento de Saberes e Compet\u00eancias para T\u00e9cnico-Administrativas(os) em Educa\u00e7\u00e3o (RSC-TAE) se reunir\u00e1 nos dias 20 e 21 de mar\u00e7o, em Bras\u00edlia-DF. O RSC-TAE est\u00e1 entre as conquistas do&nbsp;<a href=\"https:\/\/sinasefe.org.br\/site\/greve-2024\/\" target=\"_blank\" rel=\"noreferrer noopener\">movimento paredista<\/a>&nbsp;de 2024.<\/p>\n\n\n\n<p>O GT RSC-TAE existe no \u00e2mbito da Comiss\u00e3o Nacional de Supervis\u00e3o da Carreira dos Cargos T\u00e9cnico-Administrativos em Educa\u00e7\u00e3o (CNSCCTAE), que re\u00fane\u00a0<a href=\"https:\/\/sinasefe.org.br\/site\/supervisao-da-carreira-tae-portaria-nomeia-integrantes-da-cnscctae\/\" target=\"_blank\" rel=\"noreferrer noopener\">representantes tanto do SINASEFE<\/a>\u00a0quanto da Fasubra e do MEC.\u00a0<a href=\"https:\/\/sinasefe.org.br\/site\/informe-sobre-o-rsc-tae\/\" target=\"_blank\" rel=\"noreferrer noopener\">Saiba aqui<\/a>\u00a0os informes mais recentes deste GT.<\/p>\n\n\n\n<h3 class=\"wp-block-heading\">Proposta do Sinasefe de RSC-TAE<\/h3>\n\n\n\n<p>O&nbsp;<a href=\"https:\/\/sinasefe.org.br\/site\/sinasefe-cobra-criacao-do-rsc-tae-com-urgencia\/\" target=\"_blank\" rel=\"noreferrer noopener\">SINASEFE cobrou, em fevereiro passado,<\/a>&nbsp;a cria\u00e7\u00e3o urgente do RSC-TAE ressaltando que a formaliza\u00e7\u00e3o do RSC, j\u00e1 no primeiro trimestre ou quadrimestre de 2025, permitir\u00e1 ao governo a inclus\u00e3o natural desse instrumento na previs\u00e3o do Projeto de Lei Or\u00e7ament\u00e1ria (PLOA).<\/p>\n\n\n\n<p>O sindicato nacional defende a concess\u00e3o de RSC para servidoras(es) t\u00e9cnico-administrativas(os) h\u00e1 mais de dez anos. Aprovada nos f\u00f3runs do sindicato em dezembro de 2014, durante a 128\u00aa PLENA, a defesa do RSC-TAE foi pauta de v\u00e1rias greves na Rede Federal. O tema tamb\u00e9m foi abordado em diversos GTs de Carreira do Sinasefe e em plen\u00e1rias nacionais. Uma consulta p\u00fablica para este tema foi aberta pelo Senado e recebeu mais de 20 mil apoios, mas a proposta, infelizmente, n\u00e3o avan\u00e7ou por causa da restri\u00e7\u00e3o para este tipo de medida legislativa, que precisaria partir do Executivo.<\/p>\n\n\n\n<p>O Sinasefe protocolou, no in\u00edcio de 2024, sua proposta para o RSC-TAE. O documento apresenta uma sugest\u00e3o de mudan\u00e7a da\u00a0<a href=\"https:\/\/www.planalto.gov.br\/ccivil_03\/_ato2004-2006\/2005\/lei\/l11091.htm\" target=\"_blank\" rel=\"noreferrer noopener\">Lei n\u00ba 11.091\/05<\/a>, alterando a forma de percep\u00e7\u00e3o do Incentivo \u00e0 Qualifica\u00e7\u00e3o (IQ),\u00a0<a href=\"https:\/\/sinasefe.org.br\/site\/carreira-tae-sindicato-protocola-sua-minuta-de-rsc-para-tecnicasos\/\" target=\"_blank\" rel=\"noreferrer noopener\">relembre aqui<\/a>.<\/p>\n\n\n\n<p>Durante a\u00a0<a href=\"https:\/\/sinasefe.org.br\/site\/greve-2024\/\" target=\"_blank\" rel=\"noreferrer noopener\">Greve de 2024<\/a>, diante de intensa mobiliza\u00e7\u00e3o da categoria, a reivindica\u00e7\u00e3o hist\u00f3rica foi finalmente recebida pelo governo e formalizada no\u00a0<a href=\"https:\/\/sinasefe.org.br\/site\/sinasefe-assina-acordos-e-categoria-retoma-atividades-ate-03-07\/\" target=\"_blank\" rel=\"noreferrer noopener\">Termo de Acordo n\u00ba11\/2024 (cl\u00e1usula quarta)<\/a>.<\/p>\n\n\n\n<p><em>Fonte e imagem: Sinasefe nacional<br>Edi\u00e7\u00e3o: Fritz Rivail<\/em><\/p>\n","protected":false},"excerpt":{"rendered":"<p>O Grupo de Trabalho (GT) que debate o Reconhecimento de Saberes e Compet\u00eancias para T\u00e9cnico-Administrativas(os) em Educa\u00e7\u00e3o (RSC-TAE) se reunir\u00e1 nos dias 20 e 21 de mar\u00e7o, em Bras\u00edlia-DF. O RSC-TAE est\u00e1 entre as conquistas do&nbsp;movimento paredista&nbsp;de 2024. O GT RSC-TAE existe no \u00e2mbito da Comiss\u00e3o Nacional de Supervis\u00e3o da Carreira dos Cargos T\u00e9cnico-Administrativos em<\/p>\n","protected":false},"author":7,"featured_media":7127,"comment_status":"closed","ping_status":"closed","sticky":true,"template":"","format":"standard","meta":{"footnotes":""},"categories":[37,41,45],"tags":[260,201,213],"class_list":{"0":"post-7126","1":"post","2":"type-post","3":"status-publish","4":"format-standard","5":"has-post-thumbnail","7":"category-destaque","8":"category-movimento","9":"category-sindicato","10":"tag-greve","11":"tag-reajuste-salarial","12":"tag-servico-publico"},"_links":{"self":[{"href":"https:\/\/sinasefesm.com\/index.php\/wp-json\/wp\/v2\/posts\/7126","targetHints":{"allow":["GET"]}}],"collection":[{"href":"https:\/\/sinasefesm.com\/index.php\/wp-json\/wp\/v2\/posts"}],"about":[{"href":"https:\/\/sinasefesm.com\/index.php\/wp-json\/wp\/v2\/types\/post"}],"author":[{"embeddable":true,"href":"https:\/\/sinasefesm.com\/index.php\/wp-json\/wp\/v2\/users\/7"}],"replies":[{"embeddable":true,"href":"https:\/\/sinasefesm.com\/index.php\/wp-json\/wp\/v2\/comments?post=7126"}],"version-history":[{"count":0,"href":"https:\/\/sinasefesm.com\/index.php\/wp-json\/wp\/v2\/posts\/7126\/revisions"}],"wp:featuredmedia":[{"embeddable":true,"href":"https:\/\/sinasefesm.com\/index.php\/wp-json\/"}],"wp:attachment":[{"href":"https:\/\/sinasefesm.com\/index.php\/wp-json\/wp\/v2\/media?parent=7126"}],"wp:term":[{"taxonomy":"category","embeddable":true,"href":"https:\/\/sinasefesm.com\/index.php\/wp-json\/wp\/v2\/categories?post=7126"},{"taxonomy":"post_tag","embeddable":true,"href":"https:\/\/sinasefesm.com\/index.php\/wp-json\/wp\/v2\/tags?post=7126"}],"curies":[{"name":"wp","href":"https:\/\/api.w.org\/{rel}","templated":true}]}}