{"id":7134,"date":"2025-03-26T17:06:36","date_gmt":"2025-03-26T17:06:36","guid":{"rendered":"https:\/\/sinasefesm.com\/?p=7134"},"modified":"2025-03-26T17:06:36","modified_gmt":"2025-03-26T17:06:36","slug":"apos-intensa-pressao-congresso-aprova-loa-2025","status":"publish","type":"post","link":"https:\/\/sinasefesm.com\/index.php\/2025\/03\/26\/apos-intensa-pressao-congresso-aprova-loa-2025\/","title":{"rendered":"Ap\u00f3s intensa press\u00e3o, Congresso aprova LOA 2025"},"content":{"rendered":"\n<p>O\u00a0<a href=\"https:\/\/www.camara.leg.br\/noticias\/1142456-congresso-nacional-aprova-proposta-de-orcamento-de-2025\/\" target=\"_blank\" rel=\"noreferrer noopener\">Congresso Nacional aprovou<\/a>, \u00e0s 17h44 da \u00faltima quinta-feira (20\/03) o PLN 26\/2024, que trata da Lei Or\u00e7ament\u00e1ria Anual (LOA) de 2025. O Sinasefe esteve participando ativamente da luta para aprova\u00e7\u00e3o da LOA.<\/p>\n\n\n\n<p>Atrasada em mais de tr\u00eas meses, a aprova\u00e7\u00e3o vai viabilizar o andamento das pol\u00edticas p\u00fablicas do pa\u00eds e o pagamento dos reajustes conquistados pelas(os) servidoras(es) na greve de 2024.<\/p>\n\n\n\n<p>O Sinasefe sa\u00fada todas(os) trabalhadoras(es) que se somaram \u00e0s mobiliza\u00e7\u00f5es em Bras\u00edlia e ao redor do pa\u00eds para exigir a aprova\u00e7\u00e3o urgente do Or\u00e7amento.<\/p>\n","protected":false},"excerpt":{"rendered":"<p>O\u00a0Congresso Nacional aprovou, \u00e0s 17h44 da \u00faltima quinta-feira (20\/03) o PLN 26\/2024, que trata da Lei Or\u00e7ament\u00e1ria Anual (LOA) de 2025. O Sinasefe esteve participando ativamente da luta para aprova\u00e7\u00e3o da LOA. Atrasada em mais de tr\u00eas meses, a aprova\u00e7\u00e3o vai viabilizar o andamento das pol\u00edticas p\u00fablicas do pa\u00eds e o pagamento dos reajustes conquistados<\/p>\n","protected":false},"author":7,"featured_media":7135,"comment_status":"closed","ping_status":"closed","sticky":true,"template":"","format":"standard","meta":{"footnotes":""},"categories":[37,42,45],"tags":[201,213],"class_list":{"0":"post-7134","1":"post","2":"type-post","3":"status-publish","4":"format-standard","5":"has-post-thumbnail","7":"category-destaque","8":"category-noticia","9":"category-sindicato","10":"tag-reajuste-salarial","11":"tag-servico-publico"},"_links":{"self":[{"href":"https:\/\/sinasefesm.com\/index.php\/wp-json\/wp\/v2\/posts\/7134","targetHints":{"allow":["GET"]}}],"collection":[{"href":"https:\/\/sinasefesm.com\/index.php\/wp-json\/wp\/v2\/posts"}],"about":[{"href":"https:\/\/sinasefesm.com\/index.php\/wp-json\/wp\/v2\/types\/post"}],"author":[{"embeddable":true,"href":"https:\/\/sinasefesm.com\/index.php\/wp-json\/wp\/v2\/users\/7"}],"replies":[{"embeddable":true,"href":"https:\/\/sinasefesm.com\/index.php\/wp-json\/wp\/v2\/comments?post=7134"}],"version-history":[{"count":0,"href":"https:\/\/sinasefesm.com\/index.php\/wp-json\/wp\/v2\/posts\/7134\/revisions"}],"wp:featuredmedia":[{"embeddable":true,"href":"https:\/\/sinasefesm.com\/index.php\/wp-json\/"}],"wp:attachment":[{"href":"https:\/\/sinasefesm.com\/index.php\/wp-json\/wp\/v2\/media?parent=7134"}],"wp:term":[{"taxonomy":"category","embeddable":true,"href":"https:\/\/sinasefesm.com\/index.php\/wp-json\/wp\/v2\/categories?post=7134"},{"taxonomy":"post_tag","embeddable":true,"href":"https:\/\/sinasefesm.com\/index.php\/wp-json\/wp\/v2\/tags?post=7134"}],"curies":[{"name":"wp","href":"https:\/\/api.w.org\/{rel}","templated":true}]}}