{"id":7139,"date":"2025-03-26T17:15:45","date_gmt":"2025-03-26T17:15:45","guid":{"rendered":"https:\/\/sinasefesm.com\/?p=7139"},"modified":"2025-03-26T17:15:45","modified_gmt":"2025-03-26T17:15:45","slug":"sinasefe-solicita-audiencia-para-cobrar-acordos-da-greve","status":"publish","type":"post","link":"https:\/\/sinasefesm.com\/index.php\/2025\/03\/26\/sinasefe-solicita-audiencia-para-cobrar-acordos-da-greve\/","title":{"rendered":"Sinasefe solicita audi\u00eancia para cobrar acordos da greve"},"content":{"rendered":"\n<p>Cobrando o cumprimento dos acordos de greve, o Sinasefe oficiou o governo novamente nesta ter\u00e7a-feira (25\/03). O documento protocolado pelo sindicato solicita a realiza\u00e7\u00e3o de uma reuni\u00e3o com a Secretaria de Rela\u00e7\u00f5es Institucionais, destacando a import\u00e2ncia de um di\u00e1logo aberto e construtivo.<\/p>\n\n\n\n<p>Passados 272 dias da\u00a0<a href=\"https:\/\/sinasefe.org.br\/site\/sinasefe-assina-acordos-e-categoria-retoma-atividades-ate-03-07\/\" target=\"_blank\" rel=\"noreferrer noopener\">assinatura dos acordos<\/a>\u00a0da greve de 2024, realizada por milhares de docentes e t\u00e9cnico-administrativos em educa\u00e7\u00e3o (TAEs), o governo segue sem cumprir diversos itens previstos.<\/p>\n\n\n\n<p>Al\u00e9m das\u00a0<a href=\"https:\/\/sinasefe.org.br\/site\/acordos-de-greve-sindicato-reforca-cobranca-urgente-de-30-horas-rsc-tae-e-dispensa-de-ponto-docente\/\" target=\"_blank\" rel=\"noreferrer noopener\">repetidas cobran\u00e7as formais<\/a>, em 2025 o Sinasefe j\u00e1 se\u00a0<a href=\"https:\/\/sinasefe.org.br\/site\/sindicato-se-reuniu-com-conif-nesta-terca-28-01\/\" target=\"_blank\" rel=\"noreferrer noopener\">reuniu com o Conif fazendo a mesma solicita\u00e7\u00e3o<\/a>\u00a0(em 20\/01), al\u00e9m de pautar o tema durante a reuni\u00e3o da\u00a0<a href=\"https:\/\/sinasefe.org.br\/site\/informe-da-mesa-nacional-de-negociacao-permanente-de-20-02\/\" target=\"_blank\" rel=\"noreferrer noopener\">Mesa Permanente de Negocia\u00e7\u00e3o (MNNP), em 21\/02<\/a>. Tamb\u00e9m foram realizadas manifesta\u00e7\u00f5es e\u00a0<a href=\"https:\/\/sinasefe.org.br\/site\/jornada-de-lutas-congresso-nacional-bora-trabalhar-vota-a-loa-ja\/\" target=\"_blank\" rel=\"noreferrer noopener\">paralisa\u00e7\u00f5es nas cinco regi\u00f5es do pa\u00eds nos dias 11 e 12 de mar\u00e7o<\/a>, cobrando a aprova\u00e7\u00e3o urgente do Or\u00e7amento e o cumprimento dos acordos de greve.<\/p>\n\n\n\n<p><em>\u201cConsideramos que \u00e9 de extrema import\u00e2ncia abordar este assunto, a fim de garantir que os compromissos assumidos pelo governo sejam respeitados e que possamos avan\u00e7ar nas quest\u00f5es que afetam diretamente a categoria. Acreditamos que um di\u00e1logo aberto e construtivo \u00e9 fundamental para a<br>resolu\u00e7\u00e3o das pend\u00eancias e de um ambiente de trabalho mais justo e produtivo para todos os servidores\u201d<\/em>, defende o Sinasefe no of\u00edcio.<\/p>\n\n\n\n<p>Fonte e imagem: Sinasefe nacional<\/p>\n","protected":false},"excerpt":{"rendered":"<p>Cobrando o cumprimento dos acordos de greve, o Sinasefe oficiou o governo novamente nesta ter\u00e7a-feira (25\/03). O documento protocolado pelo sindicato solicita a realiza\u00e7\u00e3o de uma reuni\u00e3o com a Secretaria de Rela\u00e7\u00f5es Institucionais, destacando a import\u00e2ncia de um di\u00e1logo aberto e construtivo. Passados 272 dias da\u00a0assinatura dos acordos\u00a0da greve de 2024, realizada por milhares de<\/p>\n","protected":false},"author":7,"featured_media":7140,"comment_status":"closed","ping_status":"closed","sticky":true,"template":"","format":"standard","meta":{"footnotes":""},"categories":[41,42,45],"tags":[201,213],"class_list":{"0":"post-7139","1":"post","2":"type-post","3":"status-publish","4":"format-standard","5":"has-post-thumbnail","7":"category-movimento","8":"category-noticia","9":"category-sindicato","10":"tag-reajuste-salarial","11":"tag-servico-publico"},"_links":{"self":[{"href":"https:\/\/sinasefesm.com\/index.php\/wp-json\/wp\/v2\/posts\/7139","targetHints":{"allow":["GET"]}}],"collection":[{"href":"https:\/\/sinasefesm.com\/index.php\/wp-json\/wp\/v2\/posts"}],"about":[{"href":"https:\/\/sinasefesm.com\/index.php\/wp-json\/wp\/v2\/types\/post"}],"author":[{"embeddable":true,"href":"https:\/\/sinasefesm.com\/index.php\/wp-json\/wp\/v2\/users\/7"}],"replies":[{"embeddable":true,"href":"https:\/\/sinasefesm.com\/index.php\/wp-json\/wp\/v2\/comments?post=7139"}],"version-history":[{"count":0,"href":"https:\/\/sinasefesm.com\/index.php\/wp-json\/wp\/v2\/posts\/7139\/revisions"}],"wp:featuredmedia":[{"embeddable":true,"href":"https:\/\/sinasefesm.com\/index.php\/wp-json\/"}],"wp:attachment":[{"href":"https:\/\/sinasefesm.com\/index.php\/wp-json\/wp\/v2\/media?parent=7139"}],"wp:term":[{"taxonomy":"category","embeddable":true,"href":"https:\/\/sinasefesm.com\/index.php\/wp-json\/wp\/v2\/categories?post=7139"},{"taxonomy":"post_tag","embeddable":true,"href":"https:\/\/sinasefesm.com\/index.php\/wp-json\/wp\/v2\/tags?post=7139"}],"curies":[{"name":"wp","href":"https:\/\/api.w.org\/{rel}","templated":true}]}}