{"id":7142,"date":"2025-03-26T17:55:11","date_gmt":"2025-03-26T17:55:11","guid":{"rendered":"https:\/\/sinasefesm.com\/?p=7142"},"modified":"2025-03-26T17:55:11","modified_gmt":"2025-03-26T17:55:11","slug":"sinasefe-sm-participa-do-seminario-universidade-que-queremos","status":"publish","type":"post","link":"https:\/\/sinasefesm.com\/index.php\/2025\/03\/26\/sinasefe-sm-participa-do-seminario-universidade-que-queremos\/","title":{"rendered":"Sinasefe SM participa do semin\u00e1rio &#8220;Universidade que queremos&#8221;"},"content":{"rendered":"\n<p>Na quinta, 3 de abril, ocorre a edi\u00e7\u00e3o do\u00a0<em>Semin\u00e1rio &#8220;Universidade que queremos&#8221;<\/em>. O evento ocorrer\u00e1 a partir das 16h, no Audit\u00f3rio Wilson Aita (anexo C do Centro de Tecnologia, campus da UFSM em Santa Maria), e contar\u00e1 com a presen\u00e7a da professora M\u00e1rcia Barbosa, reitora da Universidade Federal do Rio Grande do Sul (UFRGS), como convidada especial.<\/p>\n\n\n\n<p>Entre os temas centrais do evento est\u00e3o pol\u00edticas de acesso, como cotas e formas de ingresso, quest\u00f5es de g\u00eanero e acessibilidade. As condi\u00e7\u00f5es de trabalho e sa\u00fade (f\u00edsica e mental) de docentes e t\u00e9cnicos-administrativos, al\u00e9m da perman\u00eancia estudantil (na gradua\u00e7\u00e3o e p\u00f3s-gradua\u00e7\u00e3o) tamb\u00e9m est\u00e3o no centro da pauta, bem como o financiamento das Institui\u00e7\u00f5es Federais de Ensino Superior (IFES).<\/p>\n\n\n\n<p>A atividade \u00e9 uma iniciativa da Sedufsm organizada em parceria com a Sinasefe SM, Assufsm, ATENS, e APG da UFSM. O semin\u00e1rio \u00e9 aberto a toda a comunidade acad\u00eamica e visa fomentar um debate amplo sobre os rumos da universidade e do ensino p\u00fablicos e de qualidade.<\/p>\n\n\n\n<p><em>Fonte e imagem: Sedufsm<\/em><\/p>\n","protected":false},"excerpt":{"rendered":"<p>Na quinta, 3 de abril, ocorre a edi\u00e7\u00e3o do\u00a0Semin\u00e1rio &#8220;Universidade que queremos&#8221;. O evento ocorrer\u00e1 a partir das 16h, no Audit\u00f3rio Wilson Aita (anexo C do Centro de Tecnologia, campus da UFSM em Santa Maria), e contar\u00e1 com a presen\u00e7a da professora M\u00e1rcia Barbosa, reitora da Universidade Federal do Rio Grande do Sul (UFRGS), como<\/p>\n","protected":false},"author":7,"featured_media":7143,"comment_status":"closed","ping_status":"closed","sticky":true,"template":"","format":"standard","meta":{"footnotes":""},"categories":[37,42,45],"tags":[201,225],"class_list":{"0":"post-7142","1":"post","2":"type-post","3":"status-publish","4":"format-standard","5":"has-post-thumbnail","7":"category-destaque","8":"category-noticia","9":"category-sindicato","10":"tag-reajuste-salarial","11":"tag-ufsm"},"_links":{"self":[{"href":"https:\/\/sinasefesm.com\/index.php\/wp-json\/wp\/v2\/posts\/7142","targetHints":{"allow":["GET"]}}],"collection":[{"href":"https:\/\/sinasefesm.com\/index.php\/wp-json\/wp\/v2\/posts"}],"about":[{"href":"https:\/\/sinasefesm.com\/index.php\/wp-json\/wp\/v2\/types\/post"}],"author":[{"embeddable":true,"href":"https:\/\/sinasefesm.com\/index.php\/wp-json\/wp\/v2\/users\/7"}],"replies":[{"embeddable":true,"href":"https:\/\/sinasefesm.com\/index.php\/wp-json\/wp\/v2\/comments?post=7142"}],"version-history":[{"count":0,"href":"https:\/\/sinasefesm.com\/index.php\/wp-json\/wp\/v2\/posts\/7142\/revisions"}],"wp:featuredmedia":[{"embeddable":true,"href":"https:\/\/sinasefesm.com\/index.php\/wp-json\/"}],"wp:attachment":[{"href":"https:\/\/sinasefesm.com\/index.php\/wp-json\/wp\/v2\/media?parent=7142"}],"wp:term":[{"taxonomy":"category","embeddable":true,"href":"https:\/\/sinasefesm.com\/index.php\/wp-json\/wp\/v2\/categories?post=7142"},{"taxonomy":"post_tag","embeddable":true,"href":"https:\/\/sinasefesm.com\/index.php\/wp-json\/wp\/v2\/tags?post=7142"}],"curies":[{"name":"wp","href":"https:\/\/api.w.org\/{rel}","templated":true}]}}