{"id":7153,"date":"2025-03-31T20:05:32","date_gmt":"2025-03-31T20:05:32","guid":{"rendered":"https:\/\/sinasefesm.com\/?p=7153"},"modified":"2025-03-31T20:05:32","modified_gmt":"2025-03-31T20:05:32","slug":"sinasefe-participou-de-reuniao-da-conedep","status":"publish","type":"post","link":"https:\/\/sinasefesm.com\/index.php\/2025\/03\/31\/sinasefe-participou-de-reuniao-da-conedep\/","title":{"rendered":"Sinasefe participou de reuni\u00e3o da Conedep"},"content":{"rendered":"\n<p>Na quinta-feira (27\/03),\u00a0<a href=\"https:\/\/sinasefe.org.br\/site\/reuniao-da-conedep\" target=\"_blank\" rel=\"noreferrer noopener\">o Sinasefe participou<\/a>\u00a0da reuni\u00e3o mensal da Coordena\u00e7\u00e3o Nacional de Entidades em Defesa da Educa\u00e7\u00e3o P\u00fablica e Gratuita (Conedep), representado pela secret\u00e1ria de\u00a0<a href=\"https:\/\/sinasefe.org.br\/site\/documentos\/direcao-nacional\/coordenacao-de-politicas-educacionais-e-culturais\" target=\"_blank\" rel=\"noreferrer noopener\">pol\u00edticas educacionais e culturais<\/a>,\u00a0Andr\u00e9a Moraes.<\/p>\n\n\n\n<p>A pauta proposta foi an\u00e1lise de conjuntura da educa\u00e7\u00e3o e constru\u00e7\u00e3o da Plen\u00e1ria Nacional da Educa\u00e7\u00e3o. Estiveram presentes, al\u00e9m do Sinasefe,\u00a0<a href=\"https:\/\/www.andes.org.br\/\" target=\"_blank\" rel=\"noreferrer noopener\">Andes-SN<\/a>,\u00a0<a href=\"https:\/\/fasubra.org.br\/\" target=\"_blank\" rel=\"noreferrer noopener\">Fasubra<\/a>\u00a0e\u00a0<a href=\"https:\/\/www.une.org.br\/\" target=\"_blank\" rel=\"noreferrer noopener\">Une<\/a>.<\/p>\n\n\n\n<p>As entidades fizeram uma breve an\u00e1lise conjuntural, ressaltando desde a import\u00e2ncia da&nbsp;<a href=\"https:\/\/sinasefe.org.br\/site\/greve-2024\" target=\"_blank\" rel=\"noreferrer noopener\">greve de 2024<\/a>&nbsp;at\u00e9 as&nbsp;<a href=\"https:\/\/sinasefe.org.br\/site\/nova-jornada-de-lutas-pressionou-e-conseguiu-a-aprovacao-da-loa\" target=\"_blank\" rel=\"noreferrer noopener\">Jornadas de Lutas recentes<\/a>&nbsp;pela&nbsp;<a href=\"https:\/\/sinasefe.org.br\/site\/diante-de-pressao-intensa-de-sindicatos-congresso-aprova-loa-2025\" target=\"_blank\" rel=\"noreferrer noopener\">aprova\u00e7\u00e3o da LOA de 2025<\/a>. Ressaltou-se tamb\u00e9m a import\u00e2ncia de intervir na realidade enquanto Conedep e na constru\u00e7\u00e3o da Plen\u00e1ria Nacional da Educa\u00e7\u00e3o para o enfrentamento dos diversos cortes or\u00e7ament\u00e1rios no setor.<\/p>\n\n\n\n<p>Essa constru\u00e7\u00e3o ficou para ser debatida com mais profundidade na pr\u00f3xima reuni\u00e3o da Coordena\u00e7\u00e3o, que\u00a0<a href=\"https:\/\/sinasefe.org.br\/site\/comunicacao\/agenda\" target=\"_blank\" rel=\"noreferrer noopener\">ocorrer\u00e1 em 24 de abril<\/a>, onde ser\u00e3o indicados data, local, metodologia e tem\u00e1rio da Plen\u00e1ria Nacional.<\/p>\n\n\n\n<figure class=\"wp-block-image size-full is-resized is-style-default\"><img decoding=\"async\" src=\"https:\/\/sinasefesm.com\/wp-content\/uploads\/2025\/03\/Conedep-reuniao-27.03.jpg\" alt=\"\" class=\"wp-image-7155\" style=\"width:496px;height:auto\"\/><\/figure>\n\n\n\n<p>O Sinasefe, por meio da Coordena\u00e7\u00e3o de Pol\u00edticas Educacionais e Culturais, ir\u00e1 debater com a Dire\u00e7\u00e3o Nacional como se dar\u00e1 a participa\u00e7\u00e3o da entidade na referida Plen\u00e1ria. A reuni\u00e3o foi realizada de modo h\u00edbrido \u2013 virtual pela internet e presencial na sede do\u00a0<a href=\"https:\/\/www.andes.org.br\/\" target=\"_blank\" rel=\"noreferrer noopener\">Andes-SN<\/a>, em Bras\u00edlia-DF.<\/p>\n\n\n\n<p><em>Texto e imagem: Sinasefe Nacional<\/em><\/p>\n","protected":false},"excerpt":{"rendered":"<p>Na quinta-feira (27\/03),\u00a0o Sinasefe participou\u00a0da reuni\u00e3o mensal da Coordena\u00e7\u00e3o Nacional de Entidades em Defesa da Educa\u00e7\u00e3o P\u00fablica e Gratuita (Conedep), representado pela secret\u00e1ria de\u00a0pol\u00edticas educacionais e culturais,\u00a0Andr\u00e9a Moraes. A pauta proposta foi an\u00e1lise de conjuntura da educa\u00e7\u00e3o e constru\u00e7\u00e3o da Plen\u00e1ria Nacional da Educa\u00e7\u00e3o. Estiveram presentes, al\u00e9m do Sinasefe,\u00a0Andes-SN,\u00a0Fasubra\u00a0e\u00a0Une. As entidades fizeram uma breve an\u00e1lise<\/p>\n","protected":false},"author":7,"featured_media":7154,"comment_status":"closed","ping_status":"closed","sticky":true,"template":"","format":"standard","meta":{"footnotes":""},"categories":[41,42,45],"tags":[167,213],"class_list":{"0":"post-7153","1":"post","2":"type-post","3":"status-publish","4":"format-standard","5":"has-post-thumbnail","7":"category-movimento","8":"category-noticia","9":"category-sindicato","10":"tag-mec","11":"tag-servico-publico"},"_links":{"self":[{"href":"https:\/\/sinasefesm.com\/index.php\/wp-json\/wp\/v2\/posts\/7153","targetHints":{"allow":["GET"]}}],"collection":[{"href":"https:\/\/sinasefesm.com\/index.php\/wp-json\/wp\/v2\/posts"}],"about":[{"href":"https:\/\/sinasefesm.com\/index.php\/wp-json\/wp\/v2\/types\/post"}],"author":[{"embeddable":true,"href":"https:\/\/sinasefesm.com\/index.php\/wp-json\/wp\/v2\/users\/7"}],"replies":[{"embeddable":true,"href":"https:\/\/sinasefesm.com\/index.php\/wp-json\/wp\/v2\/comments?post=7153"}],"version-history":[{"count":0,"href":"https:\/\/sinasefesm.com\/index.php\/wp-json\/wp\/v2\/posts\/7153\/revisions"}],"wp:featuredmedia":[{"embeddable":true,"href":"https:\/\/sinasefesm.com\/index.php\/wp-json\/"}],"wp:attachment":[{"href":"https:\/\/sinasefesm.com\/index.php\/wp-json\/wp\/v2\/media?parent=7153"}],"wp:term":[{"taxonomy":"category","embeddable":true,"href":"https:\/\/sinasefesm.com\/index.php\/wp-json\/wp\/v2\/categories?post=7153"},{"taxonomy":"post_tag","embeddable":true,"href":"https:\/\/sinasefesm.com\/index.php\/wp-json\/wp\/v2\/tags?post=7153"}],"curies":[{"name":"wp","href":"https:\/\/api.w.org\/{rel}","templated":true}]}}