{"id":7157,"date":"2025-03-31T20:31:35","date_gmt":"2025-03-31T20:31:35","guid":{"rendered":"https:\/\/sinasefesm.com\/?p=7157"},"modified":"2025-03-31T20:31:35","modified_gmt":"2025-03-31T20:31:35","slug":"mec-publica-regimento-interno-da-mesa-de-negociacao","status":"publish","type":"post","link":"https:\/\/sinasefesm.com\/index.php\/2025\/03\/31\/mec-publica-regimento-interno-da-mesa-de-negociacao\/","title":{"rendered":"MEC publica Regimento Interno da Mesa de Negocia\u00e7\u00e3o"},"content":{"rendered":"\n<p>Com muito atraso e at\u00e9 demonstrando descaso com a pauta, o Minist\u00e9rio da Educa\u00e7\u00e3o (MEC) enfim publicou o&nbsp;<a href=\"https:\/\/sinasefe.org.br\/site\/download\/regimento-interno-da-mesa-setorial-de-negociacao-permanente-no-ambito-do-ministerio-da-educacao\" target=\"_blank\" rel=\"noreferrer noopener\">Regimento Interno da Mesa Setorial de Negocia\u00e7\u00e3o Permanente<\/a>&nbsp;no Di\u00e1rio Oficial da Uni\u00e3o (DOU).<\/p>\n\n\n\n<p>O documento, que\u00a0<a href=\"https:\/\/sinasefe.org.br\/site\/download\/ata-da-reuniao-extraordinaria-para-a-aprovacao-do-regimento-interno-da-mesa-setorial-de-negociacao-permanente-no-ambito-do-ministerio-da-educacao-realizada-em-28-11-2024\" target=\"_blank\" rel=\"noreferrer noopener\">ficou pronto em 28 de novembro do ano passado<\/a>,\u00a0<a href=\"https:\/\/sinasefe.org.br\/site\/download\/oficio-circular-no-33-2025-dp3-gab-se-se-mec-publicacao-de-regimento-interno-da-mesa-setorial-permanente-no-ambito-do-ministerio-da-educacao\" target=\"_blank\" rel=\"noreferrer noopener\">s\u00f3 foi liberado pelo MEC<\/a>\u00a0para sair no DOU em 20 de mar\u00e7o deste ano.<\/p>\n\n\n\n<p>Essa demora de 112 dias fez, inclusive, a reuni\u00e3o prevista para fevereiro de 2025 pelo pr\u00f3prio Regimento Interno n\u00e3o ser realizada. E o pior: a mesma ainda segue sem convocat\u00f3ria por parte do MEC.<\/p>\n\n\n\n<p>O Sinasefe, por meio de sua\u00a0<a href=\"https:\/\/sinasefe.org.br\/site\/documentos\/direcao-nacional\/coordenacao-de-politicas-educacionais-e-culturais\" target=\"_blank\" rel=\"noreferrer noopener\">Coordena\u00e7\u00e3o de Pol\u00edticas Educacionais e Culturais<\/a>, tem demonstrado forte preocupa\u00e7\u00e3o e indigna\u00e7\u00e3o com esse descaso do MEC em debater quest\u00f5es relacionadas \u00e0 Educa\u00e7\u00e3o com as entidades classistas do setor \u2013 Sinasefe e\u00a0<a href=\"https:\/\/www.andes.org.br\/\" target=\"_blank\" rel=\"noreferrer noopener\">Andes-SN<\/a>.<\/p>\n\n\n\n<p>Neste ano, duas cobran\u00e7as do sindicato foram feitas por&nbsp;<a href=\"https:\/\/sinasefe.org.br\/site\/documentos\/documentos-oficiais\/oficios\" target=\"_blank\" rel=\"noreferrer noopener\">Of\u00edcios<\/a>&nbsp;ao MEC:<\/p>\n\n\n\n<p>&#8211; em 25 de janeiro, com o\u00a0<a href=\"https:\/\/sinasefe.org.br\/site\/download\/oficio-no-25-2025-pauta-do-sinasefe-para-a-mesa-setorial-de-negociacao-permanente\" target=\"_blank\" rel=\"noreferrer noopener\">Of\u00edcio n\u00ba 25\/2025<\/a>, que pediu a atualiza\u00e7\u00e3o da pauta da Mesa Setorial de Negocia\u00e7\u00e3o Permanente. Apenas no dia 26 de mar\u00e7o,\u00a0<a href=\"https:\/\/sinasefe.org.br\/site\/download\/oficio-circular-no-33-2025-dp3-gab-se-se-mec-publicacao-de-regimento-interno-da-mesa-setorial-permanente-no-ambito-do-ministerio-da-educacao\" target=\"_blank\" rel=\"noreferrer noopener\">o MEC deu algum retorno ao sindicato<\/a>, enviando por e-mail o\u00a0<a href=\"https:\/\/sinasefe.org.br\/site\/download\/regimento-interno-da-mesa-setorial-de-negociacao-permanente-no-ambito-do-ministerio-da-educacao\" target=\"_blank\" rel=\"noreferrer noopener\">extrato da publica\u00e7\u00e3o no DOU do Regimento Interno da Mesa Setorial<\/a>, por\u00e9m sem informar quando ocorreria reuni\u00e3o do espa\u00e7o com as entidades.O SINASEFE seguir\u00e1 cobrando a convoca\u00e7\u00e3o imediata desta reuni\u00e3o, que tem pautas e demandas estrat\u00e9gicas e priorit\u00e1rias da nossa entidade para serem debatidas e solucionadas no \u00e2mbito do MEC.              <\/p>\n\n\n\n<p><strong>Sobre a Mesa Setorial<\/strong> &#8211; Desde a sua implementa\u00e7\u00e3o, em abril de 2024, a Mesa Setorial de Negocia\u00e7\u00e3o Permanente se reuniu cinco vezes, dentre reuni\u00f5es ordin\u00e1rias e extraordin\u00e1rias, mas ainda sem avan\u00e7os consolidados. As reuni\u00f5es ocorreram em\u00a0<a href=\"https:\/\/sinasefe.org.br\/site\/informe-das-mesas-de-negociacao-com-o-governo-federal\" target=\"_blank\" rel=\"noreferrer noopener\">11\/04\/2024<\/a>,\u00a0<a href=\"https:\/\/sinasefe.org.br\/site\/download\/informe-da-coordenacao-de-politicas-educacionais-e-culturais-sobre-a-mesa-setorial-de-negociacao-permanente-com-o-ministerio-da-educacao\/\" target=\"_blank\" rel=\"noreferrer noopener\">13\/05\/2024<\/a>,\u00a0<a href=\"https:\/\/sinasefe.org.br\/site\/sinasefe-participou-de-reuniao-de-mesa-setorial-com-o-mec-em-07-06\" target=\"_blank\" rel=\"noreferrer noopener\">07\/06\/2024<\/a>,\u00a0<a href=\"https:\/\/sinasefe.org.br\/site\/reuniao-da-mesa-setorial-de-negociacao-adiciona-propostas-para-analise-da-categoria\" target=\"_blank\" rel=\"noreferrer noopener\">14\/06\/2024<\/a>\u00a0e\u00a0<a href=\"https:\/\/sinasefe.org.br\/site\/mesa-setorial-de-negociacao-permanente-debate-e-finaliza-regimento-interno\" target=\"_blank\" rel=\"noreferrer noopener\">28\/11\/2024<\/a>.<\/p>\n\n\n\n<p>A\u00a0<a href=\"https:\/\/sinasefe.org.br\/site\/mesa-setorial-de-negociacao-permanente-debate-e-finaliza-regimento-interno\" target=\"_blank\" rel=\"noreferrer noopener\">reuni\u00e3o mais recente<\/a>\u00a0foi justamente a que debateu e finalizou o Regimento Interno,\u00a0<a href=\"https:\/\/sinasefe.org.br\/site\/download\/regimento-interno-da-mesa-setorial-de-negociacao-permanente-no-ambito-do-ministerio-da-educacao\" target=\"_blank\" rel=\"noreferrer noopener\">divulgado no DOU em 20\/03\/2025<\/a>.<\/p>\n\n\n\n<p>Importante salientar que a Mesa Setorial de Negocia\u00e7\u00e3o Permanente faz parte do\u00a0<a href=\"https:\/\/sinasefe.org.br\/site\/negociacoes-sindicato-assina-protocolo-de-funcionamento-de-negociacoes-com-governo-federal\" target=\"_blank\" rel=\"noreferrer noopener\">sistema de negocia\u00e7\u00e3o<\/a>\u00a0estabelecido pelo Minist\u00e9rio da Gest\u00e3o e da Inova\u00e7\u00e3o em Servi\u00e7os P\u00fablicos (MGI) na\u00a0<a href=\"https:\/\/sinasefe.org.br\/site\/negociacoes-sindicato-assina-protocolo-de-funcionamento-de-negociacoes-com-governo-federal\" target=\"_blank\" rel=\"noreferrer noopener\">Mesa Nacional de Negocia\u00e7\u00e3o Permanente<\/a>, que se divide em tr\u00eas segmentos:<\/p>\n\n\n\n<ul class=\"wp-block-list\">\n<li><strong>Mesa Central<\/strong>\u00a0\u2013 que debate quest\u00f5es com impacto or\u00e7ament\u00e1rio, no \u00e2mbito de todo o servi\u00e7o p\u00fablico federal;<\/li>\n\n\n\n<li><strong>Mesa Tempor\u00e1ria e Espec\u00edfica<\/strong>\u00a0\u2013 que debate quest\u00f5es com impacto or\u00e7ament\u00e1rio, no \u00e2mbito de cada carreira do servi\u00e7o p\u00fablico federal de forma separada;<\/li>\n\n\n\n<li><strong>Mesa Setorial<\/strong>\u00a0\u2013 que debate quest\u00f5es de cada categoria, no \u00e2mbito de cada Minist\u00e9rio, que n\u00e3o possuam impacto or\u00e7ament\u00e1rio.                                                                                                                       <\/li>\n<\/ul>\n\n\n\n<p><em>Fonte e imagem: Sinasefe Nacional<\/em><\/p>\n","protected":false},"excerpt":{"rendered":"<p>Com muito atraso e at\u00e9 demonstrando descaso com a pauta, o Minist\u00e9rio da Educa\u00e7\u00e3o (MEC) enfim publicou o&nbsp;Regimento Interno da Mesa Setorial de Negocia\u00e7\u00e3o Permanente&nbsp;no Di\u00e1rio Oficial da Uni\u00e3o (DOU). O documento, que\u00a0ficou pronto em 28 de novembro do ano passado,\u00a0s\u00f3 foi liberado pelo MEC\u00a0para sair no DOU em 20 de mar\u00e7o deste ano. Essa<\/p>\n","protected":false},"author":7,"featured_media":7158,"comment_status":"closed","ping_status":"closed","sticky":true,"template":"","format":"standard","meta":{"footnotes":""},"categories":[37,42,45],"tags":[260,201,213],"class_list":{"0":"post-7157","1":"post","2":"type-post","3":"status-publish","4":"format-standard","5":"has-post-thumbnail","7":"category-destaque","8":"category-noticia","9":"category-sindicato","10":"tag-greve","11":"tag-reajuste-salarial","12":"tag-servico-publico"},"_links":{"self":[{"href":"https:\/\/sinasefesm.com\/index.php\/wp-json\/wp\/v2\/posts\/7157","targetHints":{"allow":["GET"]}}],"collection":[{"href":"https:\/\/sinasefesm.com\/index.php\/wp-json\/wp\/v2\/posts"}],"about":[{"href":"https:\/\/sinasefesm.com\/index.php\/wp-json\/wp\/v2\/types\/post"}],"author":[{"embeddable":true,"href":"https:\/\/sinasefesm.com\/index.php\/wp-json\/wp\/v2\/users\/7"}],"replies":[{"embeddable":true,"href":"https:\/\/sinasefesm.com\/index.php\/wp-json\/wp\/v2\/comments?post=7157"}],"version-history":[{"count":0,"href":"https:\/\/sinasefesm.com\/index.php\/wp-json\/wp\/v2\/posts\/7157\/revisions"}],"wp:featuredmedia":[{"embeddable":true,"href":"https:\/\/sinasefesm.com\/index.php\/wp-json\/"}],"wp:attachment":[{"href":"https:\/\/sinasefesm.com\/index.php\/wp-json\/wp\/v2\/media?parent=7157"}],"wp:term":[{"taxonomy":"category","embeddable":true,"href":"https:\/\/sinasefesm.com\/index.php\/wp-json\/wp\/v2\/categories?post=7157"},{"taxonomy":"post_tag","embeddable":true,"href":"https:\/\/sinasefesm.com\/index.php\/wp-json\/wp\/v2\/tags?post=7157"}],"curies":[{"name":"wp","href":"https:\/\/api.w.org\/{rel}","templated":true}]}}