{"id":7160,"date":"2025-04-02T11:24:45","date_gmt":"2025-04-02T11:24:45","guid":{"rendered":"https:\/\/sinasefesm.com\/?p=7160"},"modified":"2025-04-02T11:24:45","modified_gmt":"2025-04-02T11:24:45","slug":"sindicato-pede-pressao-a-ministro-devido-ao-ponto-ebtt","status":"publish","type":"post","link":"https:\/\/sinasefesm.com\/index.php\/2025\/04\/02\/sindicato-pede-pressao-a-ministro-devido-ao-ponto-ebtt\/","title":{"rendered":"Sindicato pede press\u00e3o a ministro devido ao ponto EBTT"},"content":{"rendered":"\n<p>Desde 27 de junho do ano passado, quando&nbsp;<a href=\"https:\/\/sinasefe.org.br\/site\/sinasefe-assina-acordos-e-categoria-retoma-atividades-ate-03-07\" target=\"_blank\" rel=\"noreferrer noopener\">assinamos<\/a>&nbsp;o&nbsp;<a href=\"https:\/\/sinasefe.org.br\/site\/download\/termo-de-acordo-no-10-greve-2024-reestruturacao-do-pccmf-ebtt\" target=\"_blank\" rel=\"noreferrer noopener\">Termo de Acordo n\u00ba 10\/2024<\/a>, estamos aguardando a altera\u00e7\u00e3o do&nbsp;<a href=\"https:\/\/www.planalto.gov.br\/ccivil_03\/decreto\/D1590.htm\" target=\"_blank\" rel=\"noreferrer noopener\">Decreto n\u00ba 1590\/1995<\/a>, para que o controle de frequ\u00eancia de docentes da carreira EBTT (<a href=\"https:\/\/www.planalto.gov.br\/ccivil_03\/_ato2011-2014\/2012\/lei\/l12772.htm\" target=\"_blank\" rel=\"noreferrer noopener\">lei 12772\/2012<\/a>) seja retirado.<\/p>\n\n\n\n<p>Isso consta na cl\u00e1usula 3\u00aa, item \u201cc\u201d, do\u00a0<a href=\"https:\/\/sinasefe.org.br\/site\/download\/termo-de-acordo-no-10-greve-2024-reestruturacao-do-pccmf-ebtt\" target=\"_blank\" rel=\"noreferrer noopener\">acordo assinado<\/a>\u00a0entre Governo Federal, SINASEFE e\u00a0<a href=\"https:\/\/www.andes.org.br\/\" target=\"_blank\" rel=\"noreferrer noopener\">Andes-SN<\/a>\u00a0na suspens\u00e3o da\u00a0<a href=\"https:\/\/sinasefe.org.br\/site\/greve-2024\" target=\"_blank\" rel=\"noreferrer noopener\">greve de 2024<\/a>\u00a0\u2013 devendo ser cumprido de forma imediata, o que at\u00e9 hoje, de forma absurda, n\u00e3o ocorreu.<\/p>\n\n\n\n<h3 class=\"wp-block-heading\">Vamos pressionar o Ministro da Casa Civil, Rui Costa, para que ele saia de cima do nosso Acordo de Greve!<\/h3>\n\n\n\n<p>Endosse o coro conosco nas redes sociais do Ministro, cobrando dele de forma repetida, em todos os&nbsp;<em>posts<\/em>:<\/p>\n\n\n\n<ul class=\"wp-block-list\">\n<li>Rui Costa, atualize o Decreto 1590\/1995!<\/li>\n\n\n\n<li>Rui Costa, respeite o nosso Acordo de Greve!<\/li>\n\n\n\n<li>Rui Costa, saia de cima do fim do controle de frequ\u00eancia para docentes EBTT, j\u00e1!<\/li>\n<\/ul>\n\n\n\n<p>Redes sociais de Rui Costa:<\/p>\n\n\n\n<ul class=\"wp-block-list\">\n<li><a href=\"https:\/\/bsky.app\/profile\/ruicostaoficial.bsky.social\" target=\"_blank\" rel=\"noreferrer noopener\">Bluesky<\/a><\/li>\n\n\n\n<li><a href=\"https:\/\/www.facebook.com\/ruicostaoficial\" target=\"_blank\" rel=\"noreferrer noopener\">Facebook<\/a><\/li>\n\n\n\n<li><a href=\"https:\/\/www.instagram.com\/ruicostaoficial\" target=\"_blank\" rel=\"noreferrer noopener\">Instagram<\/a><\/li>\n\n\n\n<li><a href=\"https:\/\/www.kwai.com\/@ruicostaoficial\" target=\"_blank\" rel=\"noreferrer noopener\">Kwai<\/a><\/li>\n\n\n\n<li><a href=\"https:\/\/www.threads.net\/@ruicostaoficial\" target=\"_blank\" rel=\"noreferrer noopener\">Threads<\/a><\/li>\n\n\n\n<li><a href=\"https:\/\/www.tiktok.com\/@ruicostaoficial\" target=\"_blank\" rel=\"noreferrer noopener\">TikTok<\/a><\/li>\n\n\n\n<li><a href=\"https:\/\/x.com\/costa_rui\" target=\"_blank\" rel=\"noreferrer noopener\">Twitter<\/a><\/li>\n\n\n\n<li><a href=\"https:\/\/www.youtube.com\/channel\/UC0xh8hCemvjbXI2SzvhlBTw\" target=\"_blank\" rel=\"noreferrer noopener\">YouTube<\/a>     <\/li>\n\n\n\n<li><\/li>\n<\/ul>\n\n\n\n<p><strong>Cobran\u00e7as repetidas<\/strong><\/p>\n\n\n\n<p>Desde que o\u00a0<a href=\"https:\/\/sinasefe.org.br\/site\/download\/termo-de-acordo-no-10-greve-2024-reestruturacao-do-pccmf-ebtt\" target=\"_blank\" rel=\"noreferrer noopener\">Termo de Acordo n\u00ba 10\/2024<\/a>\u00a0foi assinado,\u00a0em 27 de junho,\u00a0<a href=\"https:\/\/sinasefe.org.br\/site\/sinasefe-explica-situacao-do-decreto-1590-1995-e-das-alteracoes-publicadas-em-03-07\" target=\"_blank\" rel=\"noreferrer noopener\">o SINASEFE vem cobrando<\/a>\u00a0do Governo a altera\u00e7\u00e3o do Decreto 1590\/1995 e acompanhado o andamento do texto, que j\u00e1 passou duas vezes pelo Minist\u00e9rio da Educa\u00e7\u00e3o (MEC), outras duas vezes pelo Minist\u00e9rio da Gest\u00e3o e da Inova\u00e7\u00e3o em Servi\u00e7os P\u00fablicos (MGI) e\u00a0n\u00e3o tem avan\u00e7ado da maneira que desejamos no Minist\u00e9rio da Casa Civil Buscando fazer o Governo cumprir o que foi assinado, enviamos v\u00e1rios\u00a0<a href=\"https:\/\/sinasefe.org.br\/site\/documentos\/documentos-oficiais\/oficios\" target=\"_blank\" rel=\"noreferrer noopener\">of\u00edcios<\/a>\u00a0cobrando celeridade e imediatismo na altera\u00e7\u00e3o do Decreto 1590\/1995, para que os docentes da carreira EBTT passem a usufruir da dispensa do controle de frequ\u00eancia o quando antes.<\/p>\n\n\n\n<p><em>Fonte e imagem: Sinasefe Nacional<\/em><\/p>\n","protected":false},"excerpt":{"rendered":"<p>Desde 27 de junho do ano passado, quando&nbsp;assinamos&nbsp;o&nbsp;Termo de Acordo n\u00ba 10\/2024, estamos aguardando a altera\u00e7\u00e3o do&nbsp;Decreto n\u00ba 1590\/1995, para que o controle de frequ\u00eancia de docentes da carreira EBTT (lei 12772\/2012) seja retirado. Isso consta na cl\u00e1usula 3\u00aa, item \u201cc\u201d, do\u00a0acordo assinado\u00a0entre Governo Federal, SINASEFE e\u00a0Andes-SN\u00a0na suspens\u00e3o da\u00a0greve de 2024\u00a0\u2013 devendo ser cumprido de<\/p>\n","protected":false},"author":7,"featured_media":7161,"comment_status":"closed","ping_status":"closed","sticky":true,"template":"","format":"standard","meta":{"footnotes":""},"categories":[37,41,45],"tags":[201,213],"class_list":{"0":"post-7160","1":"post","2":"type-post","3":"status-publish","4":"format-standard","5":"has-post-thumbnail","7":"category-destaque","8":"category-movimento","9":"category-sindicato","10":"tag-reajuste-salarial","11":"tag-servico-publico"},"_links":{"self":[{"href":"https:\/\/sinasefesm.com\/index.php\/wp-json\/wp\/v2\/posts\/7160","targetHints":{"allow":["GET"]}}],"collection":[{"href":"https:\/\/sinasefesm.com\/index.php\/wp-json\/wp\/v2\/posts"}],"about":[{"href":"https:\/\/sinasefesm.com\/index.php\/wp-json\/wp\/v2\/types\/post"}],"author":[{"embeddable":true,"href":"https:\/\/sinasefesm.com\/index.php\/wp-json\/wp\/v2\/users\/7"}],"replies":[{"embeddable":true,"href":"https:\/\/sinasefesm.com\/index.php\/wp-json\/wp\/v2\/comments?post=7160"}],"version-history":[{"count":0,"href":"https:\/\/sinasefesm.com\/index.php\/wp-json\/wp\/v2\/posts\/7160\/revisions"}],"wp:featuredmedia":[{"embeddable":true,"href":"https:\/\/sinasefesm.com\/index.php\/wp-json\/"}],"wp:attachment":[{"href":"https:\/\/sinasefesm.com\/index.php\/wp-json\/wp\/v2\/media?parent=7160"}],"wp:term":[{"taxonomy":"category","embeddable":true,"href":"https:\/\/sinasefesm.com\/index.php\/wp-json\/wp\/v2\/categories?post=7160"},{"taxonomy":"post_tag","embeddable":true,"href":"https:\/\/sinasefesm.com\/index.php\/wp-json\/wp\/v2\/tags?post=7160"}],"curies":[{"name":"wp","href":"https:\/\/api.w.org\/{rel}","templated":true}]}}