{"id":7163,"date":"2025-04-02T11:40:52","date_gmt":"2025-04-02T11:40:52","guid":{"rendered":"https:\/\/sinasefesm.com\/?p=7163"},"modified":"2025-04-02T11:40:52","modified_gmt":"2025-04-02T11:40:52","slug":"quinta-3-04-venha-debater-a-universidade-que-queremos","status":"publish","type":"post","link":"https:\/\/sinasefesm.com\/index.php\/2025\/04\/02\/quinta-3-04-venha-debater-a-universidade-que-queremos\/","title":{"rendered":"Quinta, 3\/04: Venha debater a \u201cuniversidade que queremos\u201d"},"content":{"rendered":"\n<p>Nesta quinta, 3 de abril, acontece a edi\u00e7\u00e3o do\u00a0<em>Semin\u00e1rio \u201cUniversidade que queremos\u201d<\/em>. O evento ocorrer\u00e1 a partir das 16h, no Audit\u00f3rio Wilson Aita (anexo C do Centro de Tecnologia, campus da UFSM em Santa Maria), e contar\u00e1 com a presen\u00e7a da professora M\u00e1rcia Barbosa, reitora da Universidade Federal do Rio Grande do Sul (UFRGS), como convidada especial.<\/p>\n\n\n\n<p>Entre os temas centrais do evento est\u00e3o pol\u00edticas de acesso, como cotas e formas de ingresso, quest\u00f5es de g\u00eanero e acessibilidade. As condi\u00e7\u00f5es de trabalho e sa\u00fade (f\u00edsica e mental) de docentes e t\u00e9cnicos-administrativos, al\u00e9m da perman\u00eancia estudantil (na gradua\u00e7\u00e3o e p\u00f3s-gradua\u00e7\u00e3o) tamb\u00e9m est\u00e3o no centro da pauta, bem como o financiamento das Institui\u00e7\u00f5es Federais de Ensino Superior (IFES).<\/p>\n\n\n\n<p>A atividade \u00e9 uma iniciativa da Sedufsm organizada em parceria com o Sinasefe SM, Assufsm, ATENS, e APG da UFSM. O semin\u00e1rio \u00e9 aberto a toda a comunidade acad\u00eamica e visa fomentar um debate amplo sobre os rumos da universidade e do ensino p\u00fablicos e de qualidade.<\/p>\n\n\n\n<p><strong>Quem \u00e9 M\u00e1rcia Barbosa?<\/strong>\u00a0<\/p>\n\n\n\n<p>\u200bM\u00e1rcia Cristina Bernardes Barbosa \u00e9 f\u00edsica, reconhecida por suas contribui\u00e7\u00f5es \u00e0 ci\u00eancia e por seu compromisso com a inclus\u00e3o de mulheres na \u00e1rea cient\u00edfica. Graduou-se em F\u00edsica pela Universidade Federal do Rio Grande do Sul (UFRGS), institui\u00e7\u00e3o onde tamb\u00e9m obteve o doutorado e ingressou como professora no Instituto de F\u00edsica. Atualmente \u00e9 reitora na institui\u00e7\u00e3o, eleita no ano passado. Sua pesquisa concentra-se nas anomalias da \u00e1gua, buscando compreender propriedades \u00fanicas desse l\u00edquido essencial \u00e0 vida. Por seu trabalho, recebeu o Pr\u00eamio L&#8217;Or\u00e9al-UNESCO para Mulheres em Ci\u00eancia em 2013.<\/p>\n\n\n\n<p>Al\u00e9m de suas realiza\u00e7\u00f5es acad\u00eamicas, M\u00e1rcia \u00e9 uma defensora ativa da participa\u00e7\u00e3o feminina nas ci\u00eancias. Em reconhecimento a seus esfor\u00e7os, foi agraciada com a Medalha Nicholson pelo American Physical Society em 2009. Em 2020, foi mencionada pela ONU Mulheres como uma das sete cientistas que moldam o mundo e, no mesmo ano, foi eleita pela revista Forbes como uma das 20 mulheres mais influentes no Brasil. No ano de 2023, foi nomeada secret\u00e1ria de Pol\u00edticas e Programas Estrat\u00e9gicos, uma das quatro pastas que fazem parte do Minist\u00e9rio da Ci\u00eancia, Tecnologia e Inova\u00e7\u00e3o (MCTI) do Governo Federal.<\/p>\n\n\n\n<p>M\u00e1rcia Barbosa tamb\u00e9m integra a Academia Brasileira de Ci\u00eancias e a Academia Mundial de Ci\u00eancias, al\u00e9m de atuar como vice-presidente do International Science Council, refor\u00e7ando seu papel como l\u00edder cient\u00edfica em \u00e2mbito nacional e internacional.<\/p>\n\n\n\n<p><em>Fonte e imagem: Sedufsm<\/em><\/p>\n","protected":false},"excerpt":{"rendered":"<p>Nesta quinta, 3 de abril, acontece a edi\u00e7\u00e3o do\u00a0Semin\u00e1rio \u201cUniversidade que queremos\u201d. O evento ocorrer\u00e1 a partir das 16h, no Audit\u00f3rio Wilson Aita (anexo C do Centro de Tecnologia, campus da UFSM em Santa Maria), e contar\u00e1 com a presen\u00e7a da professora M\u00e1rcia Barbosa, reitora da Universidade Federal do Rio Grande do Sul (UFRGS), como<\/p>\n","protected":false},"author":7,"featured_media":7164,"comment_status":"closed","ping_status":"closed","sticky":true,"template":"","format":"standard","meta":{"footnotes":""},"categories":[39,41,45],"tags":[213],"class_list":{"0":"post-7163","1":"post","2":"type-post","3":"status-publish","4":"format-standard","5":"has-post-thumbnail","7":"category-eventos","8":"category-movimento","9":"category-sindicato","10":"tag-servico-publico"},"_links":{"self":[{"href":"https:\/\/sinasefesm.com\/index.php\/wp-json\/wp\/v2\/posts\/7163","targetHints":{"allow":["GET"]}}],"collection":[{"href":"https:\/\/sinasefesm.com\/index.php\/wp-json\/wp\/v2\/posts"}],"about":[{"href":"https:\/\/sinasefesm.com\/index.php\/wp-json\/wp\/v2\/types\/post"}],"author":[{"embeddable":true,"href":"https:\/\/sinasefesm.com\/index.php\/wp-json\/wp\/v2\/users\/7"}],"replies":[{"embeddable":true,"href":"https:\/\/sinasefesm.com\/index.php\/wp-json\/wp\/v2\/comments?post=7163"}],"version-history":[{"count":0,"href":"https:\/\/sinasefesm.com\/index.php\/wp-json\/wp\/v2\/posts\/7163\/revisions"}],"wp:featuredmedia":[{"embeddable":true,"href":"https:\/\/sinasefesm.com\/index.php\/wp-json\/"}],"wp:attachment":[{"href":"https:\/\/sinasefesm.com\/index.php\/wp-json\/wp\/v2\/media?parent=7163"}],"wp:term":[{"taxonomy":"category","embeddable":true,"href":"https:\/\/sinasefesm.com\/index.php\/wp-json\/wp\/v2\/categories?post=7163"},{"taxonomy":"post_tag","embeddable":true,"href":"https:\/\/sinasefesm.com\/index.php\/wp-json\/wp\/v2\/tags?post=7163"}],"curies":[{"name":"wp","href":"https:\/\/api.w.org\/{rel}","templated":true}]}}