{"id":7170,"date":"2025-04-07T11:55:22","date_gmt":"2025-04-07T11:55:22","guid":{"rendered":"https:\/\/sinasefesm.com\/?p=7170"},"modified":"2025-04-07T11:55:22","modified_gmt":"2025-04-07T11:55:22","slug":"sindicatos-articulam-cobranca-conjunta-a-acordo-de-greve","status":"publish","type":"post","link":"https:\/\/sinasefesm.com\/index.php\/2025\/04\/07\/sindicatos-articulam-cobranca-conjunta-a-acordo-de-greve\/","title":{"rendered":"Sindicatos articulam cobran\u00e7a conjunta a acordo de greve"},"content":{"rendered":"\n<p>O Sinasefe e o Andes-SN se reuniram na ter\u00e7a-feira (01\/04), em Bras\u00edlia-DF. A atividade teve o objetivo de dialogar sobre a atua\u00e7\u00e3o e a agenda conjunta das entidades classistas da Educa\u00e7\u00e3o Federal para o pr\u00f3ximo per\u00edodo. A cobran\u00e7a do cumprimento dos acordos de greve \u00e9 uma prioridade de ambas as entidades.<\/p>\n\n\n\n<p><em>\u201cConversamos sobre articular previamente as agendas para convocar atividades conjuntas cobrando o cumprimento dos acordos de greve, acompanhando, inclusive, os tr\u00e2mites das medidas legislativas que tramitam no Congresso Nacional (<a href=\"https:\/\/www.congressonacional.leg.br\/materias\/medidas-provisorias\/-\/mpv\/166962\" target=\"_blank\" rel=\"noreferrer noopener\">MPV 1286\/2024<\/a>&nbsp;e&nbsp;<a href=\"https:\/\/www.camara.leg.br\/proposicoesWeb\/fichadetramitacao?idProposicao=2494408\" target=\"_blank\" rel=\"noreferrer noopener\">PL 1466\/2025<\/a>)\u201d<\/em>, comentou Amaury Garcia, plantonista e secret\u00e1rio-adjunto de pol\u00edticas para as IFEs ligadas ao Minist\u00e9rio da Defesa.<\/p>\n\n\n\n<p>O Sinasefe compreende a atua\u00e7\u00e3o conjunta das entidades da educa\u00e7\u00e3o como um elemento fundamental para avan\u00e7ar na defesa das categorias representadas. Mantendo a pr\u00e1tica hist\u00f3rica de constru\u00e7\u00e3o da unidade na educa\u00e7\u00e3o federal,\u00a0<a href=\"https:\/\/sinasefe.org.br\/site\/entidades-da-educacao-federal-retomam-agenda-conjunta\/\" target=\"_blank\" rel=\"noreferrer noopener\">desde o in\u00edcio de 2025<\/a>\u00a0o sindicato busca se reunir e dialogar cotidianamente com o Andes-SN e a Fasubra. Em mar\u00e7o, o Sinasefe e o Andes-SN estiveram no Minist\u00e9rio da Educa\u00e7\u00e3o (MEC)\u00a0<a href=\"https:\/\/sinasefe.org.br\/site\/sinasefe-e-andes-sn-cobram-governo-sobre-cumprimento-do-termo-de-acordo-no-10-2024\/\" target=\"_blank\" rel=\"noreferrer noopener\">protocolando v\u00e1rias cobran\u00e7as<\/a>\u00a0relativas ao cumprimento dos acordos de greve.<\/p>\n\n\n\n<p>Participaram pelo Sinasefe: Amaury Garcia (secret\u00e1rio-adjunto de pol\u00edticas para as IFEs ligadas ao Minist\u00e9rio da Defesa) e Roni Rodrigues (coordenador de pessoal\u00a0<a href=\"https:\/\/sinasefe.org.br\/site\/comissoes\/cns\" target=\"_blank\" rel=\"noreferrer noopener\">TAE<\/a>). Participou pelo Andes-SN: Gustavo Seferian (presidente).<\/p>\n\n\n\n<p><em>Fonte e imagem: Sinasefe<\/em><\/p>\n","protected":false},"excerpt":{"rendered":"<p>O Sinasefe e o Andes-SN se reuniram na ter\u00e7a-feira (01\/04), em Bras\u00edlia-DF. A atividade teve o objetivo de dialogar sobre a atua\u00e7\u00e3o e a agenda conjunta das entidades classistas da Educa\u00e7\u00e3o Federal para o pr\u00f3ximo per\u00edodo. A cobran\u00e7a do cumprimento dos acordos de greve \u00e9 uma prioridade de ambas as entidades. \u201cConversamos sobre articular previamente<\/p>\n","protected":false},"author":7,"featured_media":7171,"comment_status":"closed","ping_status":"closed","sticky":true,"template":"","format":"standard","meta":{"footnotes":""},"categories":[37,41,45],"tags":[260,201,213],"class_list":{"0":"post-7170","1":"post","2":"type-post","3":"status-publish","4":"format-standard","5":"has-post-thumbnail","7":"category-destaque","8":"category-movimento","9":"category-sindicato","10":"tag-greve","11":"tag-reajuste-salarial","12":"tag-servico-publico"},"_links":{"self":[{"href":"https:\/\/sinasefesm.com\/index.php\/wp-json\/wp\/v2\/posts\/7170","targetHints":{"allow":["GET"]}}],"collection":[{"href":"https:\/\/sinasefesm.com\/index.php\/wp-json\/wp\/v2\/posts"}],"about":[{"href":"https:\/\/sinasefesm.com\/index.php\/wp-json\/wp\/v2\/types\/post"}],"author":[{"embeddable":true,"href":"https:\/\/sinasefesm.com\/index.php\/wp-json\/wp\/v2\/users\/7"}],"replies":[{"embeddable":true,"href":"https:\/\/sinasefesm.com\/index.php\/wp-json\/wp\/v2\/comments?post=7170"}],"version-history":[{"count":0,"href":"https:\/\/sinasefesm.com\/index.php\/wp-json\/wp\/v2\/posts\/7170\/revisions"}],"wp:featuredmedia":[{"embeddable":true,"href":"https:\/\/sinasefesm.com\/index.php\/wp-json\/"}],"wp:attachment":[{"href":"https:\/\/sinasefesm.com\/index.php\/wp-json\/wp\/v2\/media?parent=7170"}],"wp:term":[{"taxonomy":"category","embeddable":true,"href":"https:\/\/sinasefesm.com\/index.php\/wp-json\/wp\/v2\/categories?post=7170"},{"taxonomy":"post_tag","embeddable":true,"href":"https:\/\/sinasefesm.com\/index.php\/wp-json\/wp\/v2\/tags?post=7170"}],"curies":[{"name":"wp","href":"https:\/\/api.w.org\/{rel}","templated":true}]}}