{"id":7173,"date":"2025-04-07T15:20:28","date_gmt":"2025-04-07T15:20:28","guid":{"rendered":"https:\/\/sinasefesm.com\/?p=7173"},"modified":"2025-04-07T15:20:28","modified_gmt":"2025-04-07T15:20:28","slug":"reitora-da-ufrgs-fala-sobre-democracia-em-universidades","status":"publish","type":"post","link":"https:\/\/sinasefesm.com\/index.php\/2025\/04\/07\/reitora-da-ufrgs-fala-sobre-democracia-em-universidades\/","title":{"rendered":"Reitora da UFRGS fala sobre democracia em universidades"},"content":{"rendered":"\n<p>Quais seriam os principais desafios da universidade p\u00fablica brasileira? Para a reitora da UFRGS, M\u00e1rcia Barbosa, dentre alguns dos desafios hist\u00f3ricos e contempor\u00e2neos da universidade p\u00fablica brasileira estaria a necessidade de uma institui\u00e7\u00e3o radicalmente democr\u00e1tica, emancipada e comprometida com a sociedade e o planeta.<\/p>\n\n\n\n<p>Essa \u00eanfase feita pela docente ocorreu na tarde da \u00faltima quinta, 3 de abril, no Audit\u00f3rio Wilson Aita (anexo C do pr\u00e9dio do Centro de Tecnologia), durante o semin\u00e1rio \u201cUniversidade que queremos\u201d, promovido pelos sindicatos (Sedufsm, Sinasefe SM, Assufsm, Atens) e Associa\u00e7\u00e3o de P\u00f3s-Graduandos (APG).&nbsp;<\/p>\n\n\n\n<p>O diretor do Sinasefe SM, professor Cl\u00e1udio Kelling, representou a entidade durante o evento. Ele avaliou positivamente o encontro que, segundo ele, apresentou um \u201cmomento rico para que se possa avan\u00e7ar nas discuss\u00f5es sobre o que se deseja para as universidades\u201d, especialmente em um ano em que se deve escolher a nova gest\u00e3o da UFSM.<\/p>\n\n\n\n<p>Claudio Kelling ressalta a import\u00e2ncia da abordagem da reitora da UFRGS em rela\u00e7\u00e3o \u00e0 situa\u00e7\u00e3o atual das Universidades P\u00fablicas e Privadas do Brasil, no que se refere a ingresso, inclus\u00e3o, gera\u00e7\u00e3o de conhecimentos, entre outros aspectos. O diretor do Sinasefe SM destaca tamb\u00e9m os coment\u00e1rios de M\u00e1rcia Barbosa sobre a import\u00e2ncia da amplia\u00e7\u00e3o das pesquisas nas Universidades, com a publiciza\u00e7\u00e3o desses conhecimentos gerados para a sociedade, o que demonstraria a import\u00e2ncia das Universidades P\u00fablicas no Brasil.<\/p>\n\n\n\n<p>Para Kelling, \u201cficou claro na fala dela, a necessidade de aumentar a inclus\u00e3o nas institui\u00e7\u00f5es, aprimorando ainda mais o processo de sele\u00e7\u00e3o nas Universidades\u201d. E o assunto que n\u00e3o poderia faltar, destaca Kelling, \u00e9 a quest\u00e3o do or\u00e7amento das universidades, j\u00e1 que ainda existem cortes. N\u00e3o apenas devem cessar esses cortes, mas tamb\u00e9m \u00e9 necess\u00e1rio ampliar os recursos or\u00e7ament\u00e1rios, evitando assim o sucateamento.<\/p>\n\n\n\n<p><strong>Lista tr\u00edplice e voto parit\u00e1rio<\/strong><\/p>\n\n\n\n<figure class=\"wp-block-image size-full is-resized\"><img decoding=\"async\" src=\"https:\/\/sinasefesm.com\/wp-content\/uploads\/2025\/04\/seminario-Claudio-III-03.04.jpeg\" alt=\"\" class=\"wp-image-7175\" style=\"width:585px;height:auto\"\/><\/figure>\n\n\n\n<p>Durante a sua explana\u00e7\u00e3o, a professora M\u00e1rcia Barbosa defendeu que \u00e9 preciso eliminar a necessidade do envio de uma lista tr\u00edplice para a nomea\u00e7\u00e3o de reitores\/as. Segundo ela, isso \u00e9 uma meta que deve ser buscada e alcan\u00e7ada antes das elei\u00e7\u00f5es de 2026, para que se assegure a democracia nas institui\u00e7\u00f5es, na medida em que sempre h\u00e1 risco de, em um processo eleitoral, ser eleito um governo reacion\u00e1rio.<\/p>\n\n\n\n<p>Ap\u00f3s a palestra da reitora da UFRGS no semin\u00e1rio, foi ampliado o debate com a abertura para perguntas por parte das entidades organizadoras do evento. Ao final do encontro, as entidades sindicais tamb\u00e9m se organizaram e pretendem divulgar uma campanha p\u00fablica em defesa do voto parit\u00e1rio para escolha de reitor\/a na UFSM.<\/p>\n\n\n\n<figure class=\"wp-block-image size-full is-resized\"><img decoding=\"async\" src=\"https:\/\/sinasefesm.com\/wp-content\/uploads\/2025\/04\/seminario-Claudio-Marcia-03.04.jpg\" alt=\"\" class=\"wp-image-7176\" style=\"width:614px;height:auto\"\/><\/figure>\n\n\n\n<p><em>Texto: Fritz Rivail com a colabora\u00e7\u00e3o do site da Sedufsm<br>Fotos: Bruna Homrich\/Sedufsm<\/em><\/p>\n","protected":false},"excerpt":{"rendered":"<p>Quais seriam os principais desafios da universidade p\u00fablica brasileira? Para a reitora da UFRGS, M\u00e1rcia Barbosa, dentre alguns dos desafios hist\u00f3ricos e contempor\u00e2neos da universidade p\u00fablica brasileira estaria a necessidade de uma institui\u00e7\u00e3o radicalmente democr\u00e1tica, emancipada e comprometida com a sociedade e o planeta. Essa \u00eanfase feita pela docente ocorreu na tarde da \u00faltima quinta,<\/p>\n","protected":false},"author":7,"featured_media":7174,"comment_status":"closed","ping_status":"closed","sticky":true,"template":"","format":"standard","meta":{"footnotes":""},"categories":[41,42,45],"tags":[213,225],"class_list":{"0":"post-7173","1":"post","2":"type-post","3":"status-publish","4":"format-standard","5":"has-post-thumbnail","7":"category-movimento","8":"category-noticia","9":"category-sindicato","10":"tag-servico-publico","11":"tag-ufsm"},"_links":{"self":[{"href":"https:\/\/sinasefesm.com\/index.php\/wp-json\/wp\/v2\/posts\/7173","targetHints":{"allow":["GET"]}}],"collection":[{"href":"https:\/\/sinasefesm.com\/index.php\/wp-json\/wp\/v2\/posts"}],"about":[{"href":"https:\/\/sinasefesm.com\/index.php\/wp-json\/wp\/v2\/types\/post"}],"author":[{"embeddable":true,"href":"https:\/\/sinasefesm.com\/index.php\/wp-json\/wp\/v2\/users\/7"}],"replies":[{"embeddable":true,"href":"https:\/\/sinasefesm.com\/index.php\/wp-json\/wp\/v2\/comments?post=7173"}],"version-history":[{"count":0,"href":"https:\/\/sinasefesm.com\/index.php\/wp-json\/wp\/v2\/posts\/7173\/revisions"}],"wp:featuredmedia":[{"embeddable":true,"href":"https:\/\/sinasefesm.com\/index.php\/wp-json\/"}],"wp:attachment":[{"href":"https:\/\/sinasefesm.com\/index.php\/wp-json\/wp\/v2\/media?parent=7173"}],"wp:term":[{"taxonomy":"category","embeddable":true,"href":"https:\/\/sinasefesm.com\/index.php\/wp-json\/wp\/v2\/categories?post=7173"},{"taxonomy":"post_tag","embeddable":true,"href":"https:\/\/sinasefesm.com\/index.php\/wp-json\/wp\/v2\/tags?post=7173"}],"curies":[{"name":"wp","href":"https:\/\/api.w.org\/{rel}","templated":true}]}}