{"id":7178,"date":"2025-04-08T20:15:51","date_gmt":"2025-04-08T20:15:51","guid":{"rendered":"https:\/\/sinasefesm.com\/?p=7178"},"modified":"2025-04-08T20:15:51","modified_gmt":"2025-04-08T20:15:51","slug":"proximos-passos-para-a-efetivacao-do-reajuste-salarial","status":"publish","type":"post","link":"https:\/\/sinasefesm.com\/index.php\/2025\/04\/08\/proximos-passos-para-a-efetivacao-do-reajuste-salarial\/","title":{"rendered":"Pr\u00f3ximos passos para a efetiva\u00e7\u00e3o do reajuste salarial"},"content":{"rendered":"\n<p>O impasse travado pela ala conservadora (extrema-direita e centr\u00e3o) do Congresso na&nbsp;<a href=\"https:\/\/sinasefe.org.br\/site\/diante-de-pressao-intensa-de-sindicatos-congresso-aprova-loa-2025\" target=\"_blank\" rel=\"noreferrer noopener\">aprova\u00e7\u00e3o da Lei Or\u00e7ament\u00e1ria Anual (LOA) de 2025<\/a>&nbsp;gerou instabilidade financeira para o pa\u00eds e prejudicou milh\u00f5es de servidores p\u00fablicos, que sofrem com o atraso de tr\u00eas meses na data prevista para a recomposi\u00e7\u00e3o salarial, firmada em acordos entre o Governo e entidades representativas do funcionalismo no ano passado \u2013&nbsp;<a href=\"https:\/\/sinasefe.org.br\/site\/sinasefe-assina-acordos-e-categoria-retoma-atividades-ate-03-07\" target=\"_blank\" rel=\"noreferrer noopener\">dentre as quais, o SINASEFE<\/a>!<\/p>\n\n\n\n<h3 class=\"wp-block-heading\">A LOA 2025 foi aprovada: e agora?<\/h3>\n\n\n\n<p>O texto aprovado pelo Congresso Nacional,&nbsp;<a href=\"https:\/\/sinasefe.org.br\/site\/diante-de-pressao-intensa-de-sindicatos-congresso-aprova-loa-2025\" target=\"_blank\" rel=\"noreferrer noopener\">no dia 20 de mar\u00e7o<\/a>, prev\u00ea espa\u00e7o fiscal para o reajuste salarial.<\/p>\n\n\n\n<h3 class=\"wp-block-heading\">Governo muda procedimento para formalizar o reajuste legalmente<\/h3>\n\n\n\n<p>Em reuni\u00e3o emergencial entre Governo Federal e entidades do servi\u00e7o federal,&nbsp;<a href=\"https:\/\/www.instagram.com\/p\/DHrJrZ_yjyb\" target=\"_blank\" rel=\"noreferrer noopener\">que ocorreu no dia 26 de mar\u00e7o<\/a>, o secret\u00e1rio de rela\u00e7\u00f5es de trabalho do Minist\u00e9rio da Gest\u00e3o e da Inova\u00e7\u00e3o em Servi\u00e7os P\u00fablicos (MGI), Jos\u00e9 Lopez Feij\u00f3o, informou que ir\u00e1 substituir a&nbsp;<a href=\"https:\/\/sinasefe.org.br\/site\/vitoria-da-greve-medida-provisoria-do-reajuste-foi-publicada\" target=\"_blank\" rel=\"noreferrer noopener\">Medida Provis\u00f3ria (MPV) n\u00ba 1286\/2024<\/a>&nbsp;por um Projeto de Lei para formalizar legalmente o reajuste.<\/p>\n\n\n\n<h3 class=\"wp-block-heading\">Pagamento de sal\u00e1rio de abril e dos sal\u00e1rios retroativos acontecer\u00e1 em 2 de maio<\/h3>\n\n\n\n<p>Ainda segundo Feij\u00f3o, o Governo reeditar\u00e1 a&nbsp;<a href=\"https:\/\/www.planalto.gov.br\/ccivil_03\/_Ato2023-2026\/2024\/Mpv\/mpv1286.htm\" target=\"_blank\" rel=\"noreferrer noopener\">MPV 1286\/2024<\/a>&nbsp;para ampliar a vig\u00eancia do texto at\u00e9 o dia 6 de junho, garantindo o pagamento de abril e tamb\u00e9m o retroativo (janeiro, fevereiro e mar\u00e7o) no dia 2 de maio.<\/p>\n\n\n\n<h3 class=\"wp-block-heading\">Seguir pressionando pela aprova\u00e7\u00e3o do Projeto de Lei<\/h3>\n\n\n\n<p>A mudan\u00e7a no procedimento exigir\u00e1 a continuidade da mobiliza\u00e7\u00e3o dos servidores p\u00fablicos, uma vez que a correla\u00e7\u00e3o de for\u00e7as dentro do Congresso Nacional segue acirrada.<\/p>\n\n\n\n<h3 class=\"wp-block-heading\">Os servidores n\u00e3o podem pagar pelos erros do Congresso<\/h3>\n\n\n\n<p>Outro ponto importante da reuni\u00e3o emergencial entre Governo Federal e entidades do servi\u00e7o federal de 26 de mar\u00e7o foi a negativa do MGI ao pedido das entidades classistas para realizar o pagamento retroativo via&nbsp;<a href=\"https:\/\/sinasefe.org.br\/site\/download\/carta-sinasefe-e-andes-sn-no-127-2025-folha-salarial-suplementar\" target=\"_blank\" rel=\"noreferrer noopener\">folha suplementar<\/a>, o que&nbsp;<strong>poder\u00e1 provocar mais um preju\u00edzo aos servidores caso sofram com a indevida incid\u00eancia do Imposto de Renda sobre parcelas pret\u00e9ritas<\/strong>, decorrentes da grande demora para o cumprimento dos acordos por parte do Executivo Federal.<\/p>\n\n\n\n<p><strong>Seguiremos na luta pela efetiva\u00e7\u00e3o do reajuste e pelo cumprimento integral dos termos de acordo!<\/strong><\/p>\n\n\n\n<p><em>Fonte e imagens: Sinasefe e Fonasefe<\/em><\/p>\n","protected":false},"excerpt":{"rendered":"<p>O impasse travado pela ala conservadora (extrema-direita e centr\u00e3o) do Congresso na&nbsp;aprova\u00e7\u00e3o da Lei Or\u00e7ament\u00e1ria Anual (LOA) de 2025&nbsp;gerou instabilidade financeira para o pa\u00eds e prejudicou milh\u00f5es de servidores p\u00fablicos, que sofrem com o atraso de tr\u00eas meses na data prevista para a recomposi\u00e7\u00e3o salarial, firmada em acordos entre o Governo e entidades representativas do<\/p>\n","protected":false},"author":7,"featured_media":7179,"comment_status":"closed","ping_status":"closed","sticky":true,"template":"","format":"standard","meta":{"footnotes":""},"categories":[37,42,45,46],"tags":[201,213],"class_list":{"0":"post-7178","1":"post","2":"type-post","3":"status-publish","4":"format-standard","5":"has-post-thumbnail","7":"category-destaque","8":"category-noticia","9":"category-sindicato","10":"category-uncategorized","11":"tag-reajuste-salarial","12":"tag-servico-publico"},"_links":{"self":[{"href":"https:\/\/sinasefesm.com\/index.php\/wp-json\/wp\/v2\/posts\/7178","targetHints":{"allow":["GET"]}}],"collection":[{"href":"https:\/\/sinasefesm.com\/index.php\/wp-json\/wp\/v2\/posts"}],"about":[{"href":"https:\/\/sinasefesm.com\/index.php\/wp-json\/wp\/v2\/types\/post"}],"author":[{"embeddable":true,"href":"https:\/\/sinasefesm.com\/index.php\/wp-json\/wp\/v2\/users\/7"}],"replies":[{"embeddable":true,"href":"https:\/\/sinasefesm.com\/index.php\/wp-json\/wp\/v2\/comments?post=7178"}],"version-history":[{"count":0,"href":"https:\/\/sinasefesm.com\/index.php\/wp-json\/wp\/v2\/posts\/7178\/revisions"}],"wp:featuredmedia":[{"embeddable":true,"href":"https:\/\/sinasefesm.com\/index.php\/wp-json\/"}],"wp:attachment":[{"href":"https:\/\/sinasefesm.com\/index.php\/wp-json\/wp\/v2\/media?parent=7178"}],"wp:term":[{"taxonomy":"category","embeddable":true,"href":"https:\/\/sinasefesm.com\/index.php\/wp-json\/wp\/v2\/categories?post=7178"},{"taxonomy":"post_tag","embeddable":true,"href":"https:\/\/sinasefesm.com\/index.php\/wp-json\/wp\/v2\/tags?post=7178"}],"curies":[{"name":"wp","href":"https:\/\/api.w.org\/{rel}","templated":true}]}}