{"id":7184,"date":"2025-04-09T22:05:37","date_gmt":"2025-04-09T22:05:37","guid":{"rendered":"https:\/\/sinasefesm.com\/?p=7184"},"modified":"2025-04-09T22:05:37","modified_gmt":"2025-04-09T22:05:37","slug":"sindicatos-pedem-democracia-em-eleicao-a-reitoria-da-ufsm","status":"publish","type":"post","link":"https:\/\/sinasefesm.com\/index.php\/2025\/04\/09\/sindicatos-pedem-democracia-em-eleicao-a-reitoria-da-ufsm\/","title":{"rendered":"Sindicatos pedem democracia em elei\u00e7\u00e3o \u00e0 reitoria da UFSM"},"content":{"rendered":"\n<p>Nesta semana, os quatro sindicatos que representam os segmentos docentes e de servidores\/as t\u00e9cnico-administrativos\/as da UFSM se uniram em defesa de um processo eleitoral \u00e0 reitoria da institui\u00e7\u00e3o que prime pela democracia interna. E um dos pontos que fazem parte dessa campanha do Sinasefe SM, Sedufsm, Assufsm e Atens, \u00e9 a defesa da paridade, ou seja, que os tr\u00eas segmentos (docentes, t\u00e9cnicos\/as e estudantes) tenham o mesmo peso no voto, ou seja, 1\/3, 1\/3, 1\/3.<\/p>\n\n\n\n<p>E nesta ter\u00e7a, 8 de abril, a reitoria da UFSM divulgou que haver\u00e1 <a href=\"https:\/\/www.ufsm.br\/reitoria\/conselhos-superiores\/2025\/03\/24\/sessao-de-n-878-do-conselho-universitario\">reuni\u00e3o do Conselho Universit\u00e1rio<\/a> (Consu) na sexta, 11 de abril, pela manh\u00e3. Dentre os pontos de pauta, a defini\u00e7\u00e3o de como ser\u00e1 o processo eleitoral na universidade, que passa pela realiza\u00e7\u00e3o de uma Pesquisa de Opini\u00e3o junto \u00e0 comunidade universit\u00e1ria no dia 25 de junho. Conforme a minuta encaminhada ao Consu, essa pesquisa ser\u00e1 com voto parit\u00e1rio.<\/p>\n\n\n\n<p>Entretanto, haver\u00e1 um segundo momento, quando o resultado dessa pesquisa vai aos Conselhos Superiores, possivelmente no m\u00eas de julho, quando essas inst\u00e2ncias decis\u00f3rias da institui\u00e7\u00e3o, mediante uma propor\u00e7\u00e3o de 70% de docentes e 30% dos demais segmentos, conforme prev\u00ea a legisla\u00e7\u00e3o, definem a lista tr\u00edplice que \u00e9 encaminhada ao MEC para nomea\u00e7\u00e3o do\/a reitor\/a e vice-reitor\/a.<\/p>\n\n\n\n<p>Nesta quarta-feira, 9 de abril, os quatro sindicatos divulgaram uma nota no jornal Di\u00e1rio de Santa Maria sobre a tem\u00e1tica da paridade e da democratiza\u00e7\u00e3o interna da UFSM. Tamb\u00e9m nesta quarta, foi divulgado um artigo conjunto das entidades, assinado por alguns de seus dirigentes. Confira a \u00edntegra abaixo:<\/p>\n\n\n\n<p>\u201c<strong>Por uma UFSM mais democr\u00e1tica<\/strong><\/p>\n\n\n\n<p>O Conselho Universit\u00e1rio (Consu) da UFSM decidir\u00e1 em breve o formato da elei\u00e7\u00e3o para a reitoria. Em 2021, devido ao cen\u00e1rio autorit\u00e1rio do governo federal, a universidade adotou um processo question\u00e1vel, com uma &#8220;pesquisa de opini\u00e3o&#8221; com a comunidade universit\u00e1ria, depois referendada nos conselhos superiores para definir a lista tr\u00edplice. Naquela ocasi\u00e3o, por ordem judicial, retomou-se uma f\u00f3rmula pouco democr\u00e1tica de escolha para os cargos mais altos da institui\u00e7\u00e3o.<\/p>\n\n\n\n<p>Hoje, vivemos um novo momento pol\u00edtico, e as entidades representativas de docentes e t\u00e9cnico-administrativos exigem&nbsp;<strong>democracia plena<\/strong>&nbsp;na UFSM. A legisla\u00e7\u00e3o atual determina que a vota\u00e7\u00e3o nos conselhos superiores tenha 70% de peso para docentes e apenas 30% para as demais categorias, o que \u00e9&nbsp;<strong>injusto e antidemocr\u00e1tico<\/strong>. Se nas elei\u00e7\u00f5es nacionais todos os votos valem igual, por que na universidade isso n\u00e3o acontece?&nbsp;<\/p>\n\n\n\n<p><strong>A paridade j\u00e1 \u00e9 realidade em 75% das universidades federais<\/strong>, com votos equilibrados entre estudantes, t\u00e9cnico-administrativos e docentes (cada um com 1\/3 de peso). A UFSM, que por mais de 20 anos adotou esse sistema, deve retomar seu compromisso com a democracia e garantir que todas as categorias tenham&nbsp;<strong>igual valor no processo eleitoral<\/strong>.&nbsp;<\/p>\n\n\n\n<p>O ambiente universit\u00e1rio deve ser democr\u00e1tico e plural. Ser espa\u00e7o para o debate, para as vozes dissonantes. No entanto, vemos, nos \u00faltimos anos, mecanismos que tentam diminuir a democracia interna, com propostas sendo levadas aos conselhos \u2013 como o pr\u00f3prio regimento eleitoral &#8211; \u2013 sem que a comunidade tenha sido consultada e havido o amplo debate.<\/p>\n\n\n\n<p>Pelo que vivemos nas universidades federais, no governo passado, est\u00e1 evidente que \u00e9 mais do que urgente mudarmos a legisla\u00e7\u00e3o, que torna a autonomia universit\u00e1ria insegura.&nbsp; Isto porque, driblar uma&nbsp;legisla\u00e7\u00e3o de 1968, que n\u00e3o atende \u00e0 realidade democr\u00e1tica, as institui\u00e7\u00f5es criam normativas para garantir a igualdade nos pesos de votos na escolha da gest\u00e3o. Por isso, \u00e9&nbsp;urgente mudar a legisla\u00e7\u00e3o para assegurar&nbsp;<strong>autonomia universit\u00e1ria e igualdade de representa\u00e7\u00e3o<\/strong>, como j\u00e1 ocorre nos Institutos Federais.&nbsp;<\/p>\n\n\n\n<p>A universidade deve refletir a diversidade da sociedade. Com a expans\u00e3o das universidades federais e a maior inclus\u00e3o de estudantes e servidores e servidoras, \u00e9 inaceit\u00e1vel manter um modelo de gest\u00e3o arcaico e desigual. S\u00f3 com&nbsp;<strong>participa\u00e7\u00e3o democr\u00e1tica real<\/strong>&nbsp;ser\u00e1 poss\u00edvel construir uma universidade mais justa, sem hierarquias que perpetuem o poder de poucos.&nbsp;&nbsp;<strong>Pela paridade j\u00e1! Pela democracia universit\u00e1ria!\u201d<\/strong><br><br><em>(1) Everton Lazzaretti Picolotto \u00e9 presidente da Sedufsm;<\/em><br><em>(2) Nat\u00e1lia San Martin dos Santos, Alessandra Alfaro Bastos e Ciro Oliveira s\u00e3o da coordena\u00e7\u00e3o-geral da Assufsm;<br>(3) Jos\u00e9 Ab\u00edlio Lima de Freitas \u00e9 coordenador-geral do Sinasefe-SM;<br>(4) Salete de Jesus Souza Rizzati \u00e9 presidenta da ATENS-SM.<\/em><\/p>\n\n\n\n<p><em>Edi\u00e7\u00e3o: Fritz Rivail<br>Imagem: Italo de Paula\/Sedufsm<\/em><\/p>\n","protected":false},"excerpt":{"rendered":"<p>Nesta semana, os quatro sindicatos que representam os segmentos docentes e de servidores\/as t\u00e9cnico-administrativos\/as da UFSM se uniram em defesa de um processo eleitoral \u00e0 reitoria da institui\u00e7\u00e3o que prime pela democracia interna. E um dos pontos que fazem parte dessa campanha do Sinasefe SM, Sedufsm, Assufsm e Atens, \u00e9 a defesa da paridade, ou<\/p>\n","protected":false},"author":7,"featured_media":7185,"comment_status":"closed","ping_status":"closed","sticky":true,"template":"","format":"standard","meta":{"footnotes":""},"categories":[41,42,45],"tags":[167,225],"class_list":{"0":"post-7184","1":"post","2":"type-post","3":"status-publish","4":"format-standard","5":"has-post-thumbnail","7":"category-movimento","8":"category-noticia","9":"category-sindicato","10":"tag-mec","11":"tag-ufsm"},"_links":{"self":[{"href":"https:\/\/sinasefesm.com\/index.php\/wp-json\/wp\/v2\/posts\/7184","targetHints":{"allow":["GET"]}}],"collection":[{"href":"https:\/\/sinasefesm.com\/index.php\/wp-json\/wp\/v2\/posts"}],"about":[{"href":"https:\/\/sinasefesm.com\/index.php\/wp-json\/wp\/v2\/types\/post"}],"author":[{"embeddable":true,"href":"https:\/\/sinasefesm.com\/index.php\/wp-json\/wp\/v2\/users\/7"}],"replies":[{"embeddable":true,"href":"https:\/\/sinasefesm.com\/index.php\/wp-json\/wp\/v2\/comments?post=7184"}],"version-history":[{"count":0,"href":"https:\/\/sinasefesm.com\/index.php\/wp-json\/wp\/v2\/posts\/7184\/revisions"}],"wp:featuredmedia":[{"embeddable":true,"href":"https:\/\/sinasefesm.com\/index.php\/wp-json\/"}],"wp:attachment":[{"href":"https:\/\/sinasefesm.com\/index.php\/wp-json\/wp\/v2\/media?parent=7184"}],"wp:term":[{"taxonomy":"category","embeddable":true,"href":"https:\/\/sinasefesm.com\/index.php\/wp-json\/wp\/v2\/categories?post=7184"},{"taxonomy":"post_tag","embeddable":true,"href":"https:\/\/sinasefesm.com\/index.php\/wp-json\/wp\/v2\/tags?post=7184"}],"curies":[{"name":"wp","href":"https:\/\/api.w.org\/{rel}","templated":true}]}}