{"id":7194,"date":"2025-04-11T20:25:47","date_gmt":"2025-04-11T20:25:47","guid":{"rendered":"https:\/\/sinasefesm.com\/?p=7194"},"modified":"2025-05-26T14:32:03","modified_gmt":"2025-05-26T17:32:03","slug":"sinasefe-busca-apoio-parlamentar-aos-acordos-de-greve","status":"publish","type":"post","link":"https:\/\/sinasefesm.com\/index.php\/2025\/04\/11\/sinasefe-busca-apoio-parlamentar-aos-acordos-de-greve\/","title":{"rendered":"Sinasefe busca apoio parlamentar aos acordos de greve"},"content":{"rendered":"\n<p>O Sinasefe esteve na\u00a0<a href=\"https:\/\/www.facebook.com\/sinasefe.nacional\/posts\/pfbid02ESD9WBpgkNgxUTosm4uhE47pxHSPdQx1KiA44Hi6idHcMrRevKaT5nJ6Mm5zEgbHl\" target=\"_blank\" rel=\"noreferrer noopener\">noite de quarta<\/a>\u00a0(09\/04) na C\u00e2mara dos Deputados, em Bras\u00edlia-DF, em reuni\u00e3o com o deputado federal Orlando Silva (PCdB-SP), articulando apoio do parlamentar para cobrar do Governo Lula o cumprimento imediato dos itens dos Termos de Acordo\u00a0<a href=\"https:\/\/sinasefe.org.br\/site\/download\/termo-de-acordo-no-10-greve-2024-reestruturacao-do-pccmf-ebtt\" target=\"_blank\" rel=\"noreferrer noopener\">n\u00b0 10\/2024<\/a>\u00a0e\u00a0<a href=\"https:\/\/sinasefe.org.br\/site\/download\/termo-de-acordo-no-11-greve-2024-reestruturacao-do-pcctae\" target=\"_blank\" rel=\"noreferrer noopener\">n\u00b0 11\/2024<\/a>\u00a0\u2013\u00a0<a href=\"https:\/\/sinasefe.org.br\/site\/sinasefe-assina-acordos-e-categoria-retoma-atividades-ate-03-07\" target=\"_blank\" rel=\"noreferrer noopener\">assinados em 27 de junho do ano passado<\/a>, na suspens\u00e3o da <a href=\"https:\/\/sinasefe.org.br\/site\/greve-2024\" target=\"_blank\" rel=\"noreferrer noopener\">greve<\/a>.<\/p>\n\n\n\n<p>Al\u00e9m disso, uma situa\u00e7\u00e3o de infraestrutura do IFPE (<em>campus<\/em>&nbsp;Cabo de Santo Agostinho-PE) \u2013 problema de acesso prometido e n\u00e3o encaminhado pela governadora Raquel Lyra (PSD) \u2013 e a quest\u00e3o da&nbsp;<a href=\"https:\/\/sinasefe.org.br\/site\/basta-de-perseguicao-pela-reintegracao-imediata-do-professor-gustavo-cornelio\" target=\"_blank\" rel=\"noreferrer noopener\">demiss\u00e3o injusta do professor Gustavo Corn\u00e9lio<\/a>&nbsp;pelo Col\u00e9gio Brigadeiro Newton Braga tamb\u00e9m est\u00e3o em pauta na reuni\u00e3o.<\/p>\n\n\n\n<h3 class=\"wp-block-heading\">Representa\u00e7\u00e3o do sindicato<\/h3>\n\n\n\n<p>O Sinasefe foi representado na reuni\u00e3o por Cristina Val\u00e9ria (<a href=\"https:\/\/sinasefe.org.br\/site\/documentos\/direcao-nacional\/coordenacao-de-politicas-para-questoes-etnico-raciais\" target=\"_blank\" rel=\"noreferrer noopener\">secret\u00e1ria-adjunta de pol\u00edticas \u00e9tnico-raciais<\/a>), Evaldo Gon\u00e7alves (<a href=\"https:\/\/sinasefe.org.br\/site\/documentos\/direcao-nacional\/coordenacao-de-politicas-para-questoes-etnico-raciais\" target=\"_blank\" rel=\"noreferrer noopener\">secret\u00e1rio de pol\u00edticas \u00e9tnico-raciais<\/a>), Francisco Raimundo de Freitas (<a href=\"https:\/\/sinasefe.org.br\/site\/documentos\/direcao-nacional\/coordenacao-juridica-e-relacao-de-trabalho\" target=\"_blank\" rel=\"noreferrer noopener\">secret\u00e1rio jur\u00eddico e rela\u00e7\u00e3o de trabalho<\/a>), Karla Bertotti (<a href=\"https:\/\/sinasefe.org.br\/site\/documentos\/direcao-nacional\/coordenacao-de-administracao-e-financas\" target=\"_blank\" rel=\"noreferrer noopener\">1\u00aa tesoureira<\/a>) e Raquel Nepomuceno (<a href=\"https:\/\/sinasefe.org.br\/site\/documentos\/direcao-nacional\/coordenacao-de-comunicacao\" target=\"_blank\" rel=\"noreferrer noopener\">secret\u00e1ria de comunica\u00e7\u00e3o<\/a>).<\/p>\n\n\n\n<p><em>Fonte e imagem: Sinasefe nacional<\/em><\/p>\n","protected":false},"excerpt":{"rendered":"<p>O Sinasefe esteve na\u00a0noite de quarta\u00a0(09\/04) na C\u00e2mara dos Deputados, em Bras\u00edlia-DF, em reuni\u00e3o com o deputado federal Orlando Silva (PCdB-SP), articulando apoio do parlamentar para cobrar do Governo Lula o cumprimento imediato dos itens dos Termos de Acordo\u00a0n\u00b0 10\/2024\u00a0e\u00a0n\u00b0 11\/2024\u00a0\u2013\u00a0assinados em 27 de junho do ano passado, na suspens\u00e3o da greve. Al\u00e9m disso, uma<\/p>\n","protected":false},"author":7,"featured_media":7361,"comment_status":"closed","ping_status":"closed","sticky":true,"template":"","format":"standard","meta":{"footnotes":""},"categories":[37,42,45],"tags":[201,213],"class_list":{"0":"post-7194","1":"post","2":"type-post","3":"status-publish","4":"format-standard","5":"has-post-thumbnail","7":"category-destaque","8":"category-noticia","9":"category-sindicato","10":"tag-reajuste-salarial","11":"tag-servico-publico"},"_links":{"self":[{"href":"https:\/\/sinasefesm.com\/index.php\/wp-json\/wp\/v2\/posts\/7194","targetHints":{"allow":["GET"]}}],"collection":[{"href":"https:\/\/sinasefesm.com\/index.php\/wp-json\/wp\/v2\/posts"}],"about":[{"href":"https:\/\/sinasefesm.com\/index.php\/wp-json\/wp\/v2\/types\/post"}],"author":[{"embeddable":true,"href":"https:\/\/sinasefesm.com\/index.php\/wp-json\/wp\/v2\/users\/7"}],"replies":[{"embeddable":true,"href":"https:\/\/sinasefesm.com\/index.php\/wp-json\/wp\/v2\/comments?post=7194"}],"version-history":[{"count":1,"href":"https:\/\/sinasefesm.com\/index.php\/wp-json\/wp\/v2\/posts\/7194\/revisions"}],"predecessor-version":[{"id":7362,"href":"https:\/\/sinasefesm.com\/index.php\/wp-json\/wp\/v2\/posts\/7194\/revisions\/7362"}],"wp:featuredmedia":[{"embeddable":true,"href":"https:\/\/sinasefesm.com\/index.php\/wp-json\/wp\/v2\/media\/7361"}],"wp:attachment":[{"href":"https:\/\/sinasefesm.com\/index.php\/wp-json\/wp\/v2\/media?parent=7194"}],"wp:term":[{"taxonomy":"category","embeddable":true,"href":"https:\/\/sinasefesm.com\/index.php\/wp-json\/wp\/v2\/categories?post=7194"},{"taxonomy":"post_tag","embeddable":true,"href":"https:\/\/sinasefesm.com\/index.php\/wp-json\/wp\/v2\/tags?post=7194"}],"curies":[{"name":"wp","href":"https:\/\/api.w.org\/{rel}","templated":true}]}}