{"id":7197,"date":"2025-04-11T21:16:29","date_gmt":"2025-04-11T21:16:29","guid":{"rendered":"https:\/\/sinasefesm.com\/?p=7197"},"modified":"2025-05-26T14:31:46","modified_gmt":"2025-05-26T17:31:46","slug":"ufsm-conselho-aprova-pesquisa-eleitoral-com-voto-paritario","status":"publish","type":"post","link":"https:\/\/sinasefesm.com\/index.php\/2025\/04\/11\/ufsm-conselho-aprova-pesquisa-eleitoral-com-voto-paritario\/","title":{"rendered":"UFSM: Conselho aprova pesquisa eleitoral com voto parit\u00e1rio"},"content":{"rendered":"\n<p>A democracia na UFSM, t\u00e3o enfatizada na<strong><a href=\"https:\/\/sinasefesm.com\/sindicatos-pedem-democracia-em-eleicao-a-reitoria-da-ufsm\/\"> campanha<\/a><\/strong> recente encabe\u00e7ada por Sinasefe SM, Sedufsm, Assufsm e Atens-SM, teve um momento vitorioso. Isso em fun\u00e7\u00e3o de que a Pesquisa de Opini\u00e3o para saber a prefer\u00eancia em rela\u00e7\u00e3o ao cargo de reitor\/a e vice-reitor\/a na institui\u00e7\u00e3o ser\u00e1 por voto parit\u00e1rio, ou seja, com mesmo peso entre os segmentos: 1\/3 para docente; 1\/3 para t\u00e9cnico-administrativo\/a; 1\/3 para estudantes.<\/p>\n\n\n\n<p>A decis\u00e3o foi tomada na manh\u00e3 desta sexta, 11 de abril, na reuni\u00e3o do Conselho Universit\u00e1rio (Consu) da institui\u00e7\u00e3o. Conforme o documento elaborado pela Reitoria, que sofreu pequenas modifica\u00e7\u00f5es durante a sess\u00e3o, a pesquisa (ou consulta) ocorrer\u00e1 no dia 25 de junho, das 7h \u00e0s 22h, e o voto ser\u00e1 parit\u00e1rio, direto, facultativo, digital e secreto.<\/p>\n\n\n\n<p>O processo de pesquisa \u00e0 comunidade acad\u00eamica ser\u00e1 coordenado por uma comiss\u00e3o especial, que tem uma estrutura\u00e7\u00e3o subordinada \u00e0 legisla\u00e7\u00e3o, ou seja, com sua composi\u00e7\u00e3o sendo 70% de docentes e 30% dos demais segmentos (t\u00e9cnico\/as e estudantes). A data para instala\u00e7\u00e3o da Comiss\u00e3o \u00e9 o dia 28 de abril.<\/p>\n\n\n\n<p><strong>Sinasefe SM \u00e9 inclu\u00eddo na comiss\u00e3o que coordenar\u00e1 a Pesquisa<\/strong><\/p>\n\n\n\n<p>Na proposta inicial encaminhada ao Consu, al\u00e9m da indica\u00e7\u00e3o de seis docentes pelo Conselho, estavam previstos ainda um membro da Sedufsm, um membro da Assufsm, um membro da Atens-SM e um membro do DCE, totalizando 10 pessoas.<\/p>\n\n\n\n<p>Por sugest\u00e3o do professor Everton Picolotto, que al\u00e9m de conselheiro, \u00e9 presidente da Sedufsm, o Sinasefe SM foi inclu\u00eddo, tendo direito a indicar um componente \u00e0 comiss\u00e3o especial. A proposta foi bem aceita pelo reitor, professor Luciano Schuch, que sugeriu, ent\u00e3o, que ao inv\u00e9s de seis docentes, o Consu indicasse apenas cinco e o Sinasefe SM indicasse um docente, modifica\u00e7\u00e3o que foi acatada pela maioria.<\/p>\n\n\n\n<p>Para Claudio Kelling, tesoureiro-geral do Sinasefe Santa Maria, a presen\u00e7a do sindicato na comiss\u00e3o que ir\u00e1 coordenar a pesquisa eleitoral \u00e9 de extrema import\u00e2ncia, pois valoriza a entidade que representa um segmento importante, que \u00e9 a categoria EBTT. Ao mesmo tempo, possibilita que essa categoria possa acompanhar de perto um processo que precisa ter como prioridade, a democracia interna.<\/p>\n\n\n\n<p>J\u00e1 na tarde desta sexta, 11, a diretoria do Sinasefe SM entrou em contato com alguns filiados\/as e j\u00e1 tem um nome para indicar \u00e0 composi\u00e7\u00e3o da comiss\u00e3o especial: \u00e9 o professor do Col\u00e9gio T\u00e9cnico Industrial (Ctism), Marco Aur\u00e9lio Garcia Bandeira.<\/p>\n\n\n\n<p>A pesquisa \u00e9 apenas o primeiro passo no processo sucess\u00f3rio da UFSM. O resultado final, com a elei\u00e7\u00e3o do\/a reitor\/a e do\/a vice-reitor\/a e a elabora\u00e7\u00e3o de uma lista tr\u00edplice a ser encaminhada ao Minist\u00e9rio da Educa\u00e7\u00e3o, deve ocorrer no m\u00eas de julho. Quem faz essa escolha s\u00e3o os conselhos superiores reunidos, seguindo a legisla\u00e7\u00e3o federal, que determina 70% de presen\u00e7a docente e 30% de presen\u00e7a dos demais segmentos.<\/p>\n\n\n\n<p><em>Texto: Fritz Rivail<br>Imagem: Print<\/em><\/p>\n","protected":false},"excerpt":{"rendered":"<p>A democracia na UFSM, t\u00e3o enfatizada na campanha recente encabe\u00e7ada por Sinasefe SM, Sedufsm, Assufsm e Atens-SM, teve um momento vitorioso. Isso em fun\u00e7\u00e3o de que a Pesquisa de Opini\u00e3o para saber a prefer\u00eancia em rela\u00e7\u00e3o ao cargo de reitor\/a e vice-reitor\/a na institui\u00e7\u00e3o ser\u00e1 por voto parit\u00e1rio, ou seja, com mesmo peso entre os<\/p>\n","protected":false},"author":7,"featured_media":7359,"comment_status":"closed","ping_status":"closed","sticky":true,"template":"","format":"standard","meta":{"footnotes":""},"categories":[37,42,45],"tags":[167,225],"class_list":{"0":"post-7197","1":"post","2":"type-post","3":"status-publish","4":"format-standard","5":"has-post-thumbnail","7":"category-destaque","8":"category-noticia","9":"category-sindicato","10":"tag-mec","11":"tag-ufsm"},"_links":{"self":[{"href":"https:\/\/sinasefesm.com\/index.php\/wp-json\/wp\/v2\/posts\/7197","targetHints":{"allow":["GET"]}}],"collection":[{"href":"https:\/\/sinasefesm.com\/index.php\/wp-json\/wp\/v2\/posts"}],"about":[{"href":"https:\/\/sinasefesm.com\/index.php\/wp-json\/wp\/v2\/types\/post"}],"author":[{"embeddable":true,"href":"https:\/\/sinasefesm.com\/index.php\/wp-json\/wp\/v2\/users\/7"}],"replies":[{"embeddable":true,"href":"https:\/\/sinasefesm.com\/index.php\/wp-json\/wp\/v2\/comments?post=7197"}],"version-history":[{"count":1,"href":"https:\/\/sinasefesm.com\/index.php\/wp-json\/wp\/v2\/posts\/7197\/revisions"}],"predecessor-version":[{"id":7360,"href":"https:\/\/sinasefesm.com\/index.php\/wp-json\/wp\/v2\/posts\/7197\/revisions\/7360"}],"wp:featuredmedia":[{"embeddable":true,"href":"https:\/\/sinasefesm.com\/index.php\/wp-json\/wp\/v2\/media\/7359"}],"wp:attachment":[{"href":"https:\/\/sinasefesm.com\/index.php\/wp-json\/wp\/v2\/media?parent=7197"}],"wp:term":[{"taxonomy":"category","embeddable":true,"href":"https:\/\/sinasefesm.com\/index.php\/wp-json\/wp\/v2\/categories?post=7197"},{"taxonomy":"post_tag","embeddable":true,"href":"https:\/\/sinasefesm.com\/index.php\/wp-json\/wp\/v2\/tags?post=7197"}],"curies":[{"name":"wp","href":"https:\/\/api.w.org\/{rel}","templated":true}]}}