{"id":7203,"date":"2025-04-14T16:22:34","date_gmt":"2025-04-14T16:22:34","guid":{"rendered":"https:\/\/sinasefesm.com\/?p=7203"},"modified":"2025-05-26T14:31:22","modified_gmt":"2025-05-26T17:31:22","slug":"sinasefe-e-andes-sn-em-ato-unificado-sobre-ponto-ebtt","status":"publish","type":"post","link":"https:\/\/sinasefesm.com\/index.php\/2025\/04\/14\/sinasefe-e-andes-sn-em-ato-unificado-sobre-ponto-ebtt\/","title":{"rendered":"Sinasefe e Andes-SN em ato unificado sobre Ponto EBTT"},"content":{"rendered":"\n<p>Na tarde de quinta-feira (10\/04), Sinasefe e\u00a0<a href=\"https:\/\/www.andes.org.br\/\" target=\"_blank\" rel=\"noreferrer noopener\">Andes-SN<\/a>\u00a0fizeram uma\u00a0<a href=\"https:\/\/sinasefe.org.br\/site\/ato-contra-rui-costa\" target=\"_blank\" rel=\"noreferrer noopener\">a\u00e7\u00e3o unificada<\/a>\u00a0para\u00a0<a href=\"https:\/\/sinasefe.org.br\/site\/controle-de-frequencia-ebtt-vamos-pressionar-o-ministro-da-casa-civil\" target=\"_blank\" rel=\"noreferrer noopener\">cobrar do ministro Rui Costa<\/a>\u00a0a altera\u00e7\u00e3o do\u00a0<a href=\"https:\/\/www.planalto.gov.br\/ccivil_03\/decreto\/D1590.htm\" target=\"_blank\" rel=\"noreferrer noopener\">Decreto 1590\/1995<\/a>, visando garantir a dispensa do ponto para docentes do EBTT.<\/p>\n\n\n\n<p>A dispensa de controle de frequ\u00eancia para os docentes da Rede Federal de Educa\u00e7\u00e3o Profissional, Cient\u00edfica e Tecnol\u00f3gica est\u00e1 prevista no&nbsp;<a href=\"https:\/\/sinasefe.org.br\/site\/download\/termo-de-acordo-no-10-greve-2024-reestruturacao-do-pccmf-ebtt\" target=\"_blank\" rel=\"noreferrer noopener\">Termo de Acordo n\u00ba 10\/2024<\/a>,&nbsp;<a href=\"https:\/\/sinasefe.org.br\/site\/sinasefe-assina-acordos-e-categoria-retoma-atividades-ate-03-07\" target=\"_blank\" rel=\"noreferrer noopener\">firmado em 27 de junho do ano passado<\/a>&nbsp;entre SINASEFE, Andes-SN e Governo Lula.<\/p>\n\n\n\n<p>Conforme estabelecido no&nbsp;<a href=\"https:\/\/sinasefe.org.br\/site\/download\/termo-de-acordo-no-10-greve-2024-reestruturacao-do-pccmf-ebtt\" target=\"_blank\" rel=\"noreferrer noopener\">Acordo<\/a>&nbsp;de&nbsp;<a href=\"https:\/\/sinasefe.org.br\/site\/greve-2024\" target=\"_blank\" rel=\"noreferrer noopener\">Greve<\/a>, a tramita\u00e7\u00e3o da altera\u00e7\u00e3o do Decreto 1590\/1995 deveria ter ocorrido imediatamente ap\u00f3s a assinatura do documento. No entanto, j\u00e1 se passaram mais de dez meses sem que a publica\u00e7\u00e3o tenha sido efetivada.<\/p>\n\n\n\n<p>Conforme encaminhamento da&nbsp;<a href=\"https:\/\/sinasefe.org.br\/site\/reuniao-semanal-sinasefe-e-andes-sn-tracam-estrategias-conjuntas-para-cobrar-fim-do-ponto-ebtt\" target=\"_blank\" rel=\"noreferrer noopener\">reuni\u00e3o de 08\/04<\/a>&nbsp;entre SINASEFE e Andes-SN, as duas entidades realizaram um ato de cobran\u00e7a ao Governo na Pra\u00e7a dos Tr\u00eas Poderes, em Bras\u00edlia-DF.<\/p>\n\n\n\n<h3 class=\"wp-block-heading\">Representa\u00e7\u00e3o do SINASEFE<\/h3>\n\n\n\n<p>Participaram por nosso sindicato: Cristina Val\u00e9ria (<a href=\"https:\/\/sinasefe.org.br\/site\/documentos\/direcao-nacional\/coordenacao-de-politicas-para-questoes-etnico-raciais\" target=\"_blank\" rel=\"noreferrer noopener\">secret\u00e1ria-adjunta de pol\u00edticas \u00e9tnico-raciais<\/a>), Evaldo Gon\u00e7alves (<a href=\"https:\/\/sinasefe.org.br\/site\/documentos\/direcao-nacional\/coordenacao-de-politicas-para-questoes-etnico-raciais\" target=\"_blank\" rel=\"noreferrer noopener\">secret\u00e1rio de pol\u00edticas \u00e9tnico-raciais<\/a>) e Raquel Nepomuceno (<a href=\"https:\/\/sinasefe.org.br\/site\/documentos\/direcao-nacional\/coordenacao-de-comunicacao\" target=\"_blank\" rel=\"noreferrer noopener\">secret\u00e1ria de comunica\u00e7\u00e3o<\/a>).<br><br>Fonte e imagem: Sinasefe Nacional<\/p>\n","protected":false},"excerpt":{"rendered":"<p>Na tarde de quinta-feira (10\/04), Sinasefe e\u00a0Andes-SN\u00a0fizeram uma\u00a0a\u00e7\u00e3o unificada\u00a0para\u00a0cobrar do ministro Rui Costa\u00a0a altera\u00e7\u00e3o do\u00a0Decreto 1590\/1995, visando garantir a dispensa do ponto para docentes do EBTT. A dispensa de controle de frequ\u00eancia para os docentes da Rede Federal de Educa\u00e7\u00e3o Profissional, Cient\u00edfica e Tecnol\u00f3gica est\u00e1 prevista no&nbsp;Termo de Acordo n\u00ba 10\/2024,&nbsp;firmado em 27 de junho<\/p>\n","protected":false},"author":7,"featured_media":7357,"comment_status":"closed","ping_status":"closed","sticky":true,"template":"","format":"standard","meta":{"footnotes":""},"categories":[41,42],"tags":[201,213],"class_list":{"0":"post-7203","1":"post","2":"type-post","3":"status-publish","4":"format-standard","5":"has-post-thumbnail","7":"category-movimento","8":"category-noticia","9":"tag-reajuste-salarial","10":"tag-servico-publico"},"_links":{"self":[{"href":"https:\/\/sinasefesm.com\/index.php\/wp-json\/wp\/v2\/posts\/7203","targetHints":{"allow":["GET"]}}],"collection":[{"href":"https:\/\/sinasefesm.com\/index.php\/wp-json\/wp\/v2\/posts"}],"about":[{"href":"https:\/\/sinasefesm.com\/index.php\/wp-json\/wp\/v2\/types\/post"}],"author":[{"embeddable":true,"href":"https:\/\/sinasefesm.com\/index.php\/wp-json\/wp\/v2\/users\/7"}],"replies":[{"embeddable":true,"href":"https:\/\/sinasefesm.com\/index.php\/wp-json\/wp\/v2\/comments?post=7203"}],"version-history":[{"count":1,"href":"https:\/\/sinasefesm.com\/index.php\/wp-json\/wp\/v2\/posts\/7203\/revisions"}],"predecessor-version":[{"id":7358,"href":"https:\/\/sinasefesm.com\/index.php\/wp-json\/wp\/v2\/posts\/7203\/revisions\/7358"}],"wp:featuredmedia":[{"embeddable":true,"href":"https:\/\/sinasefesm.com\/index.php\/wp-json\/wp\/v2\/media\/7357"}],"wp:attachment":[{"href":"https:\/\/sinasefesm.com\/index.php\/wp-json\/wp\/v2\/media?parent=7203"}],"wp:term":[{"taxonomy":"category","embeddable":true,"href":"https:\/\/sinasefesm.com\/index.php\/wp-json\/wp\/v2\/categories?post=7203"},{"taxonomy":"post_tag","embeddable":true,"href":"https:\/\/sinasefesm.com\/index.php\/wp-json\/wp\/v2\/tags?post=7203"}],"curies":[{"name":"wp","href":"https:\/\/api.w.org\/{rel}","templated":true}]}}