{"id":7206,"date":"2025-04-16T20:06:13","date_gmt":"2025-04-16T20:06:13","guid":{"rendered":"https:\/\/sinasefesm.com\/?p=7206"},"modified":"2025-05-26T14:31:09","modified_gmt":"2025-05-26T17:31:09","slug":"confira-tabelas-salariais-na-analise-das-comissoes-do-sinasefe","status":"publish","type":"post","link":"https:\/\/sinasefesm.com\/index.php\/2025\/04\/16\/confira-tabelas-salariais-na-analise-das-comissoes-do-sinasefe\/","title":{"rendered":"Confira tabelas salariais na an\u00e1lise das comiss\u00f5es do Sinasefe"},"content":{"rendered":"\n<p>As comiss\u00f5es de assessoramento do Sinasefe (<a href=\"https:\/\/sinasefe.org.br\/site\/comissoes\/cns\/\" target=\"_blank\" rel=\"noreferrer noopener\">CNS<\/a>\u00a0e\u00a0<a href=\"https:\/\/sinasefe.org.br\/site\/comissoes\/cnd\/\" target=\"_blank\" rel=\"noreferrer noopener\">CND<\/a>) analisaram os\u00a0<a href=\"https:\/\/sinasefe.org.br\/site\/sinasefe-assina-acordos-e-categoria-retoma-atividades-ate-03-07\/\" target=\"_blank\" rel=\"noreferrer noopener\">acordos provenientes da Greve de 2024<\/a>\u00a0e divulgaram as tabelas salariais para 2025 e 2026. Os documentos apresentam um breve hist\u00f3rico do movimento grevista e do processo negocial, al\u00e9m de elencar os valores dos sal\u00e1rios a partir de 2025.<\/p>\n\n\n\n<p>Confira a an\u00e1lise do\u00a0<a href=\"https:\/\/sinasefe.org.br\/site\/download\/termo-de-acordo-no-11-greve-2024-reestruturacao-do-pcctae\/\">Termo de Acordo n\u00ba 11<\/a>\u00a0(relativo aos t\u00e9cnico-administrativos em educa\u00e7\u00e3o \u2013 PCCTAE).<\/p>\n\n\n\n<h3 class=\"wp-block-heading\">Downloads<\/h3>\n\n\n\n<p><a href=\"https:\/\/sinasefe.org.br\/site\/download\/analise-das-alteracoes-no-pcctae-com-a-greve-da-educacao-publica-federal-em-2024\/\" target=\"_blank\" rel=\"noreferrer noopener\">Baixe aqui<\/a>&nbsp;a an\u00e1lise com as tabelas do PCCTAE.<\/p>\n\n\n\n<p><a href=\"https:\/\/sinasefe.org.br\/site\/download\/analise-das-alteracoes-na-carreira-docente-com-a-greve-da-educacao-publica-federal-em-2024\" target=\"_blank\" rel=\"noreferrer noopener\">Baixe aqui<\/a>\u00a0a an\u00e1lise com as tabelas do PCCMF\/EBTT.<\/p>\n\n\n\n<p><em>Fonte e imagem: Sinasefe Nacional<\/em><\/p>\n","protected":false},"excerpt":{"rendered":"<p>As comiss\u00f5es de assessoramento do Sinasefe (CNS\u00a0e\u00a0CND) analisaram os\u00a0acordos provenientes da Greve de 2024\u00a0e divulgaram as tabelas salariais para 2025 e 2026. Os documentos apresentam um breve hist\u00f3rico do movimento grevista e do processo negocial, al\u00e9m de elencar os valores dos sal\u00e1rios a partir de 2025. Confira a an\u00e1lise do\u00a0Termo de Acordo n\u00ba 11\u00a0(relativo aos<\/p>\n","protected":false},"author":7,"featured_media":7355,"comment_status":"closed","ping_status":"closed","sticky":true,"template":"","format":"standard","meta":{"footnotes":""},"categories":[37,42,45],"tags":[201,213],"class_list":{"0":"post-7206","1":"post","2":"type-post","3":"status-publish","4":"format-standard","5":"has-post-thumbnail","7":"category-destaque","8":"category-noticia","9":"category-sindicato","10":"tag-reajuste-salarial","11":"tag-servico-publico"},"_links":{"self":[{"href":"https:\/\/sinasefesm.com\/index.php\/wp-json\/wp\/v2\/posts\/7206","targetHints":{"allow":["GET"]}}],"collection":[{"href":"https:\/\/sinasefesm.com\/index.php\/wp-json\/wp\/v2\/posts"}],"about":[{"href":"https:\/\/sinasefesm.com\/index.php\/wp-json\/wp\/v2\/types\/post"}],"author":[{"embeddable":true,"href":"https:\/\/sinasefesm.com\/index.php\/wp-json\/wp\/v2\/users\/7"}],"replies":[{"embeddable":true,"href":"https:\/\/sinasefesm.com\/index.php\/wp-json\/wp\/v2\/comments?post=7206"}],"version-history":[{"count":1,"href":"https:\/\/sinasefesm.com\/index.php\/wp-json\/wp\/v2\/posts\/7206\/revisions"}],"predecessor-version":[{"id":7356,"href":"https:\/\/sinasefesm.com\/index.php\/wp-json\/wp\/v2\/posts\/7206\/revisions\/7356"}],"wp:featuredmedia":[{"embeddable":true,"href":"https:\/\/sinasefesm.com\/index.php\/wp-json\/wp\/v2\/media\/7355"}],"wp:attachment":[{"href":"https:\/\/sinasefesm.com\/index.php\/wp-json\/wp\/v2\/media?parent=7206"}],"wp:term":[{"taxonomy":"category","embeddable":true,"href":"https:\/\/sinasefesm.com\/index.php\/wp-json\/wp\/v2\/categories?post=7206"},{"taxonomy":"post_tag","embeddable":true,"href":"https:\/\/sinasefesm.com\/index.php\/wp-json\/wp\/v2\/tags?post=7206"}],"curies":[{"name":"wp","href":"https:\/\/api.w.org\/{rel}","templated":true}]}}