{"id":7209,"date":"2025-04-17T21:14:43","date_gmt":"2025-04-17T21:14:43","guid":{"rendered":"https:\/\/sinasefesm.com\/?p=7209"},"modified":"2025-05-26T14:30:53","modified_gmt":"2025-05-26T17:30:53","slug":"sinasefe-convoca-assembleia-para-debater-eleicao-no-sindicato","status":"publish","type":"post","link":"https:\/\/sinasefesm.com\/index.php\/2025\/04\/17\/sinasefe-convoca-assembleia-para-debater-eleicao-no-sindicato\/","title":{"rendered":"Sinasefe convoca assembleia para debater elei\u00e7\u00e3o no sindicato"},"content":{"rendered":"\n<p>A dire\u00e7\u00e3o do Sinasefe Santa Maria est\u00e1 convidando filiados e filiadas para a assembleia geral que ocorrer\u00e1 na pr\u00f3xima sexta, 25 de abril, com primeira chamada \u00e0s 14h15 e segunda chamada \u00e0s 14h30.<\/p>\n\n\n\n<p>A plen\u00e1ria possui uma \u00fanica pauta: &#8211; <strong><em>Processo eleitoral<\/em><\/strong>. A reuni\u00e3o acontece na sede do Sinasefe SM, na Avenida Rio Branco, n\u00ba 601, Sala 02.<\/p>\n\n\n\n<p>Conforme orienta\u00e7\u00e3o encaminhada pelo sindicato a sindicalizados e sindicalizadas, o t\u00e9rmino da atual gest\u00e3o est\u00e1 pr\u00f3ximo e \u00e9 preciso discutir a estrutura\u00e7\u00e3o de uma chapa para a elei\u00e7\u00e3o prevista para o pr\u00f3ximo m\u00eas de maio.<\/p>\n\n\n\n<p><em>Texto: Fritz Rivail<br>Arte: Divulga\u00e7\u00e3o<\/em><\/p>\n","protected":false},"excerpt":{"rendered":"<p>A dire\u00e7\u00e3o do Sinasefe Santa Maria est\u00e1 convidando filiados e filiadas para a assembleia geral que ocorrer\u00e1 na pr\u00f3xima sexta, 25 de abril, com primeira chamada \u00e0s 14h15 e segunda chamada \u00e0s 14h30. A plen\u00e1ria possui uma \u00fanica pauta: &#8211; Processo eleitoral. A reuni\u00e3o acontece na sede do Sinasefe SM, na Avenida Rio Branco, n\u00ba<\/p>\n","protected":false},"author":7,"featured_media":7353,"comment_status":"closed","ping_status":"closed","sticky":true,"template":"","format":"standard","meta":{"footnotes":""},"categories":[37,42,45],"tags":[59,225],"class_list":{"0":"post-7209","1":"post","2":"type-post","3":"status-publish","4":"format-standard","5":"has-post-thumbnail","7":"category-destaque","8":"category-noticia","9":"category-sindicato","10":"tag-assembleia","11":"tag-ufsm"},"_links":{"self":[{"href":"https:\/\/sinasefesm.com\/index.php\/wp-json\/wp\/v2\/posts\/7209","targetHints":{"allow":["GET"]}}],"collection":[{"href":"https:\/\/sinasefesm.com\/index.php\/wp-json\/wp\/v2\/posts"}],"about":[{"href":"https:\/\/sinasefesm.com\/index.php\/wp-json\/wp\/v2\/types\/post"}],"author":[{"embeddable":true,"href":"https:\/\/sinasefesm.com\/index.php\/wp-json\/wp\/v2\/users\/7"}],"replies":[{"embeddable":true,"href":"https:\/\/sinasefesm.com\/index.php\/wp-json\/wp\/v2\/comments?post=7209"}],"version-history":[{"count":1,"href":"https:\/\/sinasefesm.com\/index.php\/wp-json\/wp\/v2\/posts\/7209\/revisions"}],"predecessor-version":[{"id":7354,"href":"https:\/\/sinasefesm.com\/index.php\/wp-json\/wp\/v2\/posts\/7209\/revisions\/7354"}],"wp:featuredmedia":[{"embeddable":true,"href":"https:\/\/sinasefesm.com\/index.php\/wp-json\/wp\/v2\/media\/7353"}],"wp:attachment":[{"href":"https:\/\/sinasefesm.com\/index.php\/wp-json\/wp\/v2\/media?parent=7209"}],"wp:term":[{"taxonomy":"category","embeddable":true,"href":"https:\/\/sinasefesm.com\/index.php\/wp-json\/wp\/v2\/categories?post=7209"},{"taxonomy":"post_tag","embeddable":true,"href":"https:\/\/sinasefesm.com\/index.php\/wp-json\/wp\/v2\/tags?post=7209"}],"curies":[{"name":"wp","href":"https:\/\/api.w.org\/{rel}","templated":true}]}}