{"id":7216,"date":"2025-04-22T20:04:07","date_gmt":"2025-04-22T20:04:07","guid":{"rendered":"https:\/\/sinasefesm.com\/?p=7216"},"modified":"2025-05-26T14:30:39","modified_gmt":"2025-05-26T17:30:39","slug":"a-importancia-do-sindicato-nas-conquistas-recentes","status":"publish","type":"post","link":"https:\/\/sinasefesm.com\/index.php\/2025\/04\/22\/a-importancia-do-sindicato-nas-conquistas-recentes\/","title":{"rendered":"A import\u00e2ncia do sindicato nas conquistas recentes"},"content":{"rendered":"\n<p>Na semana passada foi divulgada a pr\u00e9via do contracheque de abril, com valores a serem pagos no in\u00edcio de maio, no qual consta o reajuste de 9%, conquistado na greve de 2024, junto com outros pontos que fazem parte do acordo de greve.<\/p>\n\n\n\n<p>Para o coordenador-geral do Sinasefe em Santa Maria, professor Jos\u00e9 Abilio Lima de Freitas, a greve nacional de 86 dias foi fundamental para que essa conquista fosse alcan\u00e7ada. E, \u00e0 frente da greve, as lideran\u00e7as sindicais.<\/p>\n\n\n\n<p>Na vis\u00e3o de Ab\u00edlio, a import\u00e2ncia do sindicato \u00e9 percept\u00edvel no dia a dia, n\u00e3o apenas no momento da greve, mas tamb\u00e9m, na disposi\u00e7\u00e3o de quem vai a Bras\u00edlia, visita gabinetes de parlamentares, faz press\u00e3o aos minist\u00e9rios. \u201cO sindicato foi essencial na conquista da nova malha salarial, na altera\u00e7\u00e3o dos <em>steps<\/em>. Por\u00e9m, tamb\u00e9m deve ser creditado ao sindicato a implementa\u00e7\u00e3o do reajuste, pois em nenhum momento nossos companheiros esmoreceram ou deixaram de cobrar\u201d, frisa o coordenador-geral do Sinasefe SM.<\/p>\n\n\n\n<p>Jos\u00e9 Abilio destaca ainda que, quando se fala no papel do sindicato, \u00e9 importante lembrar a uni\u00e3o dos tr\u00eas sindicatos que atuaram para fazer avan\u00e7ar as reivindica\u00e7\u00f5es, que foram, al\u00e9m do Sinasefe, o ANDES-SN e a Fasubra.<\/p>\n\n\n\n<p><strong>Necessidade de uni\u00e3o em torno do sindicato<\/strong><\/p>\n\n\n\n<p>O coordenador-geral do Sinasefe SM lembra que ainda existem pend\u00eancias nos acordos da greve do ano passado, que precisam ser cumpridos. \u201cPor isso, \u00e9 importante que a base do Sinasefe fique atenta e procure fortalecer o sindicato, fazendo sua filia\u00e7\u00e3o. Somente com uma categoria sindicalizada, unida, \u00e9 que vamos ter se\u00e7\u00f5es sindicais e o nosso sindicato nacional estruturados para conseguirmos pressionar e assim alcan\u00e7armos nossas reivindica\u00e7\u00f5es\u201d.<\/p>\n\n\n\n<p>Assim, diz Abilio, fica um apelo \u00e0 categoria: \u201cque venham aderir ao sindicato, fortalecer o sindicato, para que juntos e juntas, alcancemos ainda mais conquistas\u201d.<\/p>\n\n\n\n<p><br><em>Texto: Fritz Rivail<\/em><\/p>\n","protected":false},"excerpt":{"rendered":"<p>Na semana passada foi divulgada a pr\u00e9via do contracheque de abril, com valores a serem pagos no in\u00edcio de maio, no qual consta o reajuste de 9%, conquistado na greve de 2024, junto com outros pontos que fazem parte do acordo de greve. Para o coordenador-geral do Sinasefe em Santa Maria, professor Jos\u00e9 Abilio Lima<\/p>\n","protected":false},"author":7,"featured_media":7351,"comment_status":"closed","ping_status":"closed","sticky":true,"template":"","format":"standard","meta":{"footnotes":""},"categories":[41,42,45],"tags":[201,213],"class_list":{"0":"post-7216","1":"post","2":"type-post","3":"status-publish","4":"format-standard","5":"has-post-thumbnail","7":"category-movimento","8":"category-noticia","9":"category-sindicato","10":"tag-reajuste-salarial","11":"tag-servico-publico"},"_links":{"self":[{"href":"https:\/\/sinasefesm.com\/index.php\/wp-json\/wp\/v2\/posts\/7216","targetHints":{"allow":["GET"]}}],"collection":[{"href":"https:\/\/sinasefesm.com\/index.php\/wp-json\/wp\/v2\/posts"}],"about":[{"href":"https:\/\/sinasefesm.com\/index.php\/wp-json\/wp\/v2\/types\/post"}],"author":[{"embeddable":true,"href":"https:\/\/sinasefesm.com\/index.php\/wp-json\/wp\/v2\/users\/7"}],"replies":[{"embeddable":true,"href":"https:\/\/sinasefesm.com\/index.php\/wp-json\/wp\/v2\/comments?post=7216"}],"version-history":[{"count":1,"href":"https:\/\/sinasefesm.com\/index.php\/wp-json\/wp\/v2\/posts\/7216\/revisions"}],"predecessor-version":[{"id":7352,"href":"https:\/\/sinasefesm.com\/index.php\/wp-json\/wp\/v2\/posts\/7216\/revisions\/7352"}],"wp:featuredmedia":[{"embeddable":true,"href":"https:\/\/sinasefesm.com\/index.php\/wp-json\/wp\/v2\/media\/7351"}],"wp:attachment":[{"href":"https:\/\/sinasefesm.com\/index.php\/wp-json\/wp\/v2\/media?parent=7216"}],"wp:term":[{"taxonomy":"category","embeddable":true,"href":"https:\/\/sinasefesm.com\/index.php\/wp-json\/wp\/v2\/categories?post=7216"},{"taxonomy":"post_tag","embeddable":true,"href":"https:\/\/sinasefesm.com\/index.php\/wp-json\/wp\/v2\/tags?post=7216"}],"curies":[{"name":"wp","href":"https:\/\/api.w.org\/{rel}","templated":true}]}}