{"id":7221,"date":"2025-04-26T20:12:22","date_gmt":"2025-04-26T20:12:22","guid":{"rendered":"https:\/\/sinasefesm.com\/?p=7221"},"modified":"2025-05-26T14:30:21","modified_gmt":"2025-05-26T17:30:21","slug":"sinasefe-cobra-do-mec-cumprimento-do-acordo-de-greve","status":"publish","type":"post","link":"https:\/\/sinasefesm.com\/index.php\/2025\/04\/26\/sinasefe-cobra-do-mec-cumprimento-do-acordo-de-greve\/","title":{"rendered":"Sinasefe cobra do MEC cumprimento do acordo de greve"},"content":{"rendered":"\n<p>O Sinasefe em Bras\u00edlia segue em sua mobiliza\u00e7\u00e3o para que o governo cumpra os acordos da greve do ano passado que ainda est\u00e3o pendentes. Essa press\u00e3o ocorre a \u00f3rg\u00e3os do governo, como o Minist\u00e9rio da Educa\u00e7\u00e3o, mas tamb\u00e9m passa pelo di\u00e1logo com parlamentares, para que esses tamb\u00e9m ajam junto ao governo federal.<\/p>\n\n\n\n<p>O Sinasefe esteve na\u00a0<a href=\"https:\/\/sinasefe.org.br\/site\/reuniao-com-o-mec-5\" target=\"_blank\" rel=\"noreferrer noopener\">tarde de quinta<\/a>\u00a0(24\/04) na sede do Minist\u00e9rio da Educa\u00e7\u00e3o (MEC), em Bras\u00edlia-DF, em reuni\u00e3o para cobrar do Governo Lula o cumprimento imediato dos itens dos Termos de Acordo\u00a0<a href=\"https:\/\/sinasefe.org.br\/site\/download\/termo-de-acordo-no-10-greve-2024-reestruturacao-do-pccmf-ebtt\" target=\"_blank\" rel=\"noreferrer noopener\">n\u00b0 10\/2024<\/a>\u00a0e\u00a0<a href=\"https:\/\/sinasefe.org.br\/site\/download\/termo-de-acordo-no-11-greve-2024-reestruturacao-do-pcctae\" target=\"_blank\" rel=\"noreferrer noopener\">n\u00b0 11\/2024<\/a>\u00a0\u2013\u00a0<a href=\"https:\/\/sinasefe.org.br\/site\/sinasefe-assina-acordos-e-categoria-retoma-atividades-ate-03-07\" target=\"_blank\" rel=\"noreferrer noopener\">assinados em 27 de junho do ano passado<\/a>, na suspens\u00e3o da nossa\u00a0<a href=\"https:\/\/sinasefe.org.br\/site\/greve-2024\" target=\"_blank\" rel=\"noreferrer noopener\">greve<\/a>.<\/p>\n\n\n\n<h3 class=\"wp-block-heading\">O que foi discutido?<\/h3>\n\n\n\n<p>O SINASEFE apresentou na reuni\u00e3o os principais pontos dos Acordos da Greve de 2024 que, inexplicavelmente, ainda n\u00e3o foram atendidos pelo Executivo Federal. Veja o resumo logo abaixo:<\/p>\n\n\n\n<h4 class=\"wp-block-heading\">Docentes:<\/h4>\n\n\n\n<p>No tocante \u00e0 Carreira EBTT (<a href=\"https:\/\/www.planalto.gov.br\/ccivil_03\/_ato2011-2014\/2012\/lei\/l12772.htm\" target=\"_blank\" rel=\"noreferrer noopener\">lei 12772\/2012<\/a>), cobramos a publica\u00e7\u00e3o da Portaria da nova Regulamenta\u00e7\u00e3o da Atividade Docente (RAD), que&nbsp;<a href=\"https:\/\/sinasefe.org.br\/site\/confira-o-informe-do-gt-atividade-docente-06-e-07-01\" target=\"_blank\" rel=\"noreferrer noopener\">teve seu Grupo de Trabalho (GT) finalizado em 7 de janeiro<\/a>; e tamb\u00e9m a altera\u00e7\u00e3o do&nbsp;<a href=\"https:\/\/www.planalto.gov.br\/ccivil_03\/decreto\/D1590.htm\" target=\"_blank\" rel=\"noreferrer noopener\">Decreto n\u00ba 1590\/1995<\/a>, para que o controle de frequ\u00eancia seja retirado.<\/p>\n\n\n\n<p>Isso consta na cl\u00e1usula 3\u00aa, item \u201cc\u201d, do&nbsp;<a href=\"https:\/\/sinasefe.org.br\/site\/download\/termo-de-acordo-no-10-greve-2024-reestruturacao-do-pccmf-ebtt\" target=\"_blank\" rel=\"noreferrer noopener\">acordo assinado<\/a>&nbsp;entre Governo Federal, SINASEFE e&nbsp;<a href=\"https:\/\/www.andes.org.br\/\" target=\"_blank\" rel=\"noreferrer noopener\">Andes-SN<\/a>&nbsp;na suspens\u00e3o da&nbsp;<a href=\"https:\/\/sinasefe.org.br\/site\/greve-2024\" target=\"_blank\" rel=\"noreferrer noopener\">greve de 2024<\/a>&nbsp;\u2013 devendo ser cumprido de forma imediata, o que at\u00e9 hoje, de forma absurda, n\u00e3o ocorreu.<\/p>\n\n\n\n<p>O&nbsp;<a href=\"https:\/\/sinasefe.org.br\/site\/documentos\/comissoes-e-conselhos\/comissao-nacional-docente\/cprsc\" target=\"_blank\" rel=\"noreferrer noopener\">Reconhecimento de Saberes e Compet\u00eancias<\/a>&nbsp;(RSC) dos professores aposentados tamb\u00e9m foi ponto de di\u00e1logo, visto que as Institui\u00e7\u00f5es Federais de Ensino (IFEs) ligadas ao Minist\u00e9rio da Defesa (MD) n\u00e3o est\u00e3o aceitando os pedidos. O SINASEFE v\u00ea isso como um problema de comunica\u00e7\u00e3o entre os dois minist\u00e9rios e sugeriu uma Portaria Interministerial para solucionar a quest\u00e3o.<\/p>\n\n\n\n<p>Outra situa\u00e7\u00e3o cobrada pelo SINASEFE \u00e9 para que haja uma orienta\u00e7\u00e3o do MEC \u00e0 Advocacia-Geral da Uni\u00e3o (AGU) para que o Poder Executivo deixe de recorrer (por meio das procuradorias federais junto \u00e0s IFEs) dos pedidos de RSC feitos pelos aposentados, visto que isso est\u00e1 inviabilizando a concess\u00e3o deste direito a v\u00e1rios servidores.<\/p>\n\n\n\n<h4 class=\"wp-block-heading\">T\u00e9cnico-Administrativos<\/h4>\n\n\n\n<p>No tocante ao PCCTAE (<a href=\"https:\/\/www.planalto.gov.br\/ccivil_03\/_ato2004-2006\/2005\/lei\/l11091.htm\" target=\"_blank\" rel=\"noreferrer noopener\">lei 11091\/2005<\/a>), nosso sindicato pautou quest\u00f5es como a incorpora\u00e7\u00e3o das progress\u00f5es por capacita\u00e7\u00e3o, a racionaliza\u00e7\u00e3o dos cargos ocupados e a acelera\u00e7\u00e3o por capacita\u00e7\u00e3o.<\/p>\n\n\n\n<p>Sobre a racionaliza\u00e7\u00e3o, cobramos que o MEC verifique os poss\u00edveis equ\u00edvocos nas extin\u00e7\u00f5es de atribui\u00e7\u00f5es propostas pela&nbsp;<a href=\"https:\/\/sinasefe.org.br\/site\/vitoria-da-greve-medida-provisoria-do-reajuste-foi-publicada\" target=\"_blank\" rel=\"noreferrer noopener\">MPV n\u00ba 1286\/2024<\/a>.<\/p>\n\n\n\n<p>Sobre a acelera\u00e7\u00e3o por capacita\u00e7\u00e3o, pontuamos a necessidade do cumprimento do estabelecido pelo&nbsp;<a href=\"https:\/\/sinasefe.org.br\/site\/download\/termo-de-acordo-no-11-greve-2024-reestruturacao-do-pcctae\" target=\"_blank\" rel=\"noreferrer noopener\">Termo de Acordo n\u00ba 11\/2024<\/a>, j\u00e1 que cabe \u00e0 Comiss\u00e3o Nacional de Supervis\u00e3o de Carreira (CNSC) a tarefa de regulamentar as regras de transi\u00e7\u00e3o \u2013 o que j\u00e1 foi realizado pela CNSC com a elabora\u00e7\u00e3o da&nbsp;<a href=\"https:\/\/sinasefe.org.br\/site\/carreira-tae-confira-as-propostas-quem-podem-regulamentar-e-modificar-a-mpv-1286-2024\" target=\"_blank\" rel=\"noreferrer noopener\">Nota T\u00e9cnica n\u00ba 1\/2025<\/a>.<\/p>\n\n\n\n<p>O SINASEFE voltou a frisar, quanto ao RSC para o PCCTAE, que o Minist\u00e9rio da Gest\u00e3o e da Inova\u00e7\u00e3o em Servi\u00e7os P\u00fablicos (MGI)&nbsp;<a href=\"https:\/\/sinasefe.org.br\/site\/sinasefe-cobra-criacao-do-rsc-tae-com-urgencia\/\" target=\"_blank\" rel=\"noreferrer noopener\">precisa formalizar a cria\u00e7\u00e3o urgente do RSC-TAE<\/a>, buscando sua inclus\u00e3o no PLOA. A regulamenta\u00e7\u00e3o est\u00e1 em processo de finaliza\u00e7\u00e3o na CNSC e ser\u00e1 remetida ao MGI em breve.&nbsp;<em>\u201cAssim como n\u00e3o cabe interfer\u00eancia ou negativa do MGI em rela\u00e7\u00e3o \u00e0s regras de transi\u00e7\u00e3o da Acelera\u00e7\u00e3o da Progress\u00e3o por Capacita\u00e7\u00e3o, n\u00e3o caber\u00e1 tamb\u00e9m em rela\u00e7\u00e3o a futura regulamenta\u00e7\u00e3o do RSC, haja vista se tratar de demandas que devem ser regulamentadas \u00fanica e exclusivamente pela CNSC\/MEC, conforme prev\u00ea o Termo de Acordo\u201d<\/em>&nbsp;destacou Elton John, 2\u00ba tesoureiro do SINASEFE, presente na reuni\u00e3o.<\/p>\n\n\n\n<p>Sobre as&nbsp;<a href=\"https:\/\/sinasefe.org.br\/site\/download\/reajuste-remuneratorio-concedido-aos-medicos-e-medicos-veterinarios-do-pcctae-por-meio-da-medida-provisoria-no-1286-2024\" target=\"_blank\" rel=\"noreferrer noopener\">distor\u00e7\u00f5es no reajuste concedido aos m\u00e9dicos e m\u00e9dicos veterin\u00e1rios<\/a>&nbsp;do&nbsp;PCCTAE (tema da&nbsp;<a href=\"https:\/\/sinasefe.org.br\/site\/reajuste-de-medicos-e-medicos-veterinarios-live-em-23-04-as-19-horas\" target=\"_blank\" rel=\"noreferrer noopener\"><em>live<\/em>&nbsp;que realizamos ontem<\/a>, confira abaixo!), em desacordo com aquilo que foi firmado entre o Governo Lula e o nosso sindicato, pontuamos o equ\u00edvoco no percentual menor de reajuste e refor\u00e7amos a necessidade do MEC em intervir junto ao MGI (respons\u00e1vel pelo erro) para corre\u00e7\u00e3o imediata da distor\u00e7\u00e3o.<\/p>\n\n\n\n<p>De igual modo, pontuamos outro erro: o reposicionamento dos m\u00e9dicos e m\u00e9dicos veterin\u00e1rios com a nova nomenclatura do cargo. Foi enviado ao MEC um processo das Comiss\u00f5es Internas de Supervis\u00e3o (CIS) do PCCTAE questionando esse reposicionamento, j\u00e1 que cabe \u00e0 CNSC a atribui\u00e7\u00e3o de fiscalizar a correta e devida implementa\u00e7\u00e3o do Plano de Carreira dos T\u00e9cnico-Administrativos em Educa\u00e7\u00e3o.<\/p>\n\n\n\n<p>E, por fim, o sindicato cobrou que seja convocada uma nova reuni\u00e3o da CNSC para finalizar a demanda da implementa\u00e7\u00e3o do RSC-TAE.<\/p>\n\n\n\n<p><strong>Deputado Alice Portugal reafirma apoio a funcionalismo<\/strong><\/p>\n\n\n\n<figure class=\"wp-block-image size-full\"><img decoding=\"async\" src=\"https:\/\/sinasefesm.com\/wp-content\/uploads\/2025\/04\/Deputada-Alice-Portugal.jpg\" alt=\"\" class=\"wp-image-7223\"\/><\/figure>\n\n\n\n<p>Passados 301 dias da&nbsp;<a href=\"https:\/\/sinasefe.org.br\/site\/sinasefe-assina-acordos-e-categoria-retoma-atividades-ate-03-07\/\" target=\"_blank\" rel=\"noreferrer noopener\">assinatura dos acordos de greve<\/a>, o Sinasefe segue buscando apoio parlamentar para exigir o cumprimento urgente dos compromissos previstos nestes documentos. Nesta quinta-feira (24\/04), o sindicato nacional se reuniu com a deputada federal Alice Portugal (PCdoB-BA), em Bras\u00edlia-DF. A parlamentar, que tamb\u00e9m \u00e9 integrante da carreira t\u00e9cnico-administrativa em educa\u00e7\u00e3o (TAE), reafirmou seu apoio \u00e0 luta das(os) trabalhadoras(es).<\/p>\n\n\n\n<p><strong>Apoio parlamentar<\/strong><\/p>\n\n\n\n<p>O Sinasefe tamb\u00e9m esteve na&nbsp;<a href=\"https:\/\/sinasefe.org.br\/site\/reuniao-com-o-mandato-do-deputado-federal-luiz-couto\" target=\"_blank\" rel=\"noreferrer noopener\">tarde de <\/a>(23\/04) na C\u00e2mara dos Deputados, em Bras\u00edlia-DF, em reuni\u00e3o com o mandato do deputado federal Luiz Couto (PT-PB), articulando o apoio do parlamentar para cobrar do Governo Lula o cumprimento imediato dos itens dos Termos de Acordo&nbsp;<a href=\"https:\/\/sinasefe.org.br\/site\/download\/termo-de-acordo-no-10-greve-2024-reestruturacao-do-pccmf-ebtt\" target=\"_blank\" rel=\"noreferrer noopener\">n\u00b0 10\/2024<\/a>&nbsp;e&nbsp;<a href=\"https:\/\/sinasefe.org.br\/site\/download\/termo-de-acordo-no-11-greve-2024-reestruturacao-do-pcctae\" target=\"_blank\" rel=\"noreferrer noopener\">n\u00b0 11\/2024<\/a>&nbsp;\u2013&nbsp;<a href=\"https:\/\/sinasefe.org.br\/site\/sinasefe-assina-acordos-e-categoria-retoma-atividades-ate-03-07\" target=\"_blank\" rel=\"noreferrer noopener\">assinados em 27 de junho do ano passado<\/a>, na suspens\u00e3o da nossa&nbsp;<a href=\"https:\/\/sinasefe.org.br\/site\/greve-2024\" target=\"_blank\" rel=\"noreferrer noopener\">greve<\/a>.<\/p>\n\n\n\n<p>Uma nova reuni\u00e3o foi&nbsp;<a href=\"https:\/\/sinasefe.org.br\/site\/comunicacao\/agenda\" target=\"_blank\" rel=\"noreferrer noopener\">agendada<\/a>&nbsp;para a pr\u00f3xima ter\u00e7a-feira (29\/04), \u00e0s 15 horas, com o pr\u00f3prio deputado.<\/p>\n\n\n\n<p>O SINASEFE e sua base est\u00e3o inconformados em rela\u00e7\u00e3o \u00e0 demora para atendimento das quest\u00f5es presentes nos Termos de Acordo n\u00b0 10\/2024 e n\u00b0 11\/2024, assinados em entre Governo Lula, SINASEFE,&nbsp;<a href=\"https:\/\/www.andes.org.br\/\" target=\"_blank\" rel=\"noreferrer noopener\">Andes-SN<\/a>&nbsp;e&nbsp;<a href=\"https:\/\/fasubra.org.br\/\" target=\"_blank\" rel=\"noreferrer noopener\">Fasubra<\/a>.<\/p>\n\n\n\n<p>A lentid\u00e3o do Governo em honrar os compromissos assinados com nossa categoria (inclusive aqueles sem impacto or\u00e7ament\u00e1rio) beira o descaso e \u00e9 considerada como inaceit\u00e1vel pela nossa entidade!<\/p>\n\n\n\n<p><em>Fonte e imagens: Sinasefe Nacional<\/em><\/p>\n","protected":false},"excerpt":{"rendered":"<p>O Sinasefe em Bras\u00edlia segue em sua mobiliza\u00e7\u00e3o para que o governo cumpra os acordos da greve do ano passado que ainda est\u00e3o pendentes. Essa press\u00e3o ocorre a \u00f3rg\u00e3os do governo, como o Minist\u00e9rio da Educa\u00e7\u00e3o, mas tamb\u00e9m passa pelo di\u00e1logo com parlamentares, para que esses tamb\u00e9m ajam junto ao governo federal. O Sinasefe esteve<\/p>\n","protected":false},"author":7,"featured_media":7348,"comment_status":"closed","ping_status":"closed","sticky":true,"template":"","format":"standard","meta":{"footnotes":""},"categories":[37,42,45],"tags":[167,201,213],"class_list":{"0":"post-7221","1":"post","2":"type-post","3":"status-publish","4":"format-standard","5":"has-post-thumbnail","7":"category-destaque","8":"category-noticia","9":"category-sindicato","10":"tag-mec","11":"tag-reajuste-salarial","12":"tag-servico-publico"},"_links":{"self":[{"href":"https:\/\/sinasefesm.com\/index.php\/wp-json\/wp\/v2\/posts\/7221","targetHints":{"allow":["GET"]}}],"collection":[{"href":"https:\/\/sinasefesm.com\/index.php\/wp-json\/wp\/v2\/posts"}],"about":[{"href":"https:\/\/sinasefesm.com\/index.php\/wp-json\/wp\/v2\/types\/post"}],"author":[{"embeddable":true,"href":"https:\/\/sinasefesm.com\/index.php\/wp-json\/wp\/v2\/users\/7"}],"replies":[{"embeddable":true,"href":"https:\/\/sinasefesm.com\/index.php\/wp-json\/wp\/v2\/comments?post=7221"}],"version-history":[{"count":1,"href":"https:\/\/sinasefesm.com\/index.php\/wp-json\/wp\/v2\/posts\/7221\/revisions"}],"predecessor-version":[{"id":7350,"href":"https:\/\/sinasefesm.com\/index.php\/wp-json\/wp\/v2\/posts\/7221\/revisions\/7350"}],"wp:featuredmedia":[{"embeddable":true,"href":"https:\/\/sinasefesm.com\/index.php\/wp-json\/wp\/v2\/media\/7348"}],"wp:attachment":[{"href":"https:\/\/sinasefesm.com\/index.php\/wp-json\/wp\/v2\/media?parent=7221"}],"wp:term":[{"taxonomy":"category","embeddable":true,"href":"https:\/\/sinasefesm.com\/index.php\/wp-json\/wp\/v2\/categories?post=7221"},{"taxonomy":"post_tag","embeddable":true,"href":"https:\/\/sinasefesm.com\/index.php\/wp-json\/wp\/v2\/tags?post=7221"}],"curies":[{"name":"wp","href":"https:\/\/api.w.org\/{rel}","templated":true}]}}