{"id":7226,"date":"2025-04-28T22:35:42","date_gmt":"2025-04-28T22:35:42","guid":{"rendered":"https:\/\/sinasefesm.com\/?p=7226"},"modified":"2025-05-26T14:29:50","modified_gmt":"2025-05-26T17:29:50","slug":"assembleia-decide-prorrogar-mandato-da-diretoria-do-sinasefe-sm","status":"publish","type":"post","link":"https:\/\/sinasefesm.com\/index.php\/2025\/04\/28\/assembleia-decide-prorrogar-mandato-da-diretoria-do-sinasefe-sm\/","title":{"rendered":"Assembleia decide prorrogar mandato da diretoria do Sinasefe SM"},"content":{"rendered":"\n<p>Em assembleia ocorrida na tarde de sexta, 25 de abril, ficou definido que o mandato da atual diretoria do Sinasefe Santa Maria, que finalizaria em 12 de maio, foi prorrogado at\u00e9 dia 15 de setembro.<\/p>\n\n\n\n<p>O motivo dessa prorroga\u00e7\u00e3o \u00e9 a atual dificuldade em compor uma nova chapa, mesmo que a atual diretoria tenha feito convite \u00e0 participa\u00e7\u00e3o da categoria e tenha tamb\u00e9m buscado estimular o processo de sindicaliza\u00e7\u00e3o.<\/p>\n\n\n\n<p>Ap\u00f3s essa defini\u00e7\u00e3o, a da prorroga\u00e7\u00e3o, em uma segunda plen\u00e1ria, foi realizada uma exposi\u00e7\u00e3o sobre a conjuntura nacional e local. Jos\u00e9 Abilio Lima de Freitas, coordenador-geral, explanou sobre a mobiliza\u00e7\u00e3o constante do Sinasefe para <strong><a href=\"https:\/\/sinasefesm.com\/sinasefe-cobra-do-mec-cumprimento-do-acordo-de-greve\/\">cobrar do governo federal<\/a><\/strong> o cumprimento dos acordos da greve do ano passado.<\/p>\n\n\n\n<p>Afora o reajuste, que ser\u00e1 pago no in\u00edcio de maio, est\u00e3o pendentes, por exemplo, a implementa\u00e7\u00e3o do decreto para que n\u00e3o haja obrigatoriedade de ponto eletr\u00f4nico para docentes EBTT e tamb\u00e9m, no caso dos Institutos Federais (IFs), a regulamenta\u00e7\u00e3o da RAD (Reconhecimento de Atividades Did\u00e1ticas).<\/p>\n\n\n\n<p>Conforme Jos\u00e9 Abilio, ficou decidido na reuni\u00e3o que o Sinasefe Santa Maria ir\u00e1 participar de forma presencial na 201\u00aa Plena Nacional, marcada para ocorrer em Bras\u00edlia, nos dias 16, 17 e 18 de maio.<\/p>\n\n\n\n<p>Em \u00e2mbito local, Ab\u00edlio destacou a uni\u00e3o das entidades sindicais que representam trabalhadores\/as da UFSM, que t\u00eam agido de forma conjunta em a\u00e7\u00f5es como semin\u00e1rios para refletir sobre a universidade e tamb\u00e9m em campanhas em defesa da democracia interna na institui\u00e7\u00e3o.<\/p>\n\n\n\n<p><br><em>Texto: Fritz Rivail<br>Foto: Arquivo pessoal<\/em><\/p>\n","protected":false},"excerpt":{"rendered":"<p>Em assembleia ocorrida na tarde de sexta, 25 de abril, ficou definido que o mandato da atual diretoria do Sinasefe Santa Maria, que finalizaria em 12 de maio, foi prorrogado at\u00e9 dia 15 de setembro. O motivo dessa prorroga\u00e7\u00e3o \u00e9 a atual dificuldade em compor uma nova chapa, mesmo que a atual diretoria tenha feito<\/p>\n","protected":false},"author":7,"featured_media":7346,"comment_status":"closed","ping_status":"closed","sticky":true,"template":"","format":"standard","meta":{"footnotes":""},"categories":[37,41,42,45],"tags":[59,187,201,225],"class_list":{"0":"post-7226","1":"post","2":"type-post","3":"status-publish","4":"format-standard","5":"has-post-thumbnail","7":"category-destaque","8":"category-movimento","9":"category-noticia","10":"category-sindicato","11":"tag-assembleia","12":"tag-plenaria-nacional","13":"tag-reajuste-salarial","14":"tag-ufsm"},"_links":{"self":[{"href":"https:\/\/sinasefesm.com\/index.php\/wp-json\/wp\/v2\/posts\/7226","targetHints":{"allow":["GET"]}}],"collection":[{"href":"https:\/\/sinasefesm.com\/index.php\/wp-json\/wp\/v2\/posts"}],"about":[{"href":"https:\/\/sinasefesm.com\/index.php\/wp-json\/wp\/v2\/types\/post"}],"author":[{"embeddable":true,"href":"https:\/\/sinasefesm.com\/index.php\/wp-json\/wp\/v2\/users\/7"}],"replies":[{"embeddable":true,"href":"https:\/\/sinasefesm.com\/index.php\/wp-json\/wp\/v2\/comments?post=7226"}],"version-history":[{"count":1,"href":"https:\/\/sinasefesm.com\/index.php\/wp-json\/wp\/v2\/posts\/7226\/revisions"}],"predecessor-version":[{"id":7347,"href":"https:\/\/sinasefesm.com\/index.php\/wp-json\/wp\/v2\/posts\/7226\/revisions\/7347"}],"wp:featuredmedia":[{"embeddable":true,"href":"https:\/\/sinasefesm.com\/index.php\/wp-json\/wp\/v2\/media\/7346"}],"wp:attachment":[{"href":"https:\/\/sinasefesm.com\/index.php\/wp-json\/wp\/v2\/media?parent=7226"}],"wp:term":[{"taxonomy":"category","embeddable":true,"href":"https:\/\/sinasefesm.com\/index.php\/wp-json\/wp\/v2\/categories?post=7226"},{"taxonomy":"post_tag","embeddable":true,"href":"https:\/\/sinasefesm.com\/index.php\/wp-json\/wp\/v2\/tags?post=7226"}],"curies":[{"name":"wp","href":"https:\/\/api.w.org\/{rel}","templated":true}]}}