{"id":7230,"date":"2025-05-05T22:04:43","date_gmt":"2025-05-05T22:04:43","guid":{"rendered":"https:\/\/sinasefesm.com\/?p=7230"},"modified":"2025-05-26T14:29:36","modified_gmt":"2025-05-26T17:29:36","slug":"mec-convoca-reuniao-da-mesa-setorial-de-negociacao","status":"publish","type":"post","link":"https:\/\/sinasefesm.com\/index.php\/2025\/05\/05\/mec-convoca-reuniao-da-mesa-setorial-de-negociacao\/","title":{"rendered":"MEC convoca reuni\u00e3o da Mesa Setorial de Negocia\u00e7\u00e3o"},"content":{"rendered":"\n<p>Com meses de atraso, o Minist\u00e9rio da Educa\u00e7\u00e3o (MEC) convocou para a pr\u00f3xima segunda-feira (12\/05), \u00e0s 16h, a primeira reuni\u00e3o de 2025 da Mesa Setorial de Negocia\u00e7\u00e3o Permanente (MSNP).<\/p>\n\n\n\n<p>O Sinasefe cobrou repetidas vezes a realiza\u00e7\u00e3o desta atividade, denunciando tamb\u00e9m a\u00a0<a href=\"https:\/\/sinasefe.org.br\/site\/mec-publicou-regimento-interno-da-mesa-setorial-de-negociacao-permanente\/\" target=\"_blank\" rel=\"noreferrer noopener\">demora na publica\u00e7\u00e3o do Regimento Interno<\/a>\u00a0da inst\u00e2ncia negocial.<\/p>\n\n\n\n<p>O sindicato nacional&nbsp;<a href=\"https:\/\/sinasefe.org.br\/site\/conheca-a-pauta-do-sinasefe-para-a-mesa-setorial-de-negociacao-permanente\/\">atualizou sua pauta de reivindica\u00e7\u00f5es na MSNP, em fevereiro<\/a>, destacando pend\u00eancias da&nbsp;<a href=\"https:\/\/sinasefe.org.br\/site\/greve-2024\/\" target=\"_blank\" rel=\"noreferrer noopener\">Greve de 2024<\/a>, al\u00e9m de tratar do financiamento da educa\u00e7\u00e3o, da inclus\u00e3o, da democratiza\u00e7\u00e3o e de condi\u00e7\u00f5es de trabalho.<\/p>\n\n\n\n<h3 class=\"wp-block-heading\">Pauta da reuni\u00e3o<\/h3>\n\n\n\n<p>O MEC indicou que a reuni\u00e3o de 12\/05 dever\u00e1&nbsp;<em>\u201cdefinir de estrat\u00e9gias para aprecia\u00e7\u00e3o das pautas encaminhadas previamente por essas entidades\u201d<\/em>(<a href=\"https:\/\/sinasefe.org.br\/site\/download\/oficio-circular-no-51-2025-dp3-gab-se-se-mec-1a-reuniao-ordinaria-da-mesa-setorial-de-negociacao-permanente-msnp-mec-de-2025\/\" target=\"_blank\" rel=\"noreferrer noopener\">leia aqui a convoca\u00e7\u00e3o da reuni\u00e3o na \u00edntegra<\/a>):<\/p>\n\n\n\n<ul class=\"wp-block-list\">\n<li>Capacita\u00e7\u00e3o: Di\u00e1logo para implementa\u00e7\u00e3o do Programa de Aux\u00edlio Educacional pensando a forma\u00e7\u00e3o para a cidadania nos cursos de p\u00f3s-gradua\u00e7\u00e3o, aux\u00edlio para l\u00edngua estrangeira e incentivo educacional, al\u00e9m das capacita\u00e7\u00f5es desenvolvidas no Cetremec.<\/li>\n\n\n\n<li>Cria\u00e7\u00e3o, no \u00e2mbito da Setec\/MEC, de estrutura espec\u00edfica para tratar de assuntos de Assist\u00eancia Estudantil;<\/li>\n\n\n\n<li>Expans\u00e3o da Rede Federal de EPCT nas periferias e demais territ\u00f3rios em situa\u00e7\u00e3o de vulnerabilidade;<\/li>\n\n\n\n<li>Retomada e valoriza\u00e7\u00e3o de pol\u00edticas p\u00fablicas educacionais da Rede Federal de Educa\u00e7\u00e3o B\u00e1sica, Cient\u00edfica e Tecnol\u00f3gica, como o Programa Mulheres Mil e o Proeja (EJA-EPT), de forma a garantir o cumprimento de nossa fun\u00e7\u00e3o para a transforma\u00e7\u00e3o da sociedade.<\/li>\n<\/ul>\n\n\n\n<h3 class=\"wp-block-heading\">Sobre a Mesa Setorial<\/h3>\n\n\n\n<p>Desde a sua implementa\u00e7\u00e3o, em abril de 2024, a Mesa Setorial de Negocia\u00e7\u00e3o Permanente se reuniu cinco vezes, dentre reuni\u00f5es ordin\u00e1rias e extraordin\u00e1rias, mas ainda sem avan\u00e7os consolidados. As reuni\u00f5es ocorreram em&nbsp;<a href=\"https:\/\/sinasefe.org.br\/site\/informe-das-mesas-de-negociacao-com-o-governo-federal\" target=\"_blank\" rel=\"noreferrer noopener\">11\/04\/2024<\/a>,&nbsp;<a href=\"https:\/\/sinasefe.org.br\/site\/download\/informe-da-coordenacao-de-politicas-educacionais-e-culturais-sobre-a-mesa-setorial-de-negociacao-permanente-com-o-ministerio-da-educacao\/\" target=\"_blank\" rel=\"noreferrer noopener\">13\/05\/2024<\/a>,&nbsp;<a href=\"https:\/\/sinasefe.org.br\/site\/sinasefe-participou-de-reuniao-de-mesa-setorial-com-o-mec-em-07-06\" target=\"_blank\" rel=\"noreferrer noopener\">07\/06\/2024<\/a>,&nbsp;<a href=\"https:\/\/sinasefe.org.br\/site\/reuniao-da-mesa-setorial-de-negociacao-adiciona-propostas-para-analise-da-categoria\" target=\"_blank\" rel=\"noreferrer noopener\">14\/06\/2024<\/a>&nbsp;e&nbsp;<a href=\"https:\/\/sinasefe.org.br\/site\/mesa-setorial-de-negociacao-permanente-debate-e-finaliza-regimento-interno\" target=\"_blank\" rel=\"noreferrer noopener\">28\/11\/2024<\/a>. Sua&nbsp;<a href=\"https:\/\/sinasefe.org.br\/site\/mesa-setorial-de-negociacao-permanente-debate-e-finaliza-regimento-interno\" target=\"_blank\" rel=\"noreferrer noopener\">reuni\u00e3o mais recente<\/a>, h\u00e1 158 dias, foi justamente a que debateu e finalizou o Regimento Interno,&nbsp;<a href=\"https:\/\/sinasefe.org.br\/site\/download\/regimento-interno-da-mesa-setorial-de-negociacao-permanente-no-ambito-do-ministerio-da-educacao\" target=\"_blank\" rel=\"noreferrer noopener\">divulgado no DOU em 20\/03\/2025<\/a>.<\/p>\n\n\n\n<p>Importante salientar que a Mesa Setorial de Negocia\u00e7\u00e3o Permanente faz parte do&nbsp;<a href=\"https:\/\/sinasefe.org.br\/site\/negociacoes-sindicato-assina-protocolo-de-funcionamento-de-negociacoes-com-governo-federal\" target=\"_blank\" rel=\"noreferrer noopener\">sistema de negocia\u00e7\u00e3o<\/a>&nbsp;estabelecido pelo Minist\u00e9rio da Gest\u00e3o e da Inova\u00e7\u00e3o em Servi\u00e7os P\u00fablicos (MGI) na&nbsp;<a href=\"https:\/\/sinasefe.org.br\/site\/negociacoes-sindicato-assina-protocolo-de-funcionamento-de-negociacoes-com-governo-federal\" target=\"_blank\" rel=\"noreferrer noopener\">Mesa Nacional de Negocia\u00e7\u00e3o Permanente<\/a>, que se divide em tr\u00eas segmentos:<\/p>\n\n\n\n<ul class=\"wp-block-list\">\n<li><strong>Mesa Central<\/strong>\u00a0\u2013 que debate quest\u00f5es com impacto or\u00e7ament\u00e1rio, no \u00e2mbito de todo o servi\u00e7o p\u00fablico federal;<\/li>\n\n\n\n<li><strong>Mesa Tempor\u00e1ria e Espec\u00edfica<\/strong>\u00a0\u2013 que debate quest\u00f5es com impacto or\u00e7ament\u00e1rio, no \u00e2mbito de cada carreira do servi\u00e7o p\u00fablico federal de forma separada;<\/li>\n\n\n\n<li><strong>Mesa Setorial<\/strong>\u00a0\u2013 que debate quest\u00f5es de cada categoria, no \u00e2mbito de cada Minist\u00e9rio, que n\u00e3o possuam impacto or\u00e7ament\u00e1rio.  <\/li>\n<\/ul>\n\n\n\n<p><em>Fonte e imagem: Sinasefe Nacional<\/em><\/p>\n","protected":false},"excerpt":{"rendered":"<p>Com meses de atraso, o Minist\u00e9rio da Educa\u00e7\u00e3o (MEC) convocou para a pr\u00f3xima segunda-feira (12\/05), \u00e0s 16h, a primeira reuni\u00e3o de 2025 da Mesa Setorial de Negocia\u00e7\u00e3o Permanente (MSNP). O Sinasefe cobrou repetidas vezes a realiza\u00e7\u00e3o desta atividade, denunciando tamb\u00e9m a\u00a0demora na publica\u00e7\u00e3o do Regimento Interno\u00a0da inst\u00e2ncia negocial. O sindicato nacional&nbsp;atualizou sua pauta de reivindica\u00e7\u00f5es<\/p>\n","protected":false},"author":7,"featured_media":7344,"comment_status":"closed","ping_status":"closed","sticky":true,"template":"","format":"standard","meta":{"footnotes":""},"categories":[37,42,45],"tags":[167,213],"class_list":{"0":"post-7230","1":"post","2":"type-post","3":"status-publish","4":"format-standard","5":"has-post-thumbnail","7":"category-destaque","8":"category-noticia","9":"category-sindicato","10":"tag-mec","11":"tag-servico-publico"},"_links":{"self":[{"href":"https:\/\/sinasefesm.com\/index.php\/wp-json\/wp\/v2\/posts\/7230","targetHints":{"allow":["GET"]}}],"collection":[{"href":"https:\/\/sinasefesm.com\/index.php\/wp-json\/wp\/v2\/posts"}],"about":[{"href":"https:\/\/sinasefesm.com\/index.php\/wp-json\/wp\/v2\/types\/post"}],"author":[{"embeddable":true,"href":"https:\/\/sinasefesm.com\/index.php\/wp-json\/wp\/v2\/users\/7"}],"replies":[{"embeddable":true,"href":"https:\/\/sinasefesm.com\/index.php\/wp-json\/wp\/v2\/comments?post=7230"}],"version-history":[{"count":1,"href":"https:\/\/sinasefesm.com\/index.php\/wp-json\/wp\/v2\/posts\/7230\/revisions"}],"predecessor-version":[{"id":7345,"href":"https:\/\/sinasefesm.com\/index.php\/wp-json\/wp\/v2\/posts\/7230\/revisions\/7345"}],"wp:featuredmedia":[{"embeddable":true,"href":"https:\/\/sinasefesm.com\/index.php\/wp-json\/wp\/v2\/media\/7344"}],"wp:attachment":[{"href":"https:\/\/sinasefesm.com\/index.php\/wp-json\/wp\/v2\/media?parent=7230"}],"wp:term":[{"taxonomy":"category","embeddable":true,"href":"https:\/\/sinasefesm.com\/index.php\/wp-json\/wp\/v2\/categories?post=7230"},{"taxonomy":"post_tag","embeddable":true,"href":"https:\/\/sinasefesm.com\/index.php\/wp-json\/wp\/v2\/tags?post=7230"}],"curies":[{"name":"wp","href":"https:\/\/api.w.org\/{rel}","templated":true}]}}