{"id":7238,"date":"2025-05-09T21:05:50","date_gmt":"2025-05-09T21:05:50","guid":{"rendered":"https:\/\/sinasefesm.com\/?p=7238"},"modified":"2025-05-26T14:27:57","modified_gmt":"2025-05-26T17:27:57","slug":"sinasefe-sm-participa-de-reuniao-no-if-de-sao-vicente-do-sul","status":"publish","type":"post","link":"https:\/\/sinasefesm.com\/index.php\/2025\/05\/09\/sinasefe-sm-participa-de-reuniao-no-if-de-sao-vicente-do-sul\/","title":{"rendered":"Sinasefe SM participa de reuni\u00e3o no IF de S\u00e3o Vicente do Sul"},"content":{"rendered":"\n<p>Na manh\u00e3 desta sexta, 9 de maio, o coordenador-geral do Sinasefe Santa Maria, Jos\u00e9 Abilio Lima de Freitas, junto com o tesoureiro-geral, Cl\u00e1udio Kelling (foto abaixo), estiveram participando de uma reuni\u00e3o no Instituto Federal de S\u00e3o Vicente do Sul. Tamb\u00e9m participaram do encontro o assessor jur\u00eddico da entidade, advogado Heverton Padilha, e a dirigente nacional do sindicato, Marlise Vitcel.<\/p>\n\n\n\n<figure class=\"wp-block-image size-full is-resized\"><img decoding=\"async\" src=\"https:\/\/sinasefesm.com\/wp-content\/uploads\/2025\/05\/Claudio-e-Abilio-09.05-2.jpg\" alt=\"\" class=\"wp-image-7241\" style=\"width:315px;height:auto\"\/><\/figure>\n\n\n\n<p>A roda de conversa teve como um de seus objetivos, estreitar as rela\u00e7\u00f5es entre as se\u00e7\u00f5es sindicais que abrangem o Instituto Federal Farroupilha, as escolas vinculadas \u00e0 UFSM e tamb\u00e9m o Col\u00e9gio Militar. Al\u00e9m disso, houve di\u00e1logo sobre as a\u00e7\u00f5es do Sinasefe, tanto em \u00e2mbito regional, como tamb\u00e9m em Bras\u00edlia, no sentido de fazer efetivar as pautas que v\u00eam sendo levantadas pelo movimento sindical, tanto no que se refere \u00e0 carreira EBTT quanto \u00e0 carreira PCCTAE, especialmente a partir do acordo da greve de 2024.<\/p>\n\n\n\n<p><br><em>Texto: Fritz Rivail<br>Foto (capa): IFFar de S\u00e3o Vicente do Sul<\/em><br><em>Foto secund\u00e1ria: Arquivo pessoal<\/em><\/p>\n","protected":false},"excerpt":{"rendered":"<p>Na manh\u00e3 desta sexta, 9 de maio, o coordenador-geral do Sinasefe Santa Maria, Jos\u00e9 Abilio Lima de Freitas, junto com o tesoureiro-geral, Cl\u00e1udio Kelling (foto abaixo), estiveram participando de uma reuni\u00e3o no Instituto Federal de S\u00e3o Vicente do Sul. Tamb\u00e9m participaram do encontro o assessor jur\u00eddico da entidade, advogado Heverton Padilha, e a dirigente nacional<\/p>\n","protected":false},"author":7,"featured_media":7342,"comment_status":"closed","ping_status":"closed","sticky":true,"template":"","format":"standard","meta":{"footnotes":""},"categories":[37,45],"tags":[155,225],"class_list":{"0":"post-7238","1":"post","2":"type-post","3":"status-publish","4":"format-standard","5":"has-post-thumbnail","7":"category-destaque","8":"category-sindicato","9":"tag-institutos-federais","10":"tag-ufsm"},"_links":{"self":[{"href":"https:\/\/sinasefesm.com\/index.php\/wp-json\/wp\/v2\/posts\/7238","targetHints":{"allow":["GET"]}}],"collection":[{"href":"https:\/\/sinasefesm.com\/index.php\/wp-json\/wp\/v2\/posts"}],"about":[{"href":"https:\/\/sinasefesm.com\/index.php\/wp-json\/wp\/v2\/types\/post"}],"author":[{"embeddable":true,"href":"https:\/\/sinasefesm.com\/index.php\/wp-json\/wp\/v2\/users\/7"}],"replies":[{"embeddable":true,"href":"https:\/\/sinasefesm.com\/index.php\/wp-json\/wp\/v2\/comments?post=7238"}],"version-history":[{"count":1,"href":"https:\/\/sinasefesm.com\/index.php\/wp-json\/wp\/v2\/posts\/7238\/revisions"}],"predecessor-version":[{"id":7343,"href":"https:\/\/sinasefesm.com\/index.php\/wp-json\/wp\/v2\/posts\/7238\/revisions\/7343"}],"wp:featuredmedia":[{"embeddable":true,"href":"https:\/\/sinasefesm.com\/index.php\/wp-json\/wp\/v2\/media\/7342"}],"wp:attachment":[{"href":"https:\/\/sinasefesm.com\/index.php\/wp-json\/wp\/v2\/media?parent=7238"}],"wp:term":[{"taxonomy":"category","embeddable":true,"href":"https:\/\/sinasefesm.com\/index.php\/wp-json\/wp\/v2\/categories?post=7238"},{"taxonomy":"post_tag","embeddable":true,"href":"https:\/\/sinasefesm.com\/index.php\/wp-json\/wp\/v2\/tags?post=7238"}],"curies":[{"name":"wp","href":"https:\/\/api.w.org\/{rel}","templated":true}]}}