{"id":7243,"date":"2025-05-12T11:39:28","date_gmt":"2025-05-12T11:39:28","guid":{"rendered":"https:\/\/sinasefesm.com\/?p=7243"},"modified":"2025-05-26T14:27:44","modified_gmt":"2025-05-26T17:27:44","slug":"aceleracao-da-progressao-por-capacitacao-dos-taes-na-folha-de-50-ifes","status":"publish","type":"post","link":"https:\/\/sinasefesm.com\/index.php\/2025\/05\/12\/aceleracao-da-progressao-por-capacitacao-dos-taes-na-folha-de-50-ifes\/","title":{"rendered":"Acelera\u00e7\u00e3o da progress\u00e3o capacita\u00e7\u00e3o TAEs na folha de 50 IFEs"},"content":{"rendered":"\n<p>Mais uma conquista da&nbsp;<a href=\"https:\/\/sinasefe.org.br\/site\/greve-2024\" target=\"_blank\" rel=\"noreferrer noopener\">greve 2024<\/a>&nbsp;come\u00e7a a entrar em vig\u00eancia para a base do Sinasefe: a implementa\u00e7\u00e3o da acelera\u00e7\u00e3o da progress\u00e3o funcional por capacita\u00e7\u00e3o para os t\u00e9cnico-administrativos, que j\u00e1 est\u00e1 em valida\u00e7\u00e3o em 50 Institui\u00e7\u00f5es Federais de Ensino (IFEs).<\/p>\n\n\n\n<p><strong>Esse direito dos TAEs n\u00e3o \u00e9 favor das Reitorias, mas uma conquista da <a href=\"https:\/\/sinasefe.org.br\/site\/greve-2024\" target=\"_blank\" rel=\"noreferrer noopener\">greve de 2024<\/a>!<\/strong><\/p>\n\n\n\n<p>As IFEs que est\u00e3o proporcionando agora esse direito dos TAEs j\u00e1 permitir\u00e3o os pagamentos a partir da folha do m\u00eas de maio de 2025, na qual ser\u00e1 implantada a acelera\u00e7\u00e3o da progress\u00e3o funcional por capacita\u00e7\u00e3o para servidoras e servidores da carreira do PCCTAE que se enquadrem na regra de transi\u00e7\u00e3o prevista no \u00a7 4\u00ba do artigo 10-B da&nbsp;<a href=\"https:\/\/www.planalto.gov.br\/ccivil_03\/_ato2004-2006\/2005\/lei\/l11091.htm\" target=\"_blank\" rel=\"noreferrer noopener\">Lei n\u00ba 11.091\/2005<\/a>, com reda\u00e7\u00e3o conferida pela&nbsp;<a href=\"https:\/\/sinasefe.org.br\/site\/vitoria-da-greve-medida-provisoria-do-reajuste-foi-publicada\" target=\"_blank\" rel=\"noreferrer noopener\">Medida Provis\u00f3ria n\u00ba 1286\/2024<\/a>.<\/p>\n\n\n\n<p>At\u00e9 o momento (final da tarde de 09\/05), 50 IFEs j\u00e1 publicaram of\u00edcio\/comunicado de implementa\u00e7\u00e3o da acelera\u00e7\u00e3o da progress\u00e3o por capacita\u00e7\u00e3o dos TAEs. S\u00e3o elas:<\/p>\n\n\n\n<ol class=\"wp-block-list\">\n<li>Cefet-MG (Minas Gerais);<\/li>\n\n\n\n<li>Cefet-RJ (Rio de Janeiro);<\/li>\n\n\n\n<li>Col\u00e9gio Pedro II (Rio de Janeiro);<\/li>\n\n\n\n<li>FURG (Rio Grande do Sul);<\/li>\n\n\n\n<li>IFAC (Acre);<\/li>\n\n\n\n<li>IFAL (Alagoas);<\/li>\n\n\n\n<li>IFAM (Amazonas);<\/li>\n\n\n\n<li>IFAP (Amap\u00e1);<\/li>\n\n\n\n<li>IFB (Distrito Federal);<\/li>\n\n\n\n<li>IFBA (Bahia);<\/li>\n\n\n\n<li>IF Baiano (Bahia);<\/li>\n\n\n\n<li>IFCE (Cear\u00e1);<\/li>\n\n\n\n<li>IFES (Esp\u00edrito Santo);<\/li>\n\n\n\n<li>IF Fluminense (Rio de Janeiro);<\/li>\n\n\n\n<li>IFG (Goi\u00e1s);<\/li>\n\n\n\n<li>IF Goiano (Goi\u00e1s);<\/li>\n\n\n\n<li>IFMA (Maranh\u00e3o);<\/li>\n\n\n\n<li>IFMG (Minas Gerais);<\/li>\n\n\n\n<li>IFMS (Mato Grosso do Sul);<\/li>\n\n\n\n<li>IFMT (Mato Grosso);<\/li>\n\n\n\n<li>IFNMG (Minas Gerais);<\/li>\n\n\n\n<li>IFPA (Par\u00e1);<\/li>\n\n\n\n<li>IFPB (Para\u00edba);<\/li>\n\n\n\n<li>IFPE (Pernambuco);<\/li>\n\n\n\n<li>IFPI (Piau\u00ed);<\/li>\n\n\n\n<li>IFPR (Paran\u00e1);<\/li>\n\n\n\n<li>IFRO (Rond\u00f4nia);<\/li>\n\n\n\n<li>IFRR (Roraima);<\/li>\n\n\n\n<li>IFRS (Rio Grande do Sul);<\/li>\n\n\n\n<li>IFS (Sergipe);<\/li>\n\n\n\n<li>IFSC (Santa Catarina);<\/li>\n\n\n\n<li>IF Sert\u00e3o Pernambucano (Pernambuco);<\/li>\n\n\n\n<li>IFSP (S\u00e3o Paulo);<\/li>\n\n\n\n<li>IF Sudeste de Minas (Minas Gerais);<\/li>\n\n\n\n<li>IF Sul (Rio Grande do Sul);<\/li>\n\n\n\n<li>IF Sul de Minas (Minas Gerais);<\/li>\n\n\n\n<li>IFTM (Minas Gerais);<\/li>\n\n\n\n<li>IFTO (Tocantins);<\/li>\n\n\n\n<li>UFAC (Acre);<\/li>\n\n\n\n<li>UFG (Goi\u00e1s);<\/li>\n\n\n\n<li>UFPel (Rio Grande do Sul);<\/li>\n\n\n\n<li>UFPI (Piau\u00ed);<\/li>\n\n\n\n<li>UFPR (Paran\u00e1);<\/li>\n\n\n\n<li>UFRJ (Rio de Janeiro);<\/li>\n\n\n\n<li>UFRPE (Pernambuco);<\/li>\n\n\n\n<li>UFRRJ (Rio de Janeiro);<\/li>\n\n\n\n<li>UFS (Sergipe);<\/li>\n\n\n\n<li>UFSB (Bahia);<\/li>\n\n\n\n<li>UnB (Distrito Federal);<\/li>\n\n\n\n<li>Unifap (Amap\u00e1).<\/li>\n<\/ol>\n\n\n\n<p>Os valores retroativos dever\u00e3o ser pagos a partir da folha de junho, com efeitos financeiros contados desde 1\u00ba de janeiro de 2025.<\/p>\n\n\n\n<p>A implanta\u00e7\u00e3o dever\u00e1 ser feita automaticamente pelas gest\u00f5es das IFEs, sem necessidade de solicita\u00e7\u00e3o.<\/p>\n\n\n\n<p>O n\u00famero de padr\u00f5es que cada servidor(a) poder\u00e1 progredir depende do n\u00edvel de capacita\u00e7\u00e3o em que se encontrava at\u00e9 31\/12\/2024:<\/p>\n\n\n\n<ul class=\"wp-block-list\">\n<li>N\u00edvel IV: at\u00e9 3 padr\u00f5es;<\/li>\n\n\n\n<li>N\u00edvel III: at\u00e9 2 padr\u00f5es;<\/li>\n\n\n\n<li>N\u00edvel II: at\u00e9 1 padr\u00e3o;<\/li>\n\n\n\n<li>N\u00edvel I: nenhum padr\u00e3o.<\/li>\n<\/ul>\n\n\n\n<p>Esse entendimento segue o disposto na minuta da Comiss\u00e3o Nacional de Supervis\u00e3o da Carreira (CNSC) do Minist\u00e9rio da Educa\u00e7\u00e3o (MEC), da qual o SINASEFE faz parte.<\/p>\n\n\n\n<p><strong>Seu local de trabalho n\u00e3o est\u00e1 na lista acima? Ent\u00e3o pressione o(a) seu(sua) Reitor(a)! Mobilize-se para isso junto da sua&nbsp;<a href=\"https:\/\/sinasefe.org.br\/site\/secoes-sindicais\" target=\"_blank\" rel=\"noreferrer noopener\">se\u00e7\u00e3o sindical<\/a>!<\/strong><\/p>\n\n\n\n<p>E lembre-se: esse direito n\u00e3o foi favor do Governo, foi conquista da nossa mobiliza\u00e7\u00e3o! Essa vit\u00f3ria \u00e9 fruto da organiza\u00e7\u00e3o e da luta coletiva do SINASEFE, que realizou uma greve de 86 dias em 2024, ao lado do&nbsp;<a href=\"https:\/\/www.andes.org.br\/\" target=\"_blank\" rel=\"noreferrer noopener\">Andes-SN<\/a>&nbsp;e da&nbsp;<a href=\"https:\/\/fasubra.org.br\/\" target=\"_blank\" rel=\"noreferrer noopener\">Fasubra<\/a>.<\/p>\n\n\n\n<p><em>Fonte e imagem: Sinasefe nacional<\/em><\/p>\n","protected":false},"excerpt":{"rendered":"<p>Mais uma conquista da&nbsp;greve 2024&nbsp;come\u00e7a a entrar em vig\u00eancia para a base do Sinasefe: a implementa\u00e7\u00e3o da acelera\u00e7\u00e3o da progress\u00e3o funcional por capacita\u00e7\u00e3o para os t\u00e9cnico-administrativos, que j\u00e1 est\u00e1 em valida\u00e7\u00e3o em 50 Institui\u00e7\u00f5es Federais de Ensino (IFEs). Esse direito dos TAEs n\u00e3o \u00e9 favor das Reitorias, mas uma conquista da greve de 2024! As<\/p>\n","protected":false},"author":7,"featured_media":7340,"comment_status":"closed","ping_status":"closed","sticky":true,"template":"","format":"standard","meta":{"footnotes":""},"categories":[37,42,45],"tags":[260,155],"class_list":{"0":"post-7243","1":"post","2":"type-post","3":"status-publish","4":"format-standard","5":"has-post-thumbnail","7":"category-destaque","8":"category-noticia","9":"category-sindicato","10":"tag-greve","11":"tag-institutos-federais"},"_links":{"self":[{"href":"https:\/\/sinasefesm.com\/index.php\/wp-json\/wp\/v2\/posts\/7243","targetHints":{"allow":["GET"]}}],"collection":[{"href":"https:\/\/sinasefesm.com\/index.php\/wp-json\/wp\/v2\/posts"}],"about":[{"href":"https:\/\/sinasefesm.com\/index.php\/wp-json\/wp\/v2\/types\/post"}],"author":[{"embeddable":true,"href":"https:\/\/sinasefesm.com\/index.php\/wp-json\/wp\/v2\/users\/7"}],"replies":[{"embeddable":true,"href":"https:\/\/sinasefesm.com\/index.php\/wp-json\/wp\/v2\/comments?post=7243"}],"version-history":[{"count":1,"href":"https:\/\/sinasefesm.com\/index.php\/wp-json\/wp\/v2\/posts\/7243\/revisions"}],"predecessor-version":[{"id":7341,"href":"https:\/\/sinasefesm.com\/index.php\/wp-json\/wp\/v2\/posts\/7243\/revisions\/7341"}],"wp:featuredmedia":[{"embeddable":true,"href":"https:\/\/sinasefesm.com\/index.php\/wp-json\/wp\/v2\/media\/7340"}],"wp:attachment":[{"href":"https:\/\/sinasefesm.com\/index.php\/wp-json\/wp\/v2\/media?parent=7243"}],"wp:term":[{"taxonomy":"category","embeddable":true,"href":"https:\/\/sinasefesm.com\/index.php\/wp-json\/wp\/v2\/categories?post=7243"},{"taxonomy":"post_tag","embeddable":true,"href":"https:\/\/sinasefesm.com\/index.php\/wp-json\/wp\/v2\/tags?post=7243"}],"curies":[{"name":"wp","href":"https:\/\/api.w.org\/{rel}","templated":true}]}}