{"id":7251,"date":"2025-05-14T11:37:13","date_gmt":"2025-05-14T11:37:13","guid":{"rendered":"https:\/\/sinasefesm.com\/?p=7251"},"modified":"2025-05-26T14:27:05","modified_gmt":"2025-05-26T17:27:05","slug":"sinasefe-cobra-em-mesa-de-negociacao-acordos-da-greve","status":"publish","type":"post","link":"https:\/\/sinasefesm.com\/index.php\/2025\/05\/14\/sinasefe-cobra-em-mesa-de-negociacao-acordos-da-greve\/","title":{"rendered":"Sinasefe cobra em mesa de negocia\u00e7\u00e3o acordos da greve"},"content":{"rendered":"\n<p>Na tarde desta segunda (12\/05) ocorreu a\u00a0<a href=\"https:\/\/sinasefe.org.br\/site\/mec-convoca-reuniao-da-mesa-setorial-de-negociacao-para-12-05\" target=\"_blank\" rel=\"noreferrer noopener\">primeira reuni\u00e3o do ano da Mesa Setorial de Negocia\u00e7\u00e3o Permanente<\/a>\u00a0(MSNP) vinculada ao Minist\u00e9rio da Educa\u00e7\u00e3o (MEC), espa\u00e7o que debate pautas sem impacto financeiro relativas \u00e0 Educa\u00e7\u00e3o Federal \u2013 de acordo com o protocolo aprovado pelo Minist\u00e9rio da Gest\u00e3o e da Inova\u00e7\u00e3o em Servi\u00e7os P\u00fablicos (MGI) para a Mesa Nacional de Negocia\u00e7\u00e3o Permanente (MNNP).<\/p>\n\n\n\n<p>Durante esse encontro, dirigentes do Sinasefe ressaltaram a import\u00e2ncia de essas reuni\u00f5es terem um calend\u00e1rio mais \u00e1gil e tamb\u00e9m cobraram que o governo desemperre itens do acordo de greve, tanto para TAEs como para docentes, e os coloquem em pr\u00e1tica.<\/p>\n\n\n\n<p>O Regimento Interno da MSNP foi&nbsp;<a href=\"https:\/\/sinasefe.org.br\/site\/mesa-setorial-de-negociacao-permanente-debate-e-finaliza-regimento-interno\" target=\"_blank\" rel=\"noreferrer noopener\">finalizado em novembro de 2024<\/a>, mas apenas em mar\u00e7o deste ano&nbsp;<a href=\"https:\/\/sinasefe.org.br\/site\/mec-publicou-regimento-interno-da-mesa-setorial-de-negociacao-permanente\" target=\"_blank\" rel=\"noreferrer noopener\">o MEC publicou o mesmo no Di\u00e1rio Oficial da Uni\u00e3o<\/a>&nbsp;(DOU) e s\u00f3 ontem (12\/05) realizou a primeira reuni\u00e3o da Mesa em 2025.<\/p>\n\n\n\n<p>Esse atraso fez a pauta da Mesa ficar bastante cheia e o SINASEFE defendeu que fossem priorizadas as quest\u00f5es relativas aos Termos de Acordo&nbsp;<a href=\"https:\/\/sinasefe.org.br\/site\/download\/termo-de-acordo-no-11-greve-2024-reestruturacao-do-pcctae\" target=\"_blank\" rel=\"noreferrer noopener\">n\u00b0 10\/2024<\/a>&nbsp;e&nbsp;<a href=\"https:\/\/sinasefe.org.br\/site\/download\/termo-de-acordo-no-10-greve-2024-reestruturacao-do-pccmf-ebtt\" target=\"_blank\" rel=\"noreferrer noopener\">n\u00b0 11\/2024<\/a>, assinados na suspens\u00e3o da&nbsp;<a href=\"https:\/\/sinasefe.org.br\/site\/greve-2024\" target=\"_blank\" rel=\"noreferrer noopener\">greve do ano passado<\/a>.<\/p>\n\n\n\n<p>Veja acima o&nbsp;<a href=\"https:\/\/youtu.be\/eRmfjMkFnkY\" target=\"_blank\" rel=\"noreferrer noopener\">informe em v\u00eddeo<\/a>&nbsp;gravado pelos participantes da reuni\u00e3o da MSNP de 12\/05.<\/p>\n\n\n\n<p>Representaram o sindicato na reuni\u00e3o: Andr\u00e9a Moraes (<a href=\"https:\/\/sinasefe.org.br\/site\/documentos\/direcao-nacional\/coordenacao-de-politicas-educacionais-e-culturais\" target=\"_blank\" rel=\"noreferrer noopener\">secret\u00e1ria de pol\u00edticas educacionais e culturais<\/a>), Antonildo Pereira (<a href=\"https:\/\/sinasefe.org.br\/site\/documentos\/direcao-nacional\/coordenacao-geral\" target=\"_blank\" rel=\"noreferrer noopener\">coordenador geral<\/a>), Artemis Martins (<a href=\"https:\/\/sinasefe.org.br\/site\/documentos\/direcao-nacional\/coordenacao-de-politicas-educacionais-e-culturais\" target=\"_blank\" rel=\"noreferrer noopener\">secret\u00e1ria-adjunta de pol\u00edticas educacionais e culturais<\/a>), Carlos Magno Sampaio (plantonista de base da\u00a0<a href=\"https:\/\/sinasefe.org.br\/site\/secoes-sindicais\" target=\"_blank\" rel=\"noreferrer noopener\">se\u00e7\u00e3o<\/a>\u00a0<a href=\"https:\/\/www.instagram.com\/sinasefe.ifbaiano\" target=\"_blank\" rel=\"noreferrer noopener\">IF Baiano-BA<\/a>) e L\u00eddia Farias (<a href=\"https:\/\/sinasefe.org.br\/site\/comissoes\/cns\" target=\"_blank\" rel=\"noreferrer noopener\">comiss\u00e3o nacional de supervis\u00e3o<\/a>).<\/p>\n\n\n\n<p><em>Fonte: Sinasefe nacional<\/em><\/p>\n","protected":false},"excerpt":{"rendered":"<p>Na tarde desta segunda (12\/05) ocorreu a\u00a0primeira reuni\u00e3o do ano da Mesa Setorial de Negocia\u00e7\u00e3o Permanente\u00a0(MSNP) vinculada ao Minist\u00e9rio da Educa\u00e7\u00e3o (MEC), espa\u00e7o que debate pautas sem impacto financeiro relativas \u00e0 Educa\u00e7\u00e3o Federal \u2013 de acordo com o protocolo aprovado pelo Minist\u00e9rio da Gest\u00e3o e da Inova\u00e7\u00e3o em Servi\u00e7os P\u00fablicos (MGI) para a Mesa Nacional<\/p>\n","protected":false},"author":7,"featured_media":7338,"comment_status":"closed","ping_status":"closed","sticky":true,"template":"","format":"standard","meta":{"footnotes":""},"categories":[41,42,45],"tags":[260,167,213],"class_list":{"0":"post-7251","1":"post","2":"type-post","3":"status-publish","4":"format-standard","5":"has-post-thumbnail","7":"category-movimento","8":"category-noticia","9":"category-sindicato","10":"tag-greve","11":"tag-mec","12":"tag-servico-publico"},"_links":{"self":[{"href":"https:\/\/sinasefesm.com\/index.php\/wp-json\/wp\/v2\/posts\/7251","targetHints":{"allow":["GET"]}}],"collection":[{"href":"https:\/\/sinasefesm.com\/index.php\/wp-json\/wp\/v2\/posts"}],"about":[{"href":"https:\/\/sinasefesm.com\/index.php\/wp-json\/wp\/v2\/types\/post"}],"author":[{"embeddable":true,"href":"https:\/\/sinasefesm.com\/index.php\/wp-json\/wp\/v2\/users\/7"}],"replies":[{"embeddable":true,"href":"https:\/\/sinasefesm.com\/index.php\/wp-json\/wp\/v2\/comments?post=7251"}],"version-history":[{"count":1,"href":"https:\/\/sinasefesm.com\/index.php\/wp-json\/wp\/v2\/posts\/7251\/revisions"}],"predecessor-version":[{"id":7339,"href":"https:\/\/sinasefesm.com\/index.php\/wp-json\/wp\/v2\/posts\/7251\/revisions\/7339"}],"wp:featuredmedia":[{"embeddable":true,"href":"https:\/\/sinasefesm.com\/index.php\/wp-json\/wp\/v2\/media\/7338"}],"wp:attachment":[{"href":"https:\/\/sinasefesm.com\/index.php\/wp-json\/wp\/v2\/media?parent=7251"}],"wp:term":[{"taxonomy":"category","embeddable":true,"href":"https:\/\/sinasefesm.com\/index.php\/wp-json\/wp\/v2\/categories?post=7251"},{"taxonomy":"post_tag","embeddable":true,"href":"https:\/\/sinasefesm.com\/index.php\/wp-json\/wp\/v2\/tags?post=7251"}],"curies":[{"name":"wp","href":"https:\/\/api.w.org\/{rel}","templated":true}]}}