{"id":7254,"date":"2025-05-15T18:01:54","date_gmt":"2025-05-15T18:01:54","guid":{"rendered":"https:\/\/sinasefesm.com\/?p=7254"},"modified":"2025-05-26T14:26:42","modified_gmt":"2025-05-26T17:26:42","slug":"comissao-da-ufsm-homologa-duas-chapas-a-concorrer-a-reitoria","status":"publish","type":"post","link":"https:\/\/sinasefesm.com\/index.php\/2025\/05\/15\/comissao-da-ufsm-homologa-duas-chapas-a-concorrer-a-reitoria\/","title":{"rendered":"Comiss\u00e3o da UFSM homologa duas chapas a concorrer \u00e0 Reitoria"},"content":{"rendered":"\n<p>Na \u00faltima ter\u00e7a, 13 de maio, a Comiss\u00e3o Especial que coordena a Pesquisa de Opini\u00e3o para a Reitoria da UFSM homologou, preliminarmente, duas chapas para concorrer no dia 25 de junho, aos cargos de reitor\/a e vice-reitor\/a da institui\u00e7\u00e3o. As inscri\u00e7\u00f5es homologadas foram:<\/p>\n\n\n\n<p><strong>Chapa 1<\/strong><\/p>\n\n\n\n<p>Reitor- Felipe Martins M\u00fcller<\/p>\n\n\n\n<p>Vice-reitor- Alessandro Dal\u2019Col L\u00facio.<\/p>\n\n\n\n<p><strong>Chapa 2<\/strong><\/p>\n\n\n\n<p>Reitora- Martha Bohrer Adaime<\/p>\n\n\n\n<p>Vice-reitor- Tiago Bandeira Marchesan.<\/p>\n\n\n\n<p>Na pr\u00f3xima ter\u00e7a, 20 de maio, os\/as integrantes da Comiss\u00e3o voltam a se reunir para a homologa\u00e7\u00e3o final. Confira as pr\u00f3ximas datas:<\/p>\n\n\n\n<p><strong>20 de maio<\/strong>&#8211; divulga\u00e7\u00e3o final das inscri\u00e7\u00f5es homologadas;<\/p>\n\n\n\n<p><strong>21 de maio a 24 de junho<\/strong>&#8211; per\u00edodo para apresenta\u00e7\u00e3o das propostas das chapas \u00e0 comunidade;<\/p>\n\n\n\n<p><strong>25 de junho, das 7h \u00e0s 22h<\/strong>&#8211; vota\u00e7\u00e3o eletr\u00f4nica;<\/p>\n\n\n\n<p><strong>25 de junho, \u00e0s 22h30<\/strong>&#8211; previs\u00e3o de divulga\u00e7\u00e3o do resultado preliminar da pesquisa;<\/p>\n\n\n\n<p><strong>7 de julho<\/strong>&#8211; divulga\u00e7\u00e3o do resultado final da pesquisa de opini\u00e3o, que posteriormente ser\u00e1 encaminhada ao Conselho Universit\u00e1rio (Consu).<\/p>\n\n\n\n<p>A pesquisa, cujo formato foi aprovado em reuni\u00e3o do Cosu, ser\u00e1 parit\u00e1ria, direta, facultativa e secreta, envolvendo docentes, t\u00e9cnico-administrativos\/as em educa\u00e7\u00e3o e estudantes da UFSM. A vota\u00e7\u00e3o ocorre no dia 25 de junho de 2025, das 7h \u00e0s 22h, em formato eletr\u00f4nico.<\/p>\n\n\n\n<p><strong>Sinasefe SM na Comiss\u00e3o Especial<\/strong><\/p>\n\n\n\n<p>Na Comiss\u00e3o Especial que coordena a Pesquisa de Opini\u00e3o, o Sinasefe SM est\u00e1 representado por dois nomes: Titular- Marco Aur\u00e9lio Bandeira e Suplente- Jos\u00e9 Abilio Lima de Freitas.<\/p>\n\n\n\n<p>Al\u00e9m do Sinasefe, outras entidades tamb\u00e9m fazem parte.<\/p>\n\n\n\n<p><strong>Assufsm<\/strong>&#8211; Loiva Chansis (titular) e Rosimar Rubenich (suplente);<\/p>\n\n\n\n<p><strong>Atens<\/strong>&#8211; Cl\u00f3vis Senger (titular) e Gl\u00e9ce K\u00f3zer (suplente);<\/p>\n\n\n\n<p><strong>DCE<\/strong>&#8211; Emanuelle Somavila (titular) e Camille Teles (suplente).<\/p>\n\n\n\n<p><strong>Sedufsm<\/strong>&#8211; Leonardo Botega (titular) e Belkis Bandeira (siplente).<\/p>\n\n\n\n<p><strong>Conselho Universit\u00e1rio<\/strong>&#8211; Juan Balcazar; Hans Zimermann, D\u00e9bora Aita Gasparetto; Frederico Diniz Lima e F\u00e1bio Duarte (titulares). Os\/as suplentes ainda ser\u00e3o indicados\/as pelo Consu..<\/p>\n\n\n\n<p>Mais informa\u00e7\u00f5es podem ser obtidas pelo e-mail da Comiss\u00e3o Especial (<a href=\"mailto:comissao.especial@ufsm.br\">comissao.especial@ufsm.br<\/a>) ou pelo&nbsp;<a href=\"https:\/\/www.ufsm.br\/reitoria\/conselhos-superiores\/pesquisa-de-opiniao\">site oficial da pesquisa.<\/a><\/p>\n\n\n\n<p><em>Texto: Fritz Rivail<br>Foto: Gabinete do Reitor\/UFSM<\/em><\/p>\n","protected":false},"excerpt":{"rendered":"<p>Na \u00faltima ter\u00e7a, 13 de maio, a Comiss\u00e3o Especial que coordena a Pesquisa de Opini\u00e3o para a Reitoria da UFSM homologou, preliminarmente, duas chapas para concorrer no dia 25 de junho, aos cargos de reitor\/a e vice-reitor\/a da institui\u00e7\u00e3o. As inscri\u00e7\u00f5es homologadas foram: Chapa 1 Reitor- Felipe Martins M\u00fcller Vice-reitor- Alessandro Dal\u2019Col L\u00facio. Chapa 2<\/p>\n","protected":false},"author":7,"featured_media":7336,"comment_status":"closed","ping_status":"closed","sticky":true,"template":"","format":"standard","meta":{"footnotes":""},"categories":[37,42,45],"tags":[225],"class_list":{"0":"post-7254","1":"post","2":"type-post","3":"status-publish","4":"format-standard","5":"has-post-thumbnail","7":"category-destaque","8":"category-noticia","9":"category-sindicato","10":"tag-ufsm"},"_links":{"self":[{"href":"https:\/\/sinasefesm.com\/index.php\/wp-json\/wp\/v2\/posts\/7254","targetHints":{"allow":["GET"]}}],"collection":[{"href":"https:\/\/sinasefesm.com\/index.php\/wp-json\/wp\/v2\/posts"}],"about":[{"href":"https:\/\/sinasefesm.com\/index.php\/wp-json\/wp\/v2\/types\/post"}],"author":[{"embeddable":true,"href":"https:\/\/sinasefesm.com\/index.php\/wp-json\/wp\/v2\/users\/7"}],"replies":[{"embeddable":true,"href":"https:\/\/sinasefesm.com\/index.php\/wp-json\/wp\/v2\/comments?post=7254"}],"version-history":[{"count":1,"href":"https:\/\/sinasefesm.com\/index.php\/wp-json\/wp\/v2\/posts\/7254\/revisions"}],"predecessor-version":[{"id":7337,"href":"https:\/\/sinasefesm.com\/index.php\/wp-json\/wp\/v2\/posts\/7254\/revisions\/7337"}],"wp:featuredmedia":[{"embeddable":true,"href":"https:\/\/sinasefesm.com\/index.php\/wp-json\/wp\/v2\/media\/7336"}],"wp:attachment":[{"href":"https:\/\/sinasefesm.com\/index.php\/wp-json\/wp\/v2\/media?parent=7254"}],"wp:term":[{"taxonomy":"category","embeddable":true,"href":"https:\/\/sinasefesm.com\/index.php\/wp-json\/wp\/v2\/categories?post=7254"},{"taxonomy":"post_tag","embeddable":true,"href":"https:\/\/sinasefesm.com\/index.php\/wp-json\/wp\/v2\/tags?post=7254"}],"curies":[{"name":"wp","href":"https:\/\/api.w.org\/{rel}","templated":true}]}}