{"id":7264,"date":"2025-05-19T21:42:07","date_gmt":"2025-05-19T21:42:07","guid":{"rendered":"https:\/\/sinasefesm.com\/?p=7264"},"modified":"2025-05-26T14:24:42","modified_gmt":"2025-05-26T17:24:42","slug":"mgi-agenda-reuniao-com-pcctae-na-sexta-23-de-maio","status":"publish","type":"post","link":"https:\/\/sinasefesm.com\/index.php\/2025\/05\/19\/mgi-agenda-reuniao-com-pcctae-na-sexta-23-de-maio\/","title":{"rendered":"MGI agenda reuni\u00e3o do GT PCCTAE sexta, 23 de maio"},"content":{"rendered":"\n<p>O governo agendou para a pr\u00f3xima sexta (23\/05), \u00e0s 10h, nova reuni\u00e3o do Grupo de Trabalho (GT) do\u00a0<a href=\"https:\/\/sinasefe.org.br\/site\/download\/termo-de-acordo-no-11-greve-2024-reestruturacao-do-pcctae\" target=\"_blank\" rel=\"noreferrer noopener\">Termo de Acordo n\u00ba 11\/24<\/a>\u00a0(relativo ao PCCTAE), que acontece no \u00e2mbito da Mesa Nacional de Negocia\u00e7\u00e3o Permanente (MNNP). A pauta prev\u00ea debate sobre as cl\u00e1usulas 8\u00aa, 9\u00aa, 11\u00aa e 13\u00aa do referido acordo.<\/p>\n\n\n\n<p>O cronograma preliminar deste GT&nbsp;<a href=\"https:\/\/sinasefe.org.br\/site\/carreira-tae-mgi-instala-gt-para-tratar-de-acordo-de-greve\/\" target=\"_blank\" rel=\"noreferrer noopener\">previa devolutivas para novembro e dezembro de 2024<\/a>, que ainda n\u00e3o se converteram nas mudan\u00e7as reivindicadas por servidoras(es) t\u00e9cnico-administrativas(os) em educa\u00e7\u00e3o (TAEs) na&nbsp;<a href=\"https:\/\/sinasefe.org.br\/site\/greve-2024\/\" target=\"_blank\" rel=\"noreferrer noopener\">greve de 2024<\/a>.<\/p>\n\n\n\n<h3 class=\"wp-block-heading\">Pauta<\/h3>\n\n\n\n<p>Segundo o Minist\u00e9rio da Gest\u00e3o e da Inova\u00e7\u00e3o em Servi\u00e7os P\u00fablicos (MGI), na reuni\u00e3o de sexta-feira (23\/05) ser\u00e3o objeto de discuss\u00e3o:<\/p>\n\n\n\n<ul class=\"wp-block-list\">\n<li><strong>Cl\u00e1usula oitava \u2013<\/strong>\u00a0No per\u00edodo de agosto a dezembro de 2024 ser\u00e1 criado GT no MGI, com a participa\u00e7\u00e3o do MEC e das entidades sindicais, para an\u00e1lise e levantamento de impactos relativos ao contingente de servidores que permaneceram no PUCRECE e que desejam a reabertura de prazo para ades\u00e3o ao\u00a0PCCTAE. Em se constatando a viabilidade, a medida ser\u00e1 implantada em 2025.<\/li>\n\n\n\n<li><strong>Cl\u00e1usula nona \u2013\u00a0<\/strong>O reposicionamento dos aposentados, por ocasi\u00e3o da cria\u00e7\u00e3o do\u00a0PCCTAE, e que foram enquadrados considerando o tempo de servi\u00e7o p\u00fablico federal, ser\u00e1 tratado em GT no MGI\/MEC-CNS, com a participa\u00e7\u00e3o das entidades representativas, para an\u00e1lise e levantamento de impacto, no per\u00edodo entre agosto e dezembro de 2024. Em se constatando a viabilidade, a medida ser\u00e1 implantada em 2025.<\/li>\n\n\n\n<li>(\u2026)<\/li>\n\n\n\n<li><strong>Cl\u00e1usula d\u00e9cima primeira \u2013<\/strong>\u00a0A proposta Institucionaliza\u00e7\u00e3o do plant\u00e3o de 12 horas x 60 horas para servidores dos Hospitais Universit\u00e1rios e vigilantes que trabalham em regime de plant\u00e3o ou escala, ser\u00e1 objeto de tratamento em GT no MGI, com a participa\u00e7\u00e3o das entidades representativas, no per\u00edodo de agosto a dezembro de 2024.<\/li>\n\n\n\n<li><strong>Cl\u00e1usula d\u00e9cima terceira<\/strong>\u00a0\u2013 O Minist\u00e9rio da Educa\u00e7\u00e3o \u2013 MEC, no \u00e2mbito de suas compet\u00eancias e atua\u00e7\u00e3o, promover\u00e1 estudos, no prazo de 180 dias ap\u00f3s a assinatura do presente Termo, e dar\u00e1 encaminhamento para implementa\u00e7\u00e3o em 2025, por interm\u00e9dio da Comiss\u00e3o Nacional de Supervis\u00e3o \u2013 CNS\/PCCTAE\u00a0e da Mesa Setorial do MEC, \u00e0s seguintes demandas, de \u201ca\u201d a \u201cj\u201d:\u00a0<\/li>\n\n\n\n<li>(\u2026)<\/li>\n\n\n\n<li><strong>g.<\/strong>\u00a0jornada de trabalho de 6 horas ininterruptas (30 horas semanais) para todos os TAES, sem redu\u00e7\u00e3o da remunera\u00e7\u00e3o;\u00a0<\/li>\n\n\n\n<li><strong>h.<\/strong>\u00a0carga hor\u00e1ria das profiss\u00f5es regulamentadas.   <\/li>\n<\/ul>\n\n\n\n<h3 class=\"wp-block-heading\">Hist\u00f3rico<\/h3>\n\n\n\n<p>O GT PCCTAE foi instalado em dia\u00a0<a href=\"https:\/\/sinasefe.org.br\/site\/carreira-tae-mgi-instala-gt-para-tratar-de-acordo-de-greve\/\" target=\"_blank\" rel=\"noreferrer noopener\">15\/10\/24<\/a>\u00a0e se reuniu em quatro ocasi\u00f5es:\u00a0<a href=\"https:\/\/sinasefe.org.br\/site\/carreira-tae-mgi-informa-que-enviou-pl-a-casa-civil\/\" target=\"_blank\" rel=\"noreferrer noopener\">em 07\/11\/24 (presencialmente)<\/a>, em\u00a0<a href=\"https:\/\/sinasefe.org.br\/site\/gt-pcctae-se-reuniu-nesta-quarta-feira-04-12\" target=\"_blank\" rel=\"noreferrer noopener\">04\/12\/24 (virtualmente)<\/a>,\u00a0<a href=\"https:\/\/sinasefe.org.br\/site\/reajuste-salarial-mgi-enviou-mp-para-casa-civil-sem-o-rsc-tae\/\" target=\"_blank\" rel=\"noreferrer noopener\">em 10\/12\/24<\/a>\u00a0(presencialmente) e em\u00a0<a href=\"https:\/\/sinasefe.org.br\/site\/carreira-tae-mgi-segue-sem-agilizar-o-cumprimento-do-acordo-de-greve\/\" target=\"_blank\" rel=\"noreferrer noopener\">23 de janeiro de 2025<\/a>\u00a0(presencialmente). Elton John (2\u00ba tesoureiro\u00a0e\u00a0CNS-SINASEFE) e L\u00eddia Farias (CNS-SINASEFE) representaram o sindicato nacional nestas atividades.<\/p>\n\n\n\n<p>Fonte e imagem: Sinasefe Nacional.<\/p>\n","protected":false},"excerpt":{"rendered":"<p>O governo agendou para a pr\u00f3xima sexta (23\/05), \u00e0s 10h, nova reuni\u00e3o do Grupo de Trabalho (GT) do\u00a0Termo de Acordo n\u00ba 11\/24\u00a0(relativo ao PCCTAE), que acontece no \u00e2mbito da Mesa Nacional de Negocia\u00e7\u00e3o Permanente (MNNP). A pauta prev\u00ea debate sobre as cl\u00e1usulas 8\u00aa, 9\u00aa, 11\u00aa e 13\u00aa do referido acordo. O cronograma preliminar deste GT&nbsp;previa<\/p>\n","protected":false},"author":7,"featured_media":7332,"comment_status":"closed","ping_status":"closed","sticky":true,"template":"","format":"standard","meta":{"footnotes":""},"categories":[37,41,45],"tags":[201,213],"class_list":{"0":"post-7264","1":"post","2":"type-post","3":"status-publish","4":"format-standard","5":"has-post-thumbnail","7":"category-destaque","8":"category-movimento","9":"category-sindicato","10":"tag-reajuste-salarial","11":"tag-servico-publico"},"_links":{"self":[{"href":"https:\/\/sinasefesm.com\/index.php\/wp-json\/wp\/v2\/posts\/7264","targetHints":{"allow":["GET"]}}],"collection":[{"href":"https:\/\/sinasefesm.com\/index.php\/wp-json\/wp\/v2\/posts"}],"about":[{"href":"https:\/\/sinasefesm.com\/index.php\/wp-json\/wp\/v2\/types\/post"}],"author":[{"embeddable":true,"href":"https:\/\/sinasefesm.com\/index.php\/wp-json\/wp\/v2\/users\/7"}],"replies":[{"embeddable":true,"href":"https:\/\/sinasefesm.com\/index.php\/wp-json\/wp\/v2\/comments?post=7264"}],"version-history":[{"count":1,"href":"https:\/\/sinasefesm.com\/index.php\/wp-json\/wp\/v2\/posts\/7264\/revisions"}],"predecessor-version":[{"id":7333,"href":"https:\/\/sinasefesm.com\/index.php\/wp-json\/wp\/v2\/posts\/7264\/revisions\/7333"}],"wp:featuredmedia":[{"embeddable":true,"href":"https:\/\/sinasefesm.com\/index.php\/wp-json\/wp\/v2\/media\/7332"}],"wp:attachment":[{"href":"https:\/\/sinasefesm.com\/index.php\/wp-json\/wp\/v2\/media?parent=7264"}],"wp:term":[{"taxonomy":"category","embeddable":true,"href":"https:\/\/sinasefesm.com\/index.php\/wp-json\/wp\/v2\/categories?post=7264"},{"taxonomy":"post_tag","embeddable":true,"href":"https:\/\/sinasefesm.com\/index.php\/wp-json\/wp\/v2\/tags?post=7264"}],"curies":[{"name":"wp","href":"https:\/\/api.w.org\/{rel}","templated":true}]}}