{"id":7272,"date":"2025-05-22T14:49:01","date_gmt":"2025-05-22T14:49:01","guid":{"rendered":"https:\/\/sinasefesm.com\/?p=7272"},"modified":"2025-05-26T14:21:22","modified_gmt":"2025-05-26T17:21:22","slug":"informe-sobre-o-pl-da-reestruturacao-das-carreiras","status":"publish","type":"post","link":"https:\/\/sinasefesm.com\/index.php\/2025\/05\/22\/informe-sobre-o-pl-da-reestruturacao-das-carreiras\/","title":{"rendered":"Informe sobre o PL da Reestrutura\u00e7\u00e3o das Carreiras"},"content":{"rendered":"\n<p>O Sinasefe\u00a0<a href=\"https:\/\/sinasefe.org.br\/site\/sinasefe-na-luta-pela-reestruturacao-das-carreiras\" target=\"_blank\" rel=\"noreferrer noopener\">est\u00e1 em vig\u00edlia<\/a>\u00a0no Congresso Nacional, fazendo press\u00e3o pela aprova\u00e7\u00e3o do\u00a0<a href=\"https:\/\/www.camara.leg.br\/proposicoesWeb\/fichadetramitacao?idProposicao=2494408\" target=\"_blank\" rel=\"noreferrer noopener\">PL 1466\/2025<\/a>, que trata da reestrutura\u00e7\u00e3o das carreiras de diversos servidores p\u00fablicos federais \u2013 dentre os quais docentes e t\u00e9cnico-administrativos\/as da nossa base.<\/p>\n\n\n\n<p>De teor id\u00eantico \u00e0&nbsp;<a href=\"https:\/\/sinasefe.org.br\/site\/vitoria-da-greve-medida-provisoria-do-reajuste-foi-publicada\" target=\"_blank\" rel=\"noreferrer noopener\">MPV 1286\/2024<\/a>, que assegurou as atualiza\u00e7\u00f5es financeiras conquistadas na greve de 2024, o PL 1466\/2025 tramita com urg\u00eancia e pode suspender a pauta na C\u00e2mara at\u00e9 sua vota\u00e7\u00e3o.<\/p>\n\n\n\n<p>\u00c9 importante refor\u00e7ar a mobiliza\u00e7\u00e3o nas bases por conta da nova a\u00e7\u00e3o do Presidente da C\u00e2mara, Hugo Motta (Republicanos-PB), que tenta impor de modo apressado o andamento da&nbsp;<a href=\"https:\/\/sinasefe.org.br\/site\/reforma-administrativa\" target=\"_blank\" rel=\"noreferrer noopener\">Reforma Administrativa<\/a>. Essa situa\u00e7\u00e3o pode levar os Termos de Acordo de Greve&nbsp;<a href=\"https:\/\/sinasefe.org.br\/site\/download\/termo-de-acordo-no-10-greve-2024-reestruturacao-do-pccmf-ebtt\" target=\"_blank\" rel=\"noreferrer noopener\">n\u00ba 10\/2024<\/a>&nbsp;e&nbsp;<a href=\"https:\/\/sinasefe.org.br\/site\/download\/termo-de-acordo-no-11-greve-2024-reestruturacao-do-pcctae\" target=\"_blank\" rel=\"noreferrer noopener\">n\u00ba 11\/2024<\/a>,&nbsp;<a href=\"https:\/\/sinasefe.org.br\/site\/sinasefe-assina-acordos-e-categoria-retoma-atividades-ate-03-07\" target=\"_blank\" rel=\"noreferrer noopener\">assinados entre SINASEFE e Governo Federal<\/a>, ao descumprimento.<\/p>\n\n\n\n<p>O Sinasefe est\u00e1 representado nas a\u00e7\u00f5es de press\u00e3o no Congresso Nacional para aprova\u00e7\u00e3o do PL 1466\/2025 por Laryssa Martiniano (<a href=\"https:\/\/sinasefe.org.br\/site\/documentos\/direcao-nacional\/coordenacao-geral\" target=\"_blank\" rel=\"noreferrer noopener\">coordenadora geral<\/a>) \u2013 que gravou o\u00a0<a href=\"https:\/\/youtu.be\/STe4egcHFFc\" target=\"_blank\" rel=\"noreferrer noopener\">informe em v\u00eddeo<\/a>.<\/p>\n\n\n\n<p><em>Fonte e imagem: Sinasefe Nacional<\/em><\/p>\n","protected":false},"excerpt":{"rendered":"<p>O Sinasefe\u00a0est\u00e1 em vig\u00edlia\u00a0no Congresso Nacional, fazendo press\u00e3o pela aprova\u00e7\u00e3o do\u00a0PL 1466\/2025, que trata da reestrutura\u00e7\u00e3o das carreiras de diversos servidores p\u00fablicos federais \u2013 dentre os quais docentes e t\u00e9cnico-administrativos\/as da nossa base. De teor id\u00eantico \u00e0&nbsp;MPV 1286\/2024, que assegurou as atualiza\u00e7\u00f5es financeiras conquistadas na greve de 2024, o PL 1466\/2025 tramita com urg\u00eancia e<\/p>\n","protected":false},"author":7,"featured_media":7330,"comment_status":"closed","ping_status":"closed","sticky":true,"template":"","format":"standard","meta":{"footnotes":""},"categories":[46],"tags":[201,213],"class_list":{"0":"post-7272","1":"post","2":"type-post","3":"status-publish","4":"format-standard","5":"has-post-thumbnail","7":"category-uncategorized","8":"tag-reajuste-salarial","9":"tag-servico-publico"},"_links":{"self":[{"href":"https:\/\/sinasefesm.com\/index.php\/wp-json\/wp\/v2\/posts\/7272","targetHints":{"allow":["GET"]}}],"collection":[{"href":"https:\/\/sinasefesm.com\/index.php\/wp-json\/wp\/v2\/posts"}],"about":[{"href":"https:\/\/sinasefesm.com\/index.php\/wp-json\/wp\/v2\/types\/post"}],"author":[{"embeddable":true,"href":"https:\/\/sinasefesm.com\/index.php\/wp-json\/wp\/v2\/users\/7"}],"replies":[{"embeddable":true,"href":"https:\/\/sinasefesm.com\/index.php\/wp-json\/wp\/v2\/comments?post=7272"}],"version-history":[{"count":1,"href":"https:\/\/sinasefesm.com\/index.php\/wp-json\/wp\/v2\/posts\/7272\/revisions"}],"predecessor-version":[{"id":7331,"href":"https:\/\/sinasefesm.com\/index.php\/wp-json\/wp\/v2\/posts\/7272\/revisions\/7331"}],"wp:featuredmedia":[{"embeddable":true,"href":"https:\/\/sinasefesm.com\/index.php\/wp-json\/wp\/v2\/media\/7330"}],"wp:attachment":[{"href":"https:\/\/sinasefesm.com\/index.php\/wp-json\/wp\/v2\/media?parent=7272"}],"wp:term":[{"taxonomy":"category","embeddable":true,"href":"https:\/\/sinasefesm.com\/index.php\/wp-json\/wp\/v2\/categories?post=7272"},{"taxonomy":"post_tag","embeddable":true,"href":"https:\/\/sinasefesm.com\/index.php\/wp-json\/wp\/v2\/tags?post=7272"}],"curies":[{"name":"wp","href":"https:\/\/api.w.org\/{rel}","templated":true}]}}