{"id":7306,"date":"2025-05-24T11:54:13","date_gmt":"2025-05-24T14:54:13","guid":{"rendered":"https:\/\/sinasefesm.com\/?p=7306"},"modified":"2025-05-24T11:54:13","modified_gmt":"2025-05-24T14:54:13","slug":"camara-aprova-pl-1466-25-que-reestrutura-carreiras","status":"publish","type":"post","link":"https:\/\/sinasefesm.com\/index.php\/2025\/05\/24\/camara-aprova-pl-1466-25-que-reestrutura-carreiras\/","title":{"rendered":"C\u00e2mara aprova PL 1466\/25, que reestrutura carreiras"},"content":{"rendered":"\n<p>A C\u00e2mara dos Deputados\u00a0<a href=\"https:\/\/www.camara.leg.br\/noticias\/1161067-camara-aprova-projeto-que-reajusta-salarios-e-reestrutura-carreiras-de-servidores-do-executivo-federal\" target=\"_blank\" rel=\"noreferrer noopener\">aprovou<\/a>, na noite de quarta-feira (21\/05), o\u00a0<a href=\"https:\/\/www.camara.leg.br\/proposicoesWeb\/fichadetramitacao?idProposicao=2494408\" target=\"_blank\" rel=\"noreferrer noopener\">Projeto de Lei n\u00ba 1466\/2025<\/a>, que reestrutura carreiras de diversos servidores\/as p\u00fablicos\/as federais, incluindo docentes e t\u00e9cnico-administrativos em educa\u00e7\u00e3o. A mat\u00e9ria foi enviada ao Senado e vai substituir a\u00a0<a href=\"https:\/\/sinasefe.org.br\/site\/vitoria-da-greve-medida-provisoria-do-reajuste-foi-publicada\" target=\"_blank\" rel=\"noreferrer noopener\">MPV 1286\/2024<\/a>, que perder\u00e1 seus efeitos em 2 de junho.<\/p>\n\n\n\n<p>O SINASEFE ressalta que as altera\u00e7\u00f5es promovidas pelo projeto aprovado s\u00e3o frutos da mobiliza\u00e7\u00e3o da categoria, que&nbsp;<a href=\"https:\/\/sinasefe.org.br\/site\/greve-2024\/\" target=\"_blank\" rel=\"noreferrer noopener\">realizou uma forte greve em 2024<\/a>.<\/p>\n\n\n\n<h3 class=\"wp-block-heading\">Sobre a greve 2024<\/h3>\n\n\n\n<p>O Sinasefe esteve em greve nacional entre 3 de abril de 27 de junho de 2024, envolvendo servidoras(es) docentes e TAEs da Rede Federal de Educa\u00e7\u00e3o. O movimento paredista reivindicou, dentre suas principais pautas,\u00a0<strong>reestrutura\u00e7\u00e3o das carreiras, recomposi\u00e7\u00e3o salarial, revoga\u00e7\u00e3o de medidas que prejudicam a educa\u00e7\u00e3o e recomposi\u00e7\u00e3o do or\u00e7amento das institui\u00e7\u00f5es educacionais<\/strong>. A suspens\u00e3o da greve aconteceu\u00a0<a href=\"https:\/\/sinasefe.org.br\/site\/sinasefe-assina-acordos-e-categoria-retoma-atividades-ate-03-07\/\">ap\u00f3s a assinatura de termos de acordo com o governo<\/a>.<\/p>\n\n\n\n<p><em>Fonte e imagem: Sinasefe Nacional<\/em><\/p>\n","protected":false},"excerpt":{"rendered":"<p>A C\u00e2mara dos Deputados\u00a0aprovou, na noite de quarta-feira (21\/05), o\u00a0Projeto de Lei n\u00ba 1466\/2025, que reestrutura carreiras de diversos servidores\/as p\u00fablicos\/as federais, incluindo docentes e t\u00e9cnico-administrativos em educa\u00e7\u00e3o. A mat\u00e9ria foi enviada ao Senado e vai substituir a\u00a0MPV 1286\/2024, que perder\u00e1 seus efeitos em 2 de junho. O SINASEFE ressalta que as altera\u00e7\u00f5es promovidas pelo<\/p>\n","protected":false},"author":7,"featured_media":7307,"comment_status":"open","ping_status":"open","sticky":false,"template":"","format":"standard","meta":{"footnotes":""},"categories":[37,42,45],"tags":[],"class_list":{"0":"post-7306","1":"post","2":"type-post","3":"status-publish","4":"format-standard","5":"has-post-thumbnail","7":"category-destaque","8":"category-noticia","9":"category-sindicato"},"_links":{"self":[{"href":"https:\/\/sinasefesm.com\/index.php\/wp-json\/wp\/v2\/posts\/7306","targetHints":{"allow":["GET"]}}],"collection":[{"href":"https:\/\/sinasefesm.com\/index.php\/wp-json\/wp\/v2\/posts"}],"about":[{"href":"https:\/\/sinasefesm.com\/index.php\/wp-json\/wp\/v2\/types\/post"}],"author":[{"embeddable":true,"href":"https:\/\/sinasefesm.com\/index.php\/wp-json\/wp\/v2\/users\/7"}],"replies":[{"embeddable":true,"href":"https:\/\/sinasefesm.com\/index.php\/wp-json\/wp\/v2\/comments?post=7306"}],"version-history":[{"count":1,"href":"https:\/\/sinasefesm.com\/index.php\/wp-json\/wp\/v2\/posts\/7306\/revisions"}],"predecessor-version":[{"id":7308,"href":"https:\/\/sinasefesm.com\/index.php\/wp-json\/wp\/v2\/posts\/7306\/revisions\/7308"}],"wp:featuredmedia":[{"embeddable":true,"href":"https:\/\/sinasefesm.com\/index.php\/wp-json\/wp\/v2\/media\/7307"}],"wp:attachment":[{"href":"https:\/\/sinasefesm.com\/index.php\/wp-json\/wp\/v2\/media?parent=7306"}],"wp:term":[{"taxonomy":"category","embeddable":true,"href":"https:\/\/sinasefesm.com\/index.php\/wp-json\/wp\/v2\/categories?post=7306"},{"taxonomy":"post_tag","embeddable":true,"href":"https:\/\/sinasefesm.com\/index.php\/wp-json\/wp\/v2\/tags?post=7306"}],"curies":[{"name":"wp","href":"https:\/\/api.w.org\/{rel}","templated":true}]}}