{"id":7312,"date":"2025-05-24T12:28:16","date_gmt":"2025-05-24T15:28:16","guid":{"rendered":"https:\/\/sinasefesm.com\/?p=7312"},"modified":"2025-05-24T12:35:46","modified_gmt":"2025-05-24T15:35:46","slug":"mgi-convoca-reuniao-da-mesa-central-de-negociacao-em-12-06","status":"publish","type":"post","link":"https:\/\/sinasefesm.com\/index.php\/2025\/05\/24\/mgi-convoca-reuniao-da-mesa-central-de-negociacao-em-12-06\/","title":{"rendered":"MGI convoca reuni\u00e3o da Mesa Central de Negocia\u00e7\u00e3o em 12\/06"},"content":{"rendered":"\n<p>A 2\u00aa reuni\u00e3o de 2025 da Mesa Central da Mesa Nacional de Negocia\u00e7\u00e3o Permanente (MNNP) foi convocada para o dia 12 de junho, \u00e0s 14h30min, em Bras\u00edlia-DF.<\/p>\n\n\n\n<p>A atividade ocorrer\u00e1 com um m\u00eas de atraso, conforme consta no pr\u00f3prio&nbsp;<a href=\"https:\/\/sinasefe.org.br\/site\/negociacoes-sindicato-assina-protocolo-de-funcionamento-de-negociacoes-com-governo-federal\" target=\"_blank\" rel=\"noreferrer noopener\">Regimento Interno da MNNP<\/a>.<\/p>\n\n\n\n<p>A 1\u00aa reuni\u00e3o da Mesa Central deste ano&nbsp;<a href=\"https:\/\/sinasefe.org.br\/site\/informe-da-mesa-nacional-de-negociacao-permanente-de-20-02\" target=\"_blank\" rel=\"noreferrer noopener\">ocorreu no dia 20 de fevereiro<\/a>, quando o Sinasefe, o Fonasefe, o&nbsp;<a href=\"https:\/\/fonacate.org.br\/\" target=\"_blank\" rel=\"noreferrer noopener\">Fonacate<\/a>&nbsp;e as Centrais Sindicais apresentaram as reivindica\u00e7\u00f5es do conjunto dos servidores p\u00fablicos federais, dentre elas a implementa\u00e7\u00e3o do aux\u00edlio-nutri\u00e7\u00e3o para aposentados e pensionistas e a isonomia dos benef\u00edcios dos aux\u00edlios entre os Executivo, Legislativo e Judici\u00e1rio.<\/p>\n\n\n\n<p>O pr\u00f3ximo momento de encontro da Mesa Central acontecer\u00e1 em um cen\u00e1rio incerto para o funcionalismo p\u00fablico, que segue no aguardo das solu\u00e7\u00f5es para os\u00a0<a href=\"https:\/\/sinasefe.org.br\/site\/sinasefe-assina-acordos-e-categoria-retoma-atividades-ate-03-07\" target=\"_blank\" rel=\"noreferrer noopener\">acordos firmados ainda em 2024<\/a>. Nesta sexta (23\/05), tivemos uma\u00a0<a href=\"https:\/\/sinasefe.org.br\/site\/governo-descumpre-acordo-de-greve-e-encerra-gt-pcctae\" target=\"_blank\" rel=\"noreferrer noopener\">negocia\u00e7\u00e3o muito ruim<\/a>\u00a0com o Governo Federal no\u00a0<a href=\"https:\/\/sinasefe.org.br\/site\/reuniao-do-gt-pcctae-3\" target=\"_blank\" rel=\"noreferrer noopener\">GT PCCTAE<\/a>.<\/p>\n\n\n\n<p>O Sinasefe seguir\u00e1 pressionando para o cumprimento dos itens dos Termos de Acordo de Greve&nbsp;<a href=\"https:\/\/sinasefe.org.br\/site\/download\/termo-de-acordo-no-10-greve-2024-reestruturacao-do-pccmf-ebtt\" target=\"_blank\" rel=\"noreferrer noopener\">n\u00ba 10\/2024<\/a>&nbsp;e&nbsp;<a href=\"https:\/\/sinasefe.org.br\/site\/download\/termo-de-acordo-no-11-greve-2024-reestruturacao-do-pcctae\" target=\"_blank\" rel=\"noreferrer noopener\">n\u00ba 11\/2024<\/a>&nbsp;e, assim, que a negocia\u00e7\u00e3o possa, de fato, avan\u00e7ar.<\/p>\n\n\n\n<p><em>Fonte e imagem: Sinasefe Nacional<\/em><\/p>\n\n\n\n<p><\/p>\n","protected":false},"excerpt":{"rendered":"<p>A 2\u00aa reuni\u00e3o de 2025 da Mesa Central da Mesa Nacional de Negocia\u00e7\u00e3o Permanente (MNNP) foi convocada para o dia 12 de junho, \u00e0s 14h30min, em Bras\u00edlia-DF. A atividade ocorrer\u00e1 com um m\u00eas de atraso, conforme consta no pr\u00f3prio&nbsp;Regimento Interno da MNNP. A 1\u00aa reuni\u00e3o da Mesa Central deste ano&nbsp;ocorreu no dia 20 de fevereiro,<\/p>\n","protected":false},"author":7,"featured_media":7318,"comment_status":"open","ping_status":"open","sticky":false,"template":"","format":"standard","meta":{"footnotes":""},"categories":[41,42,45],"tags":[],"class_list":{"0":"post-7312","1":"post","2":"type-post","3":"status-publish","4":"format-standard","5":"has-post-thumbnail","7":"category-movimento","8":"category-noticia","9":"category-sindicato"},"_links":{"self":[{"href":"https:\/\/sinasefesm.com\/index.php\/wp-json\/wp\/v2\/posts\/7312","targetHints":{"allow":["GET"]}}],"collection":[{"href":"https:\/\/sinasefesm.com\/index.php\/wp-json\/wp\/v2\/posts"}],"about":[{"href":"https:\/\/sinasefesm.com\/index.php\/wp-json\/wp\/v2\/types\/post"}],"author":[{"embeddable":true,"href":"https:\/\/sinasefesm.com\/index.php\/wp-json\/wp\/v2\/users\/7"}],"replies":[{"embeddable":true,"href":"https:\/\/sinasefesm.com\/index.php\/wp-json\/wp\/v2\/comments?post=7312"}],"version-history":[{"count":3,"href":"https:\/\/sinasefesm.com\/index.php\/wp-json\/wp\/v2\/posts\/7312\/revisions"}],"predecessor-version":[{"id":7319,"href":"https:\/\/sinasefesm.com\/index.php\/wp-json\/wp\/v2\/posts\/7312\/revisions\/7319"}],"wp:featuredmedia":[{"embeddable":true,"href":"https:\/\/sinasefesm.com\/index.php\/wp-json\/wp\/v2\/media\/7318"}],"wp:attachment":[{"href":"https:\/\/sinasefesm.com\/index.php\/wp-json\/wp\/v2\/media?parent=7312"}],"wp:term":[{"taxonomy":"category","embeddable":true,"href":"https:\/\/sinasefesm.com\/index.php\/wp-json\/wp\/v2\/categories?post=7312"},{"taxonomy":"post_tag","embeddable":true,"href":"https:\/\/sinasefesm.com\/index.php\/wp-json\/wp\/v2\/tags?post=7312"}],"curies":[{"name":"wp","href":"https:\/\/api.w.org\/{rel}","templated":true}]}}