{"id":7368,"date":"2025-05-28T08:49:55","date_gmt":"2025-05-28T11:49:55","guid":{"rendered":"https:\/\/sinasefesm.com\/?p=7368"},"modified":"2025-05-30T16:46:17","modified_gmt":"2025-05-30T19:46:17","slug":"sinasefe-tem-agenda-de-luta-junto-com-sindicatos-e-estudantes","status":"publish","type":"post","link":"https:\/\/sinasefesm.com\/index.php\/2025\/05\/28\/sinasefe-tem-agenda-de-luta-junto-com-sindicatos-e-estudantes\/","title":{"rendered":"Sinasefe tem agenda de luta junto com sindicatos e estudantes"},"content":{"rendered":"\n<p>As entidades classistas da Educa\u00e7\u00e3o Federal voltaram a se reunir para dialogar sobre lutas conjuntas da categoria!<\/p>\n\n\n\n<p>Na tarde de ter\u00e7a (27\/05), SINASEFE,\u00a0<a href=\"https:\/\/www.andes.org.br\/\" target=\"_blank\" rel=\"noreferrer noopener\">Andes-SN<\/a>\u00a0e\u00a0<a href=\"https:\/\/fasubra.org.br\/\" target=\"_blank\" rel=\"noreferrer noopener\">Fasubra<\/a>\u00a0se encontraram na sede da Fasubra, em Bras\u00edlia-DF, para tra\u00e7ar estrat\u00e9gias unit\u00e1rias para as lutas em defesa da Educa\u00e7\u00e3o P\u00fablica. Entidades estudantis como\u00a0<a href=\"https:\/\/www.anpg.org.br\/\" target=\"_blank\" rel=\"noreferrer noopener\">ANPG<\/a>,\u00a0<a href=\"https:\/\/fenetbrasil.blogspot.com\/\" target=\"_blank\" rel=\"noreferrer noopener\">Fenet<\/a>,\u00a0<a href=\"https:\/\/www.ubes.org.br\/\" target=\"_blank\" rel=\"noreferrer noopener\">Ubes<\/a>,\u00a0<a href=\"https:\/\/www.instagram.com\/uesdfoficial\" target=\"_blank\" rel=\"noreferrer noopener\">UESDF<\/a>\u00a0e\u00a0<a href=\"https:\/\/www.une.org.br\/\" target=\"_blank\" rel=\"noreferrer noopener\">Une<\/a>\u00a0tamb\u00e9m participaram da atividade.<\/p>\n\n\n\n<h3 class=\"wp-block-heading\">Agenda aprovada<\/h3>\n\n\n\n<p>Da reuni\u00e3o entre as entidades, ficaram encaminhadas&nbsp;<a href=\"https:\/\/sinasefe.org.br\/site\/comunicacao\/agenda\" target=\"_blank\" rel=\"noreferrer noopener\">quatro datas<\/a>&nbsp;para lutas conjuntas. S\u00e3o elas:<\/p>\n\n\n\n<ul class=\"wp-block-list\">\n<li><strong>29 de maio:<\/strong>&nbsp;Dia Nacional de Luta pela Educa\u00e7\u00e3o \u2013 Nenhum centavo a menos: recomposi\u00e7\u00e3o or\u00e7ament\u00e1ria, j\u00e1!\n<ul class=\"wp-block-list\">\n<li>o SINASEFE far\u00e1 uma Nota P\u00fablica divulgando a data e indicando a participa\u00e7\u00e3o das&nbsp;<a href=\"https:\/\/sinasefe.org.br\/site\/secoes-sindicais\" target=\"_blank\" rel=\"noreferrer noopener\">se\u00e7\u00f5es sindicais<\/a>&nbsp;onde houver atos de estudantes e trabalhadores;<\/li>\n\n\n\n<li><strong>11 de junho:<\/strong>&nbsp;Plen\u00e1ria Unificada do Movimento Sindical e Estudantil da Rede Federal<\/li>\n\n\n\n<li><strong>12 de junho:<\/strong>&nbsp;Ato em frente ao Minist\u00e9rio da Educa\u00e7\u00e3o (MEC), pela manh\u00e3<\/li>\n\n\n\n<li><strong>12 de junho:<\/strong>&nbsp;Ato em frente \u00e0&nbsp;<a href=\"https:\/\/sinasefe.org.br\/site\/mgi-convoca-reuniao-da-mesa-central-da-mnnp-para-12-06\" target=\"_blank\" rel=\"noreferrer noopener\">reuni\u00e3o da Mesa Nacional de Negocia\u00e7\u00e3o Permanente<\/a>, \u00e0s 14h30min<\/li>\n\n\n\n<li><strong>26 de junho:<\/strong>&nbsp;Constru\u00e7\u00e3o de atividade pol\u00edtica a definir\n<ul class=\"wp-block-list\">\n<li>possibilidade de paralisa\u00e7\u00e3o pelo cumprimento dos&nbsp;<a href=\"https:\/\/sinasefe.org.br\/site\/sinasefe-assina-acordos-e-categoria-retoma-atividades-ate-03-07\" target=\"_blank\" rel=\"noreferrer noopener\">Acordos da Greve 2024<\/a>&nbsp;e podendo incluir a luta contra a&nbsp;<a href=\"https:\/\/sinasefe.org.br\/site\/reforma-administrativa\" target=\"_blank\" rel=\"noreferrer noopener\">Reforma Administrativa<\/a>)<\/li>\n<\/ul>\n<\/li>\n\n\n\n<li>Representa\u00e7\u00e3o do SINASEFE<\/li>\n\n\n\n<li>O sindicato (Sinasefe) foi representado na reuni\u00e3o por Andr\u00e9a Moraes (<a href=\"https:\/\/sinasefe.org.br\/site\/documentos\/direcao-nacional\/coordenacao-de-politicas-educacionais-e-culturais\" target=\"_blank\" rel=\"noreferrer noopener\">secret\u00e1ria de pol\u00edticas educacionais e culturais<\/a>), Cristina Pereira (<a href=\"https:\/\/sinasefe.org.br\/site\/documentos\/direcao-nacional\/coordenacao-de-formacao-politica-e-relacoes-sindicais\" target=\"_blank\" rel=\"noreferrer noopener\">secret\u00e1ria de forma\u00e7\u00e3o pol\u00edtica<\/a>) e Francisco de Freitas (<a href=\"https:\/\/sinasefe.org.br\/site\/documentos\/direcao-nacional\/coordenacao-juridica-e-relacao-de-trabalho\" target=\"_blank\" rel=\"noreferrer noopener\">secret\u00e1rio jur\u00eddico e de rela\u00e7\u00e3o de trabalho<\/a>) de forma remota; e por Manoel Porto J\u00fanior (<a href=\"https:\/\/sinasefe.org.br\/site\/documentos\/direcao-nacional\/coordenacao-geral\" target=\"_blank\" rel=\"noreferrer noopener\">coordenador geral<\/a>) de forma presencial.<br><br><em>Fonte e imagem: Sinasefe Nacional<\/em><\/li>\n<\/ul>\n<\/li>\n<\/ul>\n","protected":false},"excerpt":{"rendered":"<p>As entidades classistas da Educa\u00e7\u00e3o Federal voltaram a se reunir para dialogar sobre lutas conjuntas da categoria! Na tarde de ter\u00e7a (27\/05), SINASEFE,\u00a0Andes-SN\u00a0e\u00a0Fasubra\u00a0se encontraram na sede da Fasubra, em Bras\u00edlia-DF, para tra\u00e7ar estrat\u00e9gias unit\u00e1rias para as lutas em defesa da Educa\u00e7\u00e3o P\u00fablica. Entidades estudantis como\u00a0ANPG,\u00a0Fenet,\u00a0Ubes,\u00a0UESDF\u00a0e\u00a0Une\u00a0tamb\u00e9m participaram da atividade. Agenda aprovada Da reuni\u00e3o entre as entidades,<\/p>\n","protected":false},"author":7,"featured_media":7369,"comment_status":"open","ping_status":"open","sticky":false,"template":"","format":"standard","meta":{"footnotes":""},"categories":[45],"tags":[],"class_list":{"0":"post-7368","1":"post","2":"type-post","3":"status-publish","4":"format-standard","5":"has-post-thumbnail","7":"category-sindicato"},"_links":{"self":[{"href":"https:\/\/sinasefesm.com\/index.php\/wp-json\/wp\/v2\/posts\/7368","targetHints":{"allow":["GET"]}}],"collection":[{"href":"https:\/\/sinasefesm.com\/index.php\/wp-json\/wp\/v2\/posts"}],"about":[{"href":"https:\/\/sinasefesm.com\/index.php\/wp-json\/wp\/v2\/types\/post"}],"author":[{"embeddable":true,"href":"https:\/\/sinasefesm.com\/index.php\/wp-json\/wp\/v2\/users\/7"}],"replies":[{"embeddable":true,"href":"https:\/\/sinasefesm.com\/index.php\/wp-json\/wp\/v2\/comments?post=7368"}],"version-history":[{"count":2,"href":"https:\/\/sinasefesm.com\/index.php\/wp-json\/wp\/v2\/posts\/7368\/revisions"}],"predecessor-version":[{"id":7371,"href":"https:\/\/sinasefesm.com\/index.php\/wp-json\/wp\/v2\/posts\/7368\/revisions\/7371"}],"wp:featuredmedia":[{"embeddable":true,"href":"https:\/\/sinasefesm.com\/index.php\/wp-json\/wp\/v2\/media\/7369"}],"wp:attachment":[{"href":"https:\/\/sinasefesm.com\/index.php\/wp-json\/wp\/v2\/media?parent=7368"}],"wp:term":[{"taxonomy":"category","embeddable":true,"href":"https:\/\/sinasefesm.com\/index.php\/wp-json\/wp\/v2\/categories?post=7368"},{"taxonomy":"post_tag","embeddable":true,"href":"https:\/\/sinasefesm.com\/index.php\/wp-json\/wp\/v2\/tags?post=7368"}],"curies":[{"name":"wp","href":"https:\/\/api.w.org\/{rel}","templated":true}]}}