{"id":7373,"date":"2025-06-02T08:14:30","date_gmt":"2025-06-02T11:14:30","guid":{"rendered":"https:\/\/sinasefesm.com\/?p=7373"},"modified":"2025-06-03T13:19:17","modified_gmt":"2025-06-03T16:19:17","slug":"sindicato-convida-para-evento-no-ctism-que-debatera-carreira-e-educacao","status":"publish","type":"post","link":"https:\/\/sinasefesm.com\/index.php\/2025\/06\/02\/sindicato-convida-para-evento-no-ctism-que-debatera-carreira-e-educacao\/","title":{"rendered":"Sindicato convida para evento no CTISM que debater\u00e1 carreira e educa\u00e7\u00e3o"},"content":{"rendered":"\n<p>A diretoria do Sinasefe Santa Maria convida docentes e t\u00e9cnicos do EBTT (Ensino B\u00e1sico, T\u00e9cnico e Tecnol\u00f3gico) para discutir a carreira e pol\u00edticas educacionais na sexta, 6 de junho. O semin\u00e1rio, que tem como t\u00edtulo \u201cTrajet\u00f3rias de lutas do Sinasefe SM: carreira e pol\u00edticas educacionais\u201d, acontece a partir das 14h30min no Col\u00e9gio T\u00e9cnico Industrial (CTISM) na UFSM, no pr\u00e9dio SAB-5D.<\/p>\n\n\n\n<p>As abordagens ser\u00e3o divididas em tr\u00eas momentos, com a participa\u00e7\u00e3o inicial do assessor jur\u00eddico, advogado Heverton Padilha, tendo na sequ\u00eancia a fala do coordenador-geral do Sinasefe SM, professor Jos\u00e9 Ab\u00edlio Lima de Freitas, encerrando com uma conversa sobre o GT Pol\u00edticas P\u00fablicas, que ser\u00e1 coordenada pelas professoras Mariglei Maraschin (CTISM) e Jane Flor\u00eancia (Col\u00e9gio Militar-CMSM).<br><strong><br>Confira um resumo da atividade:<\/strong><br><em><br>Semin\u00e1rio<\/em><\/p>\n\n\n\n<p><strong>Trajet\u00f3rias de lutas do Sinasefe SM: carreira e pol\u00edticas educacionais<\/strong><\/p>\n\n\n\n<p><strong>Quando: <\/strong>6 de junho (sexta-feira)<\/p>\n\n\n\n<p><strong>Hora:<\/strong> 14h30min<\/p>\n\n\n\n<p><strong>Local:<\/strong> Col\u00e9gio T\u00e9cnico Industrial(CTISM); pr\u00e9dio SAB-5D.<br><em><br>Programa\u00e7\u00e3o<\/em><\/p>\n\n\n\n<p>14h30min: <strong>Perspectivas da Carreira<\/strong>, com Heverton Padilha, assessor jur\u00eddico.<\/p>\n\n\n\n<p>15h30min: <strong>Informes GT Carreira<\/strong>, com o coordenador-geral, Jos\u00e9 Ab\u00edlio Lima de Freitas<\/p>\n\n\n\n<p>16h: <strong>Conversa com o GT Pol\u00edticas P\u00fablicas<\/strong>, coordenado pelas professoras Mariglei Maraschin (CTISM) e Jane Flor\u00eancia (CMSM).<\/p>\n\n\n\n<p><em>Texto: Fritz Rivail<\/em><\/p>\n","protected":false},"excerpt":{"rendered":"<p>A diretoria do Sinasefe Santa Maria convida docentes e t\u00e9cnicos do EBTT (Ensino B\u00e1sico, T\u00e9cnico e Tecnol\u00f3gico) para discutir a carreira e pol\u00edticas educacionais na sexta, 6 de junho. O semin\u00e1rio, que tem como t\u00edtulo \u201cTrajet\u00f3rias de lutas do Sinasefe SM: carreira e pol\u00edticas educacionais\u201d, acontece a partir das 14h30min no Col\u00e9gio T\u00e9cnico Industrial (CTISM)<\/p>\n","protected":false},"author":7,"featured_media":7384,"comment_status":"open","ping_status":"open","sticky":false,"template":"","format":"standard","meta":{"footnotes":""},"categories":[45],"tags":[],"class_list":{"0":"post-7373","1":"post","2":"type-post","3":"status-publish","4":"format-standard","5":"has-post-thumbnail","7":"category-sindicato"},"_links":{"self":[{"href":"https:\/\/sinasefesm.com\/index.php\/wp-json\/wp\/v2\/posts\/7373","targetHints":{"allow":["GET"]}}],"collection":[{"href":"https:\/\/sinasefesm.com\/index.php\/wp-json\/wp\/v2\/posts"}],"about":[{"href":"https:\/\/sinasefesm.com\/index.php\/wp-json\/wp\/v2\/types\/post"}],"author":[{"embeddable":true,"href":"https:\/\/sinasefesm.com\/index.php\/wp-json\/wp\/v2\/users\/7"}],"replies":[{"embeddable":true,"href":"https:\/\/sinasefesm.com\/index.php\/wp-json\/wp\/v2\/comments?post=7373"}],"version-history":[{"count":1,"href":"https:\/\/sinasefesm.com\/index.php\/wp-json\/wp\/v2\/posts\/7373\/revisions"}],"predecessor-version":[{"id":7375,"href":"https:\/\/sinasefesm.com\/index.php\/wp-json\/wp\/v2\/posts\/7373\/revisions\/7375"}],"wp:featuredmedia":[{"embeddable":true,"href":"https:\/\/sinasefesm.com\/index.php\/wp-json\/wp\/v2\/media\/7384"}],"wp:attachment":[{"href":"https:\/\/sinasefesm.com\/index.php\/wp-json\/wp\/v2\/media?parent=7373"}],"wp:term":[{"taxonomy":"category","embeddable":true,"href":"https:\/\/sinasefesm.com\/index.php\/wp-json\/wp\/v2\/categories?post=7373"},{"taxonomy":"post_tag","embeddable":true,"href":"https:\/\/sinasefesm.com\/index.php\/wp-json\/wp\/v2\/tags?post=7373"}],"curies":[{"name":"wp","href":"https:\/\/api.w.org\/{rel}","templated":true}]}}