{"id":7398,"date":"2025-06-10T16:00:13","date_gmt":"2025-06-10T19:00:13","guid":{"rendered":"https:\/\/sinasefesm.com\/?p=7398"},"modified":"2025-06-10T16:00:26","modified_gmt":"2025-06-10T19:00:26","slug":"resumo-das-reunioes-bilaterais-com-o-mec","status":"publish","type":"post","link":"https:\/\/sinasefesm.com\/index.php\/2025\/06\/10\/resumo-das-reunioes-bilaterais-com-o-mec\/","title":{"rendered":"Resumo das reuni\u00f5es bilaterais com o MEC"},"content":{"rendered":"\n<p>No \u00faltimo dia 29 de maio, de modo virtual, o Sinasefe Nacional participou de duas reuni\u00f5es bilaterais da Mesa Setorial de Negocia\u00e7\u00e3o Permanente (MSNP), no \u00e2mbito do Minist\u00e9rio da Educa\u00e7\u00e3o (MEC).<\/p>\n\n\n\n<p>No per\u00edodo matutino, a reuni\u00e3o teve a presen\u00e7a de integrantes da Secretaria de Educa\u00e7\u00e3o Profissional e Tecnol\u00f3gica (Setec), tratando de itens como a expans\u00e3o da Rede Federal e a contrata\u00e7\u00e3o de profissionais para atendimento educacional especializado (AEE).<\/p>\n\n\n\n<p>Durante a tarde estiveram presentes servidores\/as da Secretaria de Educa\u00e7\u00e3o Superior (Sesu), debatendo itens n\u00e3o cumpridos dos acordos de greve e, de modo preliminar, demandas relativas \u00e0 democratiza\u00e7\u00e3o.<\/p>\n\n\n\n<p>Ficou definida para o m\u00eas de julho a realiza\u00e7\u00e3o de novas reuni\u00f5es bilaterais. Ainda na segunda quinzena de junho deve ser convocada pelo MEC a reuni\u00e3o geral da Mesa Setorial de Negocia\u00e7\u00e3o Permanente (o SINASEFE solicitou a inclus\u00e3o de itens n\u00e3o cumpridos do acordo de greve na pauta desta negocia\u00e7\u00e3o,&nbsp;<a href=\"https:\/\/sinasefe.org.br\/site\/sindicato-solicita-inclusao-de-pautas-na-msnp\/\" target=\"_blank\" rel=\"noreferrer noopener\">saiba mais aqui<\/a>).<\/p>\n\n\n\n<h3 class=\"wp-block-heading\">Mesa bilateral com a Setec<\/h3>\n\n\n\n<p>Nesta reuni\u00e3o foi ressaltada necessidade de concurso p\u00fablico para professores(as) de AEE e profissionais de apoio escolar na Rede Federal, em conformidade com a Lei n\u00ba 13.146\/2015. O SINASEFE pontuou ainda a marginalidade dos \u201ccuidadores\/acompanhantes\u201d que n\u00e3o s\u00e3o reconhecidos no C\u00f3digo Brasileiro de Ocupa\u00e7\u00f5es (CBO), a falta de qualifica\u00e7\u00e3o e a precariedade dos contratos (terceirizados ou tempor\u00e1rios).<\/p>\n\n\n\n<p>Dentre os encaminhamentos provenientes desta atividade, o MEC se comprometeu a realizar um levantamento com os 102&nbsp;<em>campi<\/em>&nbsp;da expans\u00e3o, verificando nos respectivos planos institucionais de expans\u00e3o os seguintes aspectos:<\/p>\n\n\n\n<ul class=\"wp-block-list\">\n<li>a) previs\u00e3o de restaurante acad\u00eamico;<\/li>\n\n\n\n<li>b) previs\u00e3o de quadra poliesportiva;<\/li>\n\n\n\n<li>c) previs\u00e3o de espa\u00e7o cultural\/ponto de cultura;<\/li>\n\n\n\n<li>d) previs\u00e3o de transporte institucional pr\u00f3prio e\/ou plano de colabora\u00e7\u00e3o com munic\u00edpios;<\/li>\n\n\n\n<li>e) a\u00e7\u00f5es desenvolvidas para a integra\u00e7\u00e3o das comunidades ao processo de expans\u00e3o<\/li>\n<\/ul>\n\n\n\n<p>Veja o\u00a0<a href=\"https:\/\/sinasefe.org.br\/site\/download\/relato-da-reuniao-bilateral-da-mesa-setorial-de-negociacao-permanente-29-de-maio-de-2025\/\" target=\"_blank\" rel=\"noreferrer noopener\">relat\u00f3rio completo<\/a>\u00a0da reuni\u00e3o.<\/p>\n\n\n\n<h3 class=\"wp-block-heading\">Mesa bilateral com a Sesu<\/h3>\n\n\n\n<p>No caso da reuni\u00e3o com a Secretaria de Ensino Superior (Sesu\/MEC), o Sinasefe foi inclu\u00eddo nesta reuni\u00e3o pr\u00f3ximo da realiza\u00e7\u00e3o, tendo que discutir as pautas enviadas por outras entidades. O andamento dos debates foi atravessado pelo informe dado pelo MEC sobre recomposi\u00e7\u00e3o do or\u00e7amento das institui\u00e7\u00f5es federais de ensino (tanto universidades quanto institutos).<\/p>\n\n\n\n<p>Em rela\u00e7\u00e3o \u00e0 democratiza\u00e7\u00e3o, o Sinasefe se organizou para levar suas demandas espec\u00edficas em rela\u00e7\u00e3o ao assunto, propondo por exemplo:<\/p>\n\n\n\n<ul class=\"wp-block-list\">\n<li>Requerer a participa\u00e7\u00e3o de\u00a0<strong>T\u00e9cnico-Administrativas(os) em Educa\u00e7\u00e3o (TAEs) na elei\u00e7\u00e3o para reitor<\/strong>(a).<\/li>\n\n\n\n<li>Que\u00a0<strong>todo TAE com forma\u00e7\u00e3o superior<\/strong>\u00a0possa ser diretor geral, e n\u00e3o apenas aqueles de n\u00edvel E.<\/li>\n\n\n\n<li>Que se\u00a0<strong>contabilize nas horas de trabalho dos TAEs a participa\u00e7\u00e3o em pesquisa e extens\u00e3o<\/strong>, e at\u00e9 mesmo ser l\u00edder de grupos de pesquisa e extens\u00e3o, para superar dificuldades existentes em alguns lugares.<\/li>\n<\/ul>\n\n\n\n<p>Diante da falta de avan\u00e7o em encaminhamentos mais diretos nesta reuni\u00e3o, o Sinasefe destacou a import\u00e2ncia de otimizar a metodologia dos debates nos espa\u00e7os bilaterais de negocia\u00e7\u00e3o, destacando que uma hora era pouco tempo para o debate de um tema t\u00e3o relevante quanto a democratiza\u00e7\u00e3o. O sindicato nacional solicitou que a pauta da democratiza\u00e7\u00e3o conste na\u00a0<strong>pr\u00f3xima reuni\u00e3o da Mesa Setorial<\/strong>.<\/p>\n\n\n\n<p><em>Fonte e imagem: Sinasefe Nacional<\/em><\/p>\n\n\n\n<p><\/p>\n","protected":false},"excerpt":{"rendered":"<p>No \u00faltimo dia 29 de maio, de modo virtual, o Sinasefe Nacional participou de duas reuni\u00f5es bilaterais da Mesa Setorial de Negocia\u00e7\u00e3o Permanente (MSNP), no \u00e2mbito do Minist\u00e9rio da Educa\u00e7\u00e3o (MEC). No per\u00edodo matutino, a reuni\u00e3o teve a presen\u00e7a de integrantes da Secretaria de Educa\u00e7\u00e3o Profissional e Tecnol\u00f3gica (Setec), tratando de itens como a expans\u00e3o<\/p>\n","protected":false},"author":7,"featured_media":7399,"comment_status":"open","ping_status":"open","sticky":false,"template":"","format":"standard","meta":{"footnotes":""},"categories":[45],"tags":[],"class_list":{"0":"post-7398","1":"post","2":"type-post","3":"status-publish","4":"format-standard","5":"has-post-thumbnail","7":"category-sindicato"},"_links":{"self":[{"href":"https:\/\/sinasefesm.com\/index.php\/wp-json\/wp\/v2\/posts\/7398","targetHints":{"allow":["GET"]}}],"collection":[{"href":"https:\/\/sinasefesm.com\/index.php\/wp-json\/wp\/v2\/posts"}],"about":[{"href":"https:\/\/sinasefesm.com\/index.php\/wp-json\/wp\/v2\/types\/post"}],"author":[{"embeddable":true,"href":"https:\/\/sinasefesm.com\/index.php\/wp-json\/wp\/v2\/users\/7"}],"replies":[{"embeddable":true,"href":"https:\/\/sinasefesm.com\/index.php\/wp-json\/wp\/v2\/comments?post=7398"}],"version-history":[{"count":1,"href":"https:\/\/sinasefesm.com\/index.php\/wp-json\/wp\/v2\/posts\/7398\/revisions"}],"predecessor-version":[{"id":7400,"href":"https:\/\/sinasefesm.com\/index.php\/wp-json\/wp\/v2\/posts\/7398\/revisions\/7400"}],"wp:featuredmedia":[{"embeddable":true,"href":"https:\/\/sinasefesm.com\/index.php\/wp-json\/wp\/v2\/media\/7399"}],"wp:attachment":[{"href":"https:\/\/sinasefesm.com\/index.php\/wp-json\/wp\/v2\/media?parent=7398"}],"wp:term":[{"taxonomy":"category","embeddable":true,"href":"https:\/\/sinasefesm.com\/index.php\/wp-json\/wp\/v2\/categories?post=7398"},{"taxonomy":"post_tag","embeddable":true,"href":"https:\/\/sinasefesm.com\/index.php\/wp-json\/wp\/v2\/tags?post=7398"}],"curies":[{"name":"wp","href":"https:\/\/api.w.org\/{rel}","templated":true}]}}