{"id":7401,"date":"2025-06-10T16:57:18","date_gmt":"2025-06-10T19:57:18","guid":{"rendered":"https:\/\/sinasefesm.com\/?p=7401"},"modified":"2025-06-10T16:57:19","modified_gmt":"2025-06-10T19:57:19","slug":"sindicato-solicita-inclusao-de-pautas-na-mesa-setorial-de-negociacao","status":"publish","type":"post","link":"https:\/\/sinasefesm.com\/index.php\/2025\/06\/10\/sindicato-solicita-inclusao-de-pautas-na-mesa-setorial-de-negociacao\/","title":{"rendered":"Sindicato solicita inclus\u00e3o de pautas na Mesa Setorial de Negocia\u00e7\u00e3o"},"content":{"rendered":"\n<p>O Sinasefe segue em luta pelo cumprimento integral e urgente dos acordos da Greve 2024.\u00a0<a href=\"https:\/\/sinasefe.org.br\/site\/download\/oficio-no-147-2025-inclusao-de-pauta-na-reuniao-da-mesa-setorial-de-negociacao-permanente\/\" target=\"_blank\" rel=\"noreferrer noopener\">Em 28\/05<\/a>\u00a0e\u00a0<a href=\"https:\/\/sinasefe.org.br\/site\/download\/oficio-no-155-2025-cobranca-de-resposta-quanto-a-solicitacao-de-inclusao-de-pauta-na-reuniao-da-mesa-setorial-de-negociacao-permanente-junho-de-2025\/\" target=\"_blank\" rel=\"noreferrer noopener\">em 03\/06<\/a>\u00a0o sindicato oficiou novamente o Minist\u00e9rio da Educa\u00e7\u00e3o (MEC), solicitando debate sobre a jornada de trabalho de seis horas ininterruptas (30 horas semanais) para todas(os) t\u00e9cnico-administrativas(os) em educa\u00e7\u00e3o (TAEs) e a revis\u00e3o das condi\u00e7\u00f5es para concess\u00e3o dos adicionais de insalubridade e periculosidade.<\/p>\n\n\n\n<p><em>\u201cRessaltamos que a referida pauta faz parte do Termo de Acordo n\u00b0 11\/MEC, de 27 de junho de 2024, com intermedia\u00e7\u00e3o da Comiss\u00e3o Nacional de Supervis\u00e3o \u2013 CNS\/PCCTAE e da Mesa Setorial do MEC, bem como previs\u00e3o de estudos at\u00e9 180 dias ap\u00f3s a assinatura do Termo e implementa\u00e7\u00e3o em 2025\u201d<\/em>&nbsp;ressalta os SINASEFE nos documentos enviados.<\/p>\n\n\n\n<h3 class=\"wp-block-heading\">Hist\u00f3rico<\/h3>\n\n\n\n<p>Desde a sua implementa\u00e7\u00e3o, em abril de 2024, a Mesa Setorial de Negocia\u00e7\u00e3o Permanente se reuniu seis vezes, dentre reuni\u00f5es ordin\u00e1rias e extraordin\u00e1rias, mas ainda sem avan\u00e7os consolidados. As reuni\u00f5es ocorreram em&nbsp;<a href=\"https:\/\/sinasefe.org.br\/site\/informe-das-mesas-de-negociacao-com-o-governo-federal\" target=\"_blank\" rel=\"noreferrer noopener\">11\/04\/2024<\/a>,&nbsp;<a href=\"https:\/\/sinasefe.org.br\/site\/download\/informe-da-coordenacao-de-politicas-educacionais-e-culturais-sobre-a-mesa-setorial-de-negociacao-permanente-com-o-ministerio-da-educacao\/\" target=\"_blank\" rel=\"noreferrer noopener\">13\/05\/2024<\/a>,&nbsp;<a href=\"https:\/\/sinasefe.org.br\/site\/sinasefe-participou-de-reuniao-de-mesa-setorial-com-o-mec-em-07-06\" target=\"_blank\" rel=\"noreferrer noopener\">07\/06\/2024<\/a>,&nbsp;<a href=\"https:\/\/sinasefe.org.br\/site\/reuniao-da-mesa-setorial-de-negociacao-adiciona-propostas-para-analise-da-categoria\" target=\"_blank\" rel=\"noreferrer noopener\">14\/06\/2024<\/a>,&nbsp;<a href=\"https:\/\/sinasefe.org.br\/site\/mesa-setorial-de-negociacao-permanente-debate-e-finaliza-regimento-interno\" target=\"_blank\" rel=\"noreferrer noopener\">28\/11\/2024<\/a>&nbsp;e&nbsp;<a href=\"https:\/\/sinasefe.org.br\/site\/informe-da-reuniao-da-mesa-setorial-de-negociacao-permanente-de-12-05\/\" target=\"_blank\" rel=\"noreferrer noopener\">12\/05\/2025<\/a>. Em 29 de maio foram realizadas reuni\u00f5es bilaterais das inst\u00e2ncias que integram este espa\u00e7o negocial.<\/p>\n\n\n\n<h3 class=\"wp-block-heading\">Paralisa\u00e7\u00e3o em 26 de junho<\/h3>\n\n\n\n<p>Ainda para cobrar o cumprimento dos acordo de greve, a Dire\u00e7\u00e3o Nacional do SINASEFE&nbsp;<a href=\"https:\/\/sinasefe.org.br\/site\/consulta-sobre-paralisacao-de-26-de-junho\/\" target=\"_blank\" rel=\"noreferrer noopener\">encaminhou of\u00edcio para suas se\u00e7\u00f5es sindicais<\/a>&nbsp;deliberarem, em assembleias locais, sobre a realiza\u00e7\u00e3o de uma&nbsp;<strong>paralisa\u00e7\u00e3o nacional em 26\/06 (quinta-feira)<\/strong>. Na 202\u00aa PLENA, marcada para o&nbsp;<a href=\"https:\/\/sinasefe.org.br\/site\/202a-plena-sera-virtual-em-17-de-junho\/\" target=\"_blank\" rel=\"noreferrer noopener\">dia 17 de junho<\/a>, a categoria vai deliberar sobre este assunto.<\/p>\n\n\n\n<p><em>Fonte e imagem: Sinasefe Nacional<\/em><\/p>\n\n\n\n<p><\/p>\n","protected":false},"excerpt":{"rendered":"<p>O Sinasefe segue em luta pelo cumprimento integral e urgente dos acordos da Greve 2024.\u00a0Em 28\/05\u00a0e\u00a0em 03\/06\u00a0o sindicato oficiou novamente o Minist\u00e9rio da Educa\u00e7\u00e3o (MEC), solicitando debate sobre a jornada de trabalho de seis horas ininterruptas (30 horas semanais) para todas(os) t\u00e9cnico-administrativas(os) em educa\u00e7\u00e3o (TAEs) e a revis\u00e3o das condi\u00e7\u00f5es para concess\u00e3o dos adicionais de<\/p>\n","protected":false},"author":7,"featured_media":7402,"comment_status":"open","ping_status":"open","sticky":false,"template":"","format":"standard","meta":{"footnotes":""},"categories":[41],"tags":[],"class_list":{"0":"post-7401","1":"post","2":"type-post","3":"status-publish","4":"format-standard","5":"has-post-thumbnail","7":"category-movimento"},"_links":{"self":[{"href":"https:\/\/sinasefesm.com\/index.php\/wp-json\/wp\/v2\/posts\/7401","targetHints":{"allow":["GET"]}}],"collection":[{"href":"https:\/\/sinasefesm.com\/index.php\/wp-json\/wp\/v2\/posts"}],"about":[{"href":"https:\/\/sinasefesm.com\/index.php\/wp-json\/wp\/v2\/types\/post"}],"author":[{"embeddable":true,"href":"https:\/\/sinasefesm.com\/index.php\/wp-json\/wp\/v2\/users\/7"}],"replies":[{"embeddable":true,"href":"https:\/\/sinasefesm.com\/index.php\/wp-json\/wp\/v2\/comments?post=7401"}],"version-history":[{"count":1,"href":"https:\/\/sinasefesm.com\/index.php\/wp-json\/wp\/v2\/posts\/7401\/revisions"}],"predecessor-version":[{"id":7403,"href":"https:\/\/sinasefesm.com\/index.php\/wp-json\/wp\/v2\/posts\/7401\/revisions\/7403"}],"wp:featuredmedia":[{"embeddable":true,"href":"https:\/\/sinasefesm.com\/index.php\/wp-json\/wp\/v2\/media\/7402"}],"wp:attachment":[{"href":"https:\/\/sinasefesm.com\/index.php\/wp-json\/wp\/v2\/media?parent=7401"}],"wp:term":[{"taxonomy":"category","embeddable":true,"href":"https:\/\/sinasefesm.com\/index.php\/wp-json\/wp\/v2\/categories?post=7401"},{"taxonomy":"post_tag","embeddable":true,"href":"https:\/\/sinasefesm.com\/index.php\/wp-json\/wp\/v2\/tags?post=7401"}],"curies":[{"name":"wp","href":"https:\/\/api.w.org\/{rel}","templated":true}]}}