{"id":7413,"date":"2025-06-12T20:26:43","date_gmt":"2025-06-12T23:26:43","guid":{"rendered":"https:\/\/sinasefesm.com\/?p=7413"},"modified":"2025-06-12T20:26:44","modified_gmt":"2025-06-12T23:26:44","slug":"manifestacao-de-servidores-cobra-cumprimento-dos-acordos-de-greve","status":"publish","type":"post","link":"https:\/\/sinasefesm.com\/index.php\/2025\/06\/12\/manifestacao-de-servidores-cobra-cumprimento-dos-acordos-de-greve\/","title":{"rendered":"Manifesta\u00e7\u00e3o de servidores cobra cumprimento dos acordos de greve"},"content":{"rendered":"\n<p>Na manh\u00e3 desta quinta-feira (12\/06), servidores e servidoras realizaram um ato p\u00fablico \u00e0s portas do Minist\u00e9rio da Educa\u00e7\u00e3o (MEC), em Bras\u00edlia-DF. As exig\u00eancias de cumprimento dos acordos de greve, de recomposi\u00e7\u00e3o or\u00e7ament\u00e1ria verdadeira e a luta contra a Reforma Administrativa foram destacadas na atividade.<\/p>\n\n\n\n<p>Para as entidades da educa\u00e7\u00e3o federal, \u00e9 necess\u00e1ria um negocia\u00e7\u00e3o efetiva nos Grupos de Trabalho (GTs) e mesas que ainda est\u00e3o em curso, al\u00e9m da publica\u00e7\u00e3o imediata das portarias cumprindo os acordos da greve de 2024. Andes-SN e SINASEFE tamb\u00e9m protocolaram diversos documentos, reafirmando as cobran\u00e7as j\u00e1 feitas repetidas vezes.<\/p>\n\n\n\n<p>Integrantes do plant\u00e3o da Dire\u00e7\u00e3o Nacional do SINASEFE \u2013 Cristina Gomes (secret\u00e1ria-adjunta de pol\u00edticas \u00e9tnico-raciais), Evaldo Gon\u00e7alves (secret\u00e1ria de pol\u00edticas \u00e9tnico-raciais) e Francisco de Freitas (secret\u00e1rio jur\u00eddico e de rela\u00e7\u00e3o de trabalho) \u2013 e das se\u00e7\u00f5es sindicais Sintef-PB e Sert\u00e3o-RS participaram da manifesta\u00e7\u00e3o.<\/p>\n\n\n\n<h3 class=\"wp-block-heading\">350 dias de espera, luta e mobiliza\u00e7\u00e3o<\/h3>\n\n\n\n<p>O SINASEFE e a categoria que representa est\u00e3o inconformados em rela\u00e7\u00e3o \u00e0 demora para atendimento das quest\u00f5es presentes nos Termos de Acordo n\u00b0 10\/2024 e n\u00b0 11\/2024. A lentid\u00e3o do governo em honrar os compromissos assinados (inclusive aqueles sem impacto or\u00e7ament\u00e1rio) beira o descaso e \u00e9 considerada inaceit\u00e1vel.<\/p>\n\n\n\n<p>Passados&nbsp;<strong>350 dias<\/strong>&nbsp;da&nbsp;<a href=\"https:\/\/sinasefe.org.br\/site\/sinasefe-assina-acordos-e-categoria-retoma-atividades-ate-03-07\/\" target=\"_blank\" rel=\"noreferrer noopener\">assinatura dos acordos<\/a>&nbsp;da greve de2024, realizada por milhares de docentes e t\u00e9cnico-administrativos em educa\u00e7\u00e3o (TAEs), o governo segue sem cumprir diversos itens previstos.<\/p>\n\n\n\n<p>Al\u00e9m das&nbsp;<a href=\"https:\/\/sinasefe.org.br\/site\/acordos-de-greve-sindicato-reforca-cobranca-urgente-de-30-horas-rsc-tae-e-dispensa-de-ponto-docente\/\" target=\"_blank\" rel=\"noreferrer noopener\">repetidas cobran\u00e7as formais<\/a>, em 2025 o SINASEFE j\u00e1 se&nbsp;<a href=\"https:\/\/sinasefe.org.br\/site\/sindicato-se-reuniu-com-conif-nesta-terca-28-01\/\" target=\"_blank\" rel=\"noreferrer noopener\">reuniu com o Conif (20\/01)&nbsp;<\/a>e com&nbsp;<a href=\"https:\/\/sinasefe.org.br\/site\/sinasefe-cobra-ao-mec-o-cumprimento-dos-acordos-de-greve\/\" target=\"_blank\" rel=\"noreferrer noopener\">o MEC (24\/04)<\/a>&nbsp;fazendo a mesma solicita\u00e7\u00e3o, al\u00e9m de pautar o tema durante a reuni\u00e3o da&nbsp;<a href=\"https:\/\/sinasefe.org.br\/site\/informe-da-mesa-nacional-de-negociacao-permanente-de-20-02\/\" target=\"_blank\" rel=\"noreferrer noopener\">Mesa Permanente de Negocia\u00e7\u00e3o (MNNP), em 21\/02<\/a>. O sindicato buscou ainda o&nbsp;<a href=\"https:\/\/sinasefe.org.br\/site\/sinasefe-busca-apoio-parlamentar-para-pressionar-por-cumprimento-de-acordos-da-greve-2024\/\" target=\"_blank\" rel=\"noreferrer noopener\">apoio de diversos parlamentares<\/a>&nbsp;para refor\u00e7ar a cobran\u00e7a. Tamb\u00e9m foram realizadas manifesta\u00e7\u00f5es e&nbsp;<a href=\"https:\/\/sinasefe.org.br\/site\/jornada-de-lutas-congresso-nacional-bora-trabalhar-vota-a-loa-ja\/\" target=\"_blank\" rel=\"noreferrer noopener\">paralisa\u00e7\u00f5es nas cinco regi\u00f5es do pa\u00eds nos dias 11 e 12 de mar\u00e7o<\/a>, cobrando a aprova\u00e7\u00e3o urgente do Or\u00e7amento e o cumprimento desses acordos.<\/p>\n\n\n\n<h3 class=\"wp-block-heading\">Paralisa\u00e7\u00e3o em 26\/06<\/h3>\n\n\n\n<p>Ainda para cobrar o cumprimento dos acordo de greve, a Dire\u00e7\u00e3o Nacional do SINASEFE\u00a0<a href=\"https:\/\/sinasefe.org.br\/site\/consulta-sobre-paralisacao-de-26-de-junho\/\" target=\"_blank\" rel=\"noreferrer noopener\">encaminhou of\u00edcio para suas se\u00e7\u00f5es sindicais<\/a>\u00a0deliberarem, em assembleias locais, sobre a realiza\u00e7\u00e3o de uma\u00a0paralisa\u00e7\u00e3o nacional em 26\/06 (quinta-feira).<\/p>\n\n\n\n<figure class=\"wp-block-image size-full is-resized\"><img fetchpriority=\"high\" decoding=\"async\" width=\"900\" height=\"600\" src=\"https:\/\/sinasefesm.com\/wp-content\/uploads\/2025\/06\/Ato-MEC-3-12.06-2.jpg\" alt=\"\" class=\"wp-image-7415\" style=\"width:543px;height:auto\" srcset=\"https:\/\/sinasefesm.com\/wp-content\/uploads\/2025\/06\/Ato-MEC-3-12.06-2.jpg 900w, https:\/\/sinasefesm.com\/wp-content\/uploads\/2025\/06\/Ato-MEC-3-12.06-2-300x200.jpg 300w, https:\/\/sinasefesm.com\/wp-content\/uploads\/2025\/06\/Ato-MEC-3-12.06-2-768x512.jpg 768w, https:\/\/sinasefesm.com\/wp-content\/uploads\/2025\/06\/Ato-MEC-3-12.06-2-150x100.jpg 150w, https:\/\/sinasefesm.com\/wp-content\/uploads\/2025\/06\/Ato-MEC-3-12.06-2-450x300.jpg 450w\" sizes=\"(max-width: 900px) 100vw, 900px\" \/><\/figure>\n\n\n\n<h3 class=\"wp-block-heading\">Greve<\/h3>\n\n\n\n<p>O Sinasefe esteve em greve nacional entre 3 de abril de 27 de junho de 2024, envolvendo servidoras(es) docentes e TAEs da Rede Federal de Educa\u00e7\u00e3o. O movimento paredista reivindicou, dentre suas principais pautas,\u00a0<strong>reestrutura\u00e7\u00e3o das carreiras, recomposi\u00e7\u00e3o salarial, revoga\u00e7\u00e3o de medidas que prejudicam a educa\u00e7\u00e3o e recomposi\u00e7\u00e3o do or\u00e7amento das institui\u00e7\u00f5es educacionais<\/strong>. A suspens\u00e3o da greve aconteceu\u00a0<a href=\"https:\/\/sinasefe.org.br\/site\/sinasefe-assina-acordos-e-categoria-retoma-atividades-ate-03-07\/\">ap\u00f3s a assinatura de termos de acordo com o governo<\/a>.<\/p>\n\n\n\n<p><em>Fonte e imagens: Sinasefe Nacional<br>Edi\u00e7\u00e3o: Fritz Rivail<\/em><\/p>\n\n\n\n<p><\/p>\n","protected":false},"excerpt":{"rendered":"<p>Na manh\u00e3 desta quinta-feira (12\/06), servidores e servidoras realizaram um ato p\u00fablico \u00e0s portas do Minist\u00e9rio da Educa\u00e7\u00e3o (MEC), em Bras\u00edlia-DF. As exig\u00eancias de cumprimento dos acordos de greve, de recomposi\u00e7\u00e3o or\u00e7ament\u00e1ria verdadeira e a luta contra a Reforma Administrativa foram destacadas na atividade. Para as entidades da educa\u00e7\u00e3o federal, \u00e9 necess\u00e1ria um negocia\u00e7\u00e3o efetiva<\/p>\n","protected":false},"author":7,"featured_media":7414,"comment_status":"open","ping_status":"open","sticky":false,"template":"","format":"standard","meta":{"footnotes":""},"categories":[1],"tags":[],"class_list":{"0":"post-7413","1":"post","2":"type-post","3":"status-publish","4":"format-standard","5":"has-post-thumbnail","7":"category-blog"},"_links":{"self":[{"href":"https:\/\/sinasefesm.com\/index.php\/wp-json\/wp\/v2\/posts\/7413","targetHints":{"allow":["GET"]}}],"collection":[{"href":"https:\/\/sinasefesm.com\/index.php\/wp-json\/wp\/v2\/posts"}],"about":[{"href":"https:\/\/sinasefesm.com\/index.php\/wp-json\/wp\/v2\/types\/post"}],"author":[{"embeddable":true,"href":"https:\/\/sinasefesm.com\/index.php\/wp-json\/wp\/v2\/users\/7"}],"replies":[{"embeddable":true,"href":"https:\/\/sinasefesm.com\/index.php\/wp-json\/wp\/v2\/comments?post=7413"}],"version-history":[{"count":1,"href":"https:\/\/sinasefesm.com\/index.php\/wp-json\/wp\/v2\/posts\/7413\/revisions"}],"predecessor-version":[{"id":7416,"href":"https:\/\/sinasefesm.com\/index.php\/wp-json\/wp\/v2\/posts\/7413\/revisions\/7416"}],"wp:featuredmedia":[{"embeddable":true,"href":"https:\/\/sinasefesm.com\/index.php\/wp-json\/wp\/v2\/media\/7414"}],"wp:attachment":[{"href":"https:\/\/sinasefesm.com\/index.php\/wp-json\/wp\/v2\/media?parent=7413"}],"wp:term":[{"taxonomy":"category","embeddable":true,"href":"https:\/\/sinasefesm.com\/index.php\/wp-json\/wp\/v2\/categories?post=7413"},{"taxonomy":"post_tag","embeddable":true,"href":"https:\/\/sinasefesm.com\/index.php\/wp-json\/wp\/v2\/tags?post=7413"}],"curies":[{"name":"wp","href":"https:\/\/api.w.org\/{rel}","templated":true}]}}