{"id":7428,"date":"2025-06-17T08:24:02","date_gmt":"2025-06-17T11:24:02","guid":{"rendered":"https:\/\/sinasefesm.com\/?p=7428"},"modified":"2025-06-17T08:24:02","modified_gmt":"2025-06-17T11:24:02","slug":"sinasefe-oficia-autoridades-sobre-descumprimento-do-acordo-de-greve","status":"publish","type":"post","link":"https:\/\/sinasefesm.com\/index.php\/2025\/06\/17\/sinasefe-oficia-autoridades-sobre-descumprimento-do-acordo-de-greve\/","title":{"rendered":"Sinasefe oficia autoridades sobre descumprimento do acordo de greve"},"content":{"rendered":"\n<p>O Sinasefe oficiou, na \u00faltima sexta-feira (13\/06), as presid\u00eancias da Rep\u00fablica, do Senado e da C\u00e2mara dos Deputados. Nos of\u00edcios, o sindicato nacional refor\u00e7a a solicita\u00e7\u00e3o de cumprimento integral dos acordos de greve. Passados 351 dias da assinatura dos documentos, diversos itens (como a racionaliza\u00e7\u00e3o e o controle de ponto docente) n\u00e3o foram cumpridos.<\/p>\n\n\n\n<p>Veja aqui o&nbsp;<a href=\"https:\/\/sinasefe.org.br\/site\/download\/termo-de-acordo-no-11-greve-2024-reestruturacao-do-pcctae\" target=\"_blank\" rel=\"noreferrer noopener\">Termo de Acordo do PCCTAE<\/a>, o Termo de&nbsp;<a href=\"https:\/\/sinasefe.org.br\/site\/download\/termo-de-acordo-no-10-greve-2024-reestruturacao-do-pccmf-ebtt\/\">Acordo Docente<\/a>&nbsp;e a&nbsp;<a href=\"https:\/\/sinasefe.org.br\/site\/download\/minuta-de-portaria-proposta-de-novas-diretrizes-para-a-regulamentacao-das-atividades-docentes-rad\/\" target=\"_blank\" rel=\"noreferrer noopener\">Minuta da Portaria da RAD<\/a>.<\/p>\n\n\n\n<h3 class=\"wp-block-heading\">351 dias de espera, luta e mobiliza\u00e7\u00e3o<\/h3>\n\n\n\n<p>O Sinasefe e a categoria que representa est\u00e3o inconformados em rela\u00e7\u00e3o \u00e0 demora para atendimento das quest\u00f5es presentes nos Termos de Acordo n\u00b0 10\/2024 e n\u00b0 11\/2024. A lentid\u00e3o do governo em honrar os compromissos assinados (inclusive aqueles sem impacto or\u00e7ament\u00e1rio) beira o descaso e \u00e9 considerada inaceit\u00e1vel.<\/p>\n\n\n\n<p>Passados&nbsp;<strong>351 dias<\/strong>&nbsp;da&nbsp;<a href=\"https:\/\/sinasefe.org.br\/site\/sinasefe-assina-acordos-e-categoria-retoma-atividades-ate-03-07\/\" target=\"_blank\" rel=\"noreferrer noopener\">assinatura dos acordos<\/a>&nbsp;da greve de2024, realizada por milhares de docentes e t\u00e9cnico-administrativos em educa\u00e7\u00e3o (TAEs), o governo segue sem cumprir diversos itens previstos.<\/p>\n\n\n\n<p>Al\u00e9m das&nbsp;<a href=\"https:\/\/sinasefe.org.br\/site\/acordos-de-greve-sindicato-reforca-cobranca-urgente-de-30-horas-rsc-tae-e-dispensa-de-ponto-docente\/\" target=\"_blank\" rel=\"noreferrer noopener\">repetidas cobran\u00e7as formais<\/a>, em 2025 o SINASEFE j\u00e1 se&nbsp;<a href=\"https:\/\/sinasefe.org.br\/site\/sindicato-se-reuniu-com-conif-nesta-terca-28-01\/\" target=\"_blank\" rel=\"noreferrer noopener\">reuniu com o Conif (20\/01)&nbsp;<\/a>e com&nbsp;<a href=\"https:\/\/sinasefe.org.br\/site\/sinasefe-cobra-ao-mec-o-cumprimento-dos-acordos-de-greve\/\" target=\"_blank\" rel=\"noreferrer noopener\">o MEC (24\/04)<\/a>&nbsp;fazendo a mesma solicita\u00e7\u00e3o, al\u00e9m de pautar o tema durante a reuni\u00e3o da&nbsp;<a href=\"https:\/\/sinasefe.org.br\/site\/informe-da-mesa-nacional-de-negociacao-permanente-de-20-02\/\" target=\"_blank\" rel=\"noreferrer noopener\">Mesa Permanente de Negocia\u00e7\u00e3o (MNNP), em 21\/02<\/a>. O sindicato buscou ainda o&nbsp;<a href=\"https:\/\/sinasefe.org.br\/site\/sinasefe-busca-apoio-parlamentar-para-pressionar-por-cumprimento-de-acordos-da-greve-2024\/\" target=\"_blank\" rel=\"noreferrer noopener\">apoio de diversos parlamentares<\/a>&nbsp;para refor\u00e7ar a cobran\u00e7a. Tamb\u00e9m foram realizadas manifesta\u00e7\u00f5es e&nbsp;<a href=\"https:\/\/sinasefe.org.br\/site\/jornada-de-lutas-congresso-nacional-bora-trabalhar-vota-a-loa-ja\/\" target=\"_blank\" rel=\"noreferrer noopener\">paralisa\u00e7\u00f5es nas cinco regi\u00f5es do pa\u00eds nos dias 11 e 12 de mar\u00e7o<\/a>, cobrando a aprova\u00e7\u00e3o urgente do Or\u00e7amento e o cumprimento desses acordos.<\/p>\n\n\n\n<h3 class=\"wp-block-heading\">Paralisa\u00e7\u00e3o em 26\/06<\/h3>\n\n\n\n<p>Ainda para cobrar o cumprimento dos acordo de greve, a Dire\u00e7\u00e3o Nacional do SINASEFE&nbsp;<a href=\"https:\/\/sinasefe.org.br\/site\/consulta-sobre-paralisacao-de-26-de-junho\/\" target=\"_blank\" rel=\"noreferrer noopener\">encaminhou of\u00edcio para suas se\u00e7\u00f5es sindicais<\/a>&nbsp;deliberarem, em assembleias locais, sobre a realiza\u00e7\u00e3o de uma&nbsp;<strong>paralisa\u00e7\u00e3o nacional em 26\/06 (quinta-feira)<\/strong>. Na 202\u00aa PLENA, marcada para o&nbsp;<a href=\"https:\/\/sinasefe.org.br\/site\/202a-plena-sera-virtual-em-17-de-junho\/\" target=\"_blank\" rel=\"noreferrer noopener\">dia 17 de junho<\/a>, a categoria vai deliberar sobre este assunto.<\/p>\n\n\n\n<h3 class=\"wp-block-heading\">Greve<\/h3>\n\n\n\n<p>O SINASEFE esteve em greve nacional entre 3 de abril de 27 de junho de 2024, envolvendo servidoras(es) docentes e TAEs da Rede Federal de Educa\u00e7\u00e3o. O movimento paredista reivindicou, dentre suas principais pautas,&nbsp;<strong>reestrutura\u00e7\u00e3o das carreiras, recomposi\u00e7\u00e3o salarial, revoga\u00e7\u00e3o de medidas que prejudicam a educa\u00e7\u00e3o e recomposi\u00e7\u00e3o do or\u00e7amento das institui\u00e7\u00f5es educacionais<\/strong>. A suspens\u00e3o da greve aconteceu&nbsp;<a href=\"https:\/\/sinasefe.org.br\/site\/sinasefe-assina-acordos-e-categoria-retoma-atividades-ate-03-07\/\">ap\u00f3s a assinatura de termos de acordo com o governo<\/a>.<\/p>\n\n\n\n<p><em>Fonte e imagem: Sinasefe Nacional<\/em><\/p>\n\n\n\n<p><\/p>\n","protected":false},"excerpt":{"rendered":"<p>O Sinasefe oficiou, na \u00faltima sexta-feira (13\/06), as presid\u00eancias da Rep\u00fablica, do Senado e da C\u00e2mara dos Deputados. Nos of\u00edcios, o sindicato nacional refor\u00e7a a solicita\u00e7\u00e3o de cumprimento integral dos acordos de greve. Passados 351 dias da assinatura dos documentos, diversos itens (como a racionaliza\u00e7\u00e3o e o controle de ponto docente) n\u00e3o foram cumpridos. Veja<\/p>\n","protected":false},"author":7,"featured_media":7429,"comment_status":"open","ping_status":"open","sticky":false,"template":"","format":"standard","meta":{"footnotes":""},"categories":[1],"tags":[],"class_list":{"0":"post-7428","1":"post","2":"type-post","3":"status-publish","4":"format-standard","5":"has-post-thumbnail","7":"category-blog"},"_links":{"self":[{"href":"https:\/\/sinasefesm.com\/index.php\/wp-json\/wp\/v2\/posts\/7428","targetHints":{"allow":["GET"]}}],"collection":[{"href":"https:\/\/sinasefesm.com\/index.php\/wp-json\/wp\/v2\/posts"}],"about":[{"href":"https:\/\/sinasefesm.com\/index.php\/wp-json\/wp\/v2\/types\/post"}],"author":[{"embeddable":true,"href":"https:\/\/sinasefesm.com\/index.php\/wp-json\/wp\/v2\/users\/7"}],"replies":[{"embeddable":true,"href":"https:\/\/sinasefesm.com\/index.php\/wp-json\/wp\/v2\/comments?post=7428"}],"version-history":[{"count":1,"href":"https:\/\/sinasefesm.com\/index.php\/wp-json\/wp\/v2\/posts\/7428\/revisions"}],"predecessor-version":[{"id":7430,"href":"https:\/\/sinasefesm.com\/index.php\/wp-json\/wp\/v2\/posts\/7428\/revisions\/7430"}],"wp:featuredmedia":[{"embeddable":true,"href":"https:\/\/sinasefesm.com\/index.php\/wp-json\/wp\/v2\/media\/7429"}],"wp:attachment":[{"href":"https:\/\/sinasefesm.com\/index.php\/wp-json\/wp\/v2\/media?parent=7428"}],"wp:term":[{"taxonomy":"category","embeddable":true,"href":"https:\/\/sinasefesm.com\/index.php\/wp-json\/wp\/v2\/categories?post=7428"},{"taxonomy":"post_tag","embeddable":true,"href":"https:\/\/sinasefesm.com\/index.php\/wp-json\/wp\/v2\/tags?post=7428"}],"curies":[{"name":"wp","href":"https:\/\/api.w.org\/{rel}","templated":true}]}}