{"id":7434,"date":"2025-06-24T19:40:11","date_gmt":"2025-06-24T22:40:11","guid":{"rendered":"https:\/\/sinasefesm.com\/?p=7434"},"modified":"2025-06-24T19:43:31","modified_gmt":"2025-06-24T22:43:31","slug":"comunidade-da-ufsm-define-nesta-quarta-25-quem-dirigira-a-instituicao","status":"publish","type":"post","link":"https:\/\/sinasefesm.com\/index.php\/2025\/06\/24\/comunidade-da-ufsm-define-nesta-quarta-25-quem-dirigira-a-instituicao\/","title":{"rendered":"Comunidade da UFSM define nesta quarta, 25, quem dirigir\u00e1 a institui\u00e7\u00e3o"},"content":{"rendered":"\n<p>Nesta quarta, 25 de junho, da 7h \u00e0s 22h, a comunidade da UFSM, no campus sede e tamb\u00e9m nos demais (Cachoeira do Sul, Palmeira das Miss\u00f5es e Frederico Westphalen), ter\u00e1 a oportunidade, atrav\u00e9s de voto eletr\u00f4nico, de participar da Pesquisa de Opini\u00e3o para escolher a nominata que dever\u00e1 dirigir a institui\u00e7\u00e3o entre 2026 e 2029. O peso do voto de cada segmento, conforme decis\u00e3o do Conselho Universit\u00e1rio, \u00e9 parit\u00e1rio.<\/p>\n\n\n\n<p>Duas chapas foram homologadas, realizaram suas campanhas e agora submetem-se ao julgamento da comunidade universit\u00e1ria:<\/p>\n\n\n\n<p><strong>Chapa 1<\/strong><br><em>Reitor- Felipe Martins M\u00fcller<\/em><br><em>Vice-reitor- Alessandro Dal\u2019Col L\u00facio.<\/em><\/p>\n\n\n\n<p><strong>Chapa 2<\/strong><br><em>Reitora- Martha Bohrer Adaime<\/em><br><em>Vice-reitor- Tiago Bandeira Marchesan.<\/em><\/p>\n\n\n\n<p>A vota\u00e7\u00e3o se dar\u00e1 por uma ferramenta desenvolvida pelo CPD chamada Helios Voting, a mesma usada no pleito de 2021. O tutorial sobre a vota\u00e7\u00e3o ainda continua dispon\u00edvel <strong><a href=\"https:\/\/www.ufsm.br\/2025\/06\/11\/ufsm-realiza-eleicao-teste-para-apresentar-o-sistema-de-votacao-usado-no-pleito-para-a-reitoria\" title=\"\">aqui<\/a>.<\/strong><\/p>\n\n\n\n<p>A participa\u00e7\u00e3o no processo de Pesquisa \u00e0 Reitoria \u00e9 aberta a todos os segmentos da UFSM, incluindo docentes e t\u00e9cnicos\/as aposentados\/as. Para participar da vota\u00e7\u00e3o \u00e9 preciso ir at\u00e9 o<strong> <a href=\"https:\/\/www.ufsm.br\/reitoria\/conselhos-superiores\/pesquisa-de-opiniao\" title=\"\">link<\/a><\/strong>: ufsm.br\/reitoria\/conselhos-superiores\/pesquisa-de-opiniao.<\/p>\n\n\n\n<p>Nesse espa\u00e7o, encontra-se a lista de quem est\u00e1 apto a votar por cada segmento. Al\u00e9m disso, tamb\u00e9m est\u00e1 dispon\u00edvel o link individualizado para docentes, t\u00e9cnicos\/as e estudantes poderem votar.<\/p>\n\n\n\n<p>A Comiss\u00e3o Especial que coordena o processo de Pesquisa tamb\u00e9m destaca que o link oficial da urna digital foi encaminhado pelo e-mail institucional e tamb\u00e9m ser\u00e1 disponibilizado nas p\u00e1ginas principais do site da universidade.<\/p>\n\n\n\n<p>O resultado preliminar da Pesquisa ser\u00e1 anunciado \u00e0s 22h30 desta quarta, 25 de junho. O per\u00edodo de 26 de junho at\u00e9 as 23h59 de 30 de junho ser\u00e1 o espa\u00e7o destinado ao caso de haver quem queira interpor recurso. Ap\u00f3s, no dia 7 de julho, ocorrer\u00e1 a divulga\u00e7\u00e3o do resultado final da Pesquisa que, posteriormente, ter\u00e1 que ser apreciada pelos Conselhos Superiores da UFSM, para depois ser encaminhada em lista tr\u00edplice ao Minist\u00e9rio da Educa\u00e7\u00e3o (MEC).<\/p>\n\n\n\n<p>O Sinasefe Santa Maria, ao longo desse per\u00edodo de campanha, fez uma entrevista com ambas as chapas, com perguntas de interesse da categoria EBTT. Confira abaixo as entrevistas, clicando nos links em vermelho.<\/p>\n\n\n\n<p><strong><a href=\"https:\/\/sinasefesm.com\/index.php\/2025\/06\/17\/chapa-1-a-reitoria-da-ufsm-responde-questoes-do-sinasefe-sm\/\" title=\"\">Chapa 1 (Felipe e Alessandro)<\/a><\/strong><br><\/p>\n\n\n\n<figure class=\"wp-block-image size-large is-resized\"><img fetchpriority=\"high\" decoding=\"async\" width=\"1024\" height=\"741\" src=\"https:\/\/sinasefesm.com\/wp-content\/uploads\/2025\/06\/4-1024x741.jpeg\" alt=\"\" class=\"wp-image-7436\" style=\"width:468px;height:auto\" srcset=\"https:\/\/sinasefesm.com\/wp-content\/uploads\/2025\/06\/4-1024x741.jpeg 1024w, https:\/\/sinasefesm.com\/wp-content\/uploads\/2025\/06\/4-300x217.jpeg 300w, https:\/\/sinasefesm.com\/wp-content\/uploads\/2025\/06\/4-768x556.jpeg 768w, https:\/\/sinasefesm.com\/wp-content\/uploads\/2025\/06\/4-150x109.jpeg 150w, https:\/\/sinasefesm.com\/wp-content\/uploads\/2025\/06\/4-450x326.jpeg 450w, https:\/\/sinasefesm.com\/wp-content\/uploads\/2025\/06\/4-1200x868.jpeg 1200w, https:\/\/sinasefesm.com\/wp-content\/uploads\/2025\/06\/4.jpeg 1280w\" sizes=\"(max-width: 1024px) 100vw, 1024px\" \/><\/figure>\n\n\n\n<p><strong><a href=\"https:\/\/sinasefesm.com\/index.php\/2025\/06\/17\/chapa-2-a-reitoria-da-ufsm-responde-questoes-do-sinasefe-sm\/\" title=\"\">Chapa 2 (Martha e Tiago)<\/a><\/strong><\/p>\n\n\n\n<figure class=\"wp-block-image size-large is-resized\"><img decoding=\"async\" width=\"1024\" height=\"1024\" src=\"https:\/\/sinasefesm.com\/wp-content\/uploads\/2025\/06\/3-2-1024x1024.jpeg\" alt=\"\" class=\"wp-image-7437\" style=\"width:432px;height:auto\" srcset=\"https:\/\/sinasefesm.com\/wp-content\/uploads\/2025\/06\/3-2-1024x1024.jpeg 1024w, https:\/\/sinasefesm.com\/wp-content\/uploads\/2025\/06\/3-2-300x300.jpeg 300w, https:\/\/sinasefesm.com\/wp-content\/uploads\/2025\/06\/3-2-150x150.jpeg 150w, https:\/\/sinasefesm.com\/wp-content\/uploads\/2025\/06\/3-2-768x768.jpeg 768w, https:\/\/sinasefesm.com\/wp-content\/uploads\/2025\/06\/3-2-450x450.jpeg 450w, https:\/\/sinasefesm.com\/wp-content\/uploads\/2025\/06\/3-2.jpeg 1080w\" sizes=\"(max-width: 1024px) 100vw, 1024px\" \/><\/figure>\n\n\n\n<p><em>Fotos: Rafael Happke (UFSM) e divulga\u00e7\u00e3o das campanhas<br>Edi\u00e7\u00e3o: Fritz Rivail<\/em><\/p>\n","protected":false},"excerpt":{"rendered":"<p>Nesta quarta, 25 de junho, da 7h \u00e0s 22h, a comunidade da UFSM, no campus sede e tamb\u00e9m nos demais (Cachoeira do Sul, Palmeira das Miss\u00f5es e Frederico Westphalen), ter\u00e1 a oportunidade, atrav\u00e9s de voto eletr\u00f4nico, de participar da Pesquisa de Opini\u00e3o para escolher a nominata que dever\u00e1 dirigir a institui\u00e7\u00e3o entre 2026 e 2029.<\/p>\n","protected":false},"author":7,"featured_media":7435,"comment_status":"open","ping_status":"open","sticky":false,"template":"","format":"standard","meta":{"footnotes":""},"categories":[1],"tags":[],"class_list":{"0":"post-7434","1":"post","2":"type-post","3":"status-publish","4":"format-standard","5":"has-post-thumbnail","7":"category-blog"},"_links":{"self":[{"href":"https:\/\/sinasefesm.com\/index.php\/wp-json\/wp\/v2\/posts\/7434","targetHints":{"allow":["GET"]}}],"collection":[{"href":"https:\/\/sinasefesm.com\/index.php\/wp-json\/wp\/v2\/posts"}],"about":[{"href":"https:\/\/sinasefesm.com\/index.php\/wp-json\/wp\/v2\/types\/post"}],"author":[{"embeddable":true,"href":"https:\/\/sinasefesm.com\/index.php\/wp-json\/wp\/v2\/users\/7"}],"replies":[{"embeddable":true,"href":"https:\/\/sinasefesm.com\/index.php\/wp-json\/wp\/v2\/comments?post=7434"}],"version-history":[{"count":3,"href":"https:\/\/sinasefesm.com\/index.php\/wp-json\/wp\/v2\/posts\/7434\/revisions"}],"predecessor-version":[{"id":7441,"href":"https:\/\/sinasefesm.com\/index.php\/wp-json\/wp\/v2\/posts\/7434\/revisions\/7441"}],"wp:featuredmedia":[{"embeddable":true,"href":"https:\/\/sinasefesm.com\/index.php\/wp-json\/wp\/v2\/media\/7435"}],"wp:attachment":[{"href":"https:\/\/sinasefesm.com\/index.php\/wp-json\/wp\/v2\/media?parent=7434"}],"wp:term":[{"taxonomy":"category","embeddable":true,"href":"https:\/\/sinasefesm.com\/index.php\/wp-json\/wp\/v2\/categories?post=7434"},{"taxonomy":"post_tag","embeddable":true,"href":"https:\/\/sinasefesm.com\/index.php\/wp-json\/wp\/v2\/tags?post=7434"}],"curies":[{"name":"wp","href":"https:\/\/api.w.org\/{rel}","templated":true}]}}