{"id":7442,"date":"2025-06-26T13:52:40","date_gmt":"2025-06-26T16:52:40","guid":{"rendered":"https:\/\/sinasefesm.com\/?p=7442"},"modified":"2025-06-26T13:52:41","modified_gmt":"2025-06-26T16:52:41","slug":"martha-e-tiago-vencem-consulta-a-reitoria-da-ufsm","status":"publish","type":"post","link":"https:\/\/sinasefesm.com\/index.php\/2025\/06\/26\/martha-e-tiago-vencem-consulta-a-reitoria-da-ufsm\/","title":{"rendered":"Martha e Tiago vencem consulta \u00e0 reitoria da UFSM"},"content":{"rendered":"\n<p>Na noite desta quarta, 25 de junho, pontualmente \u00e0s 22h30, a Comiss\u00e3o Especial que organizou a Pesquisa de Opini\u00e3o junto \u00e0 comunidade acad\u00eamica da UFSM para dirigir a Reitoria entre 2026 e 2029 divulgou o resultado: a chapa 2, liderada pela professora Martha Adaime (reitora) e pelo professor Tiago Marchesan (vice-reitor) venceu a chapa 1, de Felipe M\u00fcller (reitor) e Alessandro Dal\u2019Col (vice-reitor). Percentualmente, a chapa 2 obteve 57,73% dos votos v\u00e1lidos e a chapa 1 alcan\u00e7ou 42,27%. Lembrando que a vota\u00e7\u00e3o foi eletr\u00f4nica e que o c\u00e1lculo dos votos se deu pela f\u00f3rmula da paridade (cada segmento vale 1\/3).<\/p>\n\n\n\n<p>Confira abaixo a vota\u00e7\u00e3o por segmento:<\/p>\n\n\n\n<p>Docentes:<br>Chapa 1:&nbsp;3.115 votos<br>Chapa 2:&nbsp;3.802 votos<br>Brancos:&nbsp;&nbsp;234 votos<br>Nulos:&nbsp;103 votos<\/p>\n\n\n\n<p>TAEs (t\u00e9cnico-administrativos):<\/p>\n\n\n\n<p>Chapa 1: 1.815&nbsp;votos<br>Chapa 2:&nbsp;3.739 votos<br>Brancos:&nbsp;42 votos<br>Nulos:&nbsp;33 votos<\/p>\n\n\n\n<p>Estudantes:<\/p>\n\n\n\n<p>Chapa 1:&nbsp;1.797 votos<br>Chapa 2: 1.648&nbsp;votos<br>Brancos:&nbsp;19 votos<br>Nulos:&nbsp;18 votos.<\/p>\n\n\n\n<p>Com a finaliza\u00e7\u00e3o da pesquisa de opini\u00e3o, o resultado ser\u00e1 encaminhado ao Conselho Universit\u00e1rio (Consu), que instaurar\u00e1 uma comiss\u00e3o respons\u00e1vel pela elabora\u00e7\u00e3o da lista tr\u00edplice para reitor(a) e vice-reitor(a). O col\u00e9gio eleitoral que escolhe os nomes para serem encaminhados ao MEC \u00e9 composto por integrantes dos tr\u00eas conselhos: Consu, Cepe e de Curadores.<\/p>\n\n\n\n<figure class=\"wp-block-image size-large\"><img fetchpriority=\"high\" decoding=\"async\" width=\"1024\" height=\"335\" src=\"https:\/\/sinasefesm.com\/wp-content\/uploads\/2025\/06\/tabela-votos-1024x335.jpg\" alt=\"\" class=\"wp-image-7444\" srcset=\"https:\/\/sinasefesm.com\/wp-content\/uploads\/2025\/06\/tabela-votos-1024x335.jpg 1024w, https:\/\/sinasefesm.com\/wp-content\/uploads\/2025\/06\/tabela-votos-300x98.jpg 300w, https:\/\/sinasefesm.com\/wp-content\/uploads\/2025\/06\/tabela-votos-768x251.jpg 768w, https:\/\/sinasefesm.com\/wp-content\/uploads\/2025\/06\/tabela-votos-150x49.jpg 150w, https:\/\/sinasefesm.com\/wp-content\/uploads\/2025\/06\/tabela-votos-450x147.jpg 450w, https:\/\/sinasefesm.com\/wp-content\/uploads\/2025\/06\/tabela-votos-1200x392.jpg 1200w, https:\/\/sinasefesm.com\/wp-content\/uploads\/2025\/06\/tabela-votos.jpg 1301w\" sizes=\"(max-width: 1024px) 100vw, 1024px\" \/><\/figure>\n\n\n\n<p><strong>An\u00e1lise<\/strong><\/p>\n\n\n\n<p>O coordenador-geral do Sinasefe Santa Maria, Jos\u00e9 Ab\u00edlio Lima de Freitas, avalia positivamente o processo desenvolvido na UFSM. Para ele, a democracia saiu vencedora, pois houve espa\u00e7o para divulga\u00e7\u00e3o e debate de ambas as chapas, com cada uma delas podendo expor seus pontos de vista. Ab\u00edlio destaca a import\u00e2ncia do \u201cempoderamento feminino\u201d, com a primeira docente (Martha Adaime) podendo vir a ser reitora da universidade, depois de 60 anos de funda\u00e7\u00e3o da institui\u00e7\u00e3o.<\/p>\n\n\n\n<p>Todavia, o dirigente do Sinasefe SM tamb\u00e9m chama a aten\u00e7\u00e3o para o resultado que, na an\u00e1lise dele, teve uma chapa vencendo, mas n\u00e3o com uma diferen\u00e7a muito el\u00e1stica. \u201cAs duas chapas tiveram representatividade perante a comunidade e, nesse sentido, \u00e9 importante que a vit\u00f3ria seja seguida de muito di\u00e1logo com todos os segmentos\u201d, frisa Jos\u00e9 Abilio.<\/p>\n\n\n\n<p>Ouvido pelo Sinasefe SM, o professor de Ci\u00eancia Pol\u00edtica do departamento de Ci\u00eancias Sociais da UFSM, Cleber Martins, pontua alguns aspectos do resultado da pesquisa, que mostraram, por exemplo, a vit\u00f3ria da chapa 2 entre docentes e t\u00e9cnico-administrativos, com a chapa 1 ganhando por pequena margem entre estudantes.<\/p>\n\n\n\n<p>Para o docente, o resultado e a trajet\u00f3ria de Martha Adaime na pr\u00f3pria reitoria (atualmente \u00e9 vice-reitora, e em gest\u00f5es anteriores foi pr\u00f3-reitora) indicam, em determinado sentido, uma \u201cconcord\u00e2ncia moderada\u201d com os rumos da gest\u00e3o do grupo que est\u00e1 na reitoria desde 2014, com o equil\u00edbrio nos resultados dos segmentos discente e docente. Martins sublinha o fato, possivelmente in\u00e9dito desde a redemocratiza\u00e7\u00e3o, de que \u00e9 a quarta vit\u00f3ria consecutiva do mesmo grupo pol\u00edtico na UFSM.<\/p>\n\n\n\n<p>Cleber Martins destaca que a escolha das candidaturas \u00e0 reitoria atrav\u00e9s da Pesquisa tem v\u00e1rias caracter\u00edsticas bem espec\u00edficas, quando comparada com as elei\u00e7\u00f5es para cargos pol\u00edticos tradicionais. \u201cH\u00e1 quest\u00f5es internas, funcionais, de relacionamento, que s\u00e3o relevantes na constru\u00e7\u00e3o de entendimentos sobre as candidaturas, o que pode influenciar no resultado\u201d, finaliza.<\/p>\n\n\n\n<p>Durante o per\u00edodo de campanha, o Sinasefe SM fez uma entrevista com as duas chapas abordando temas que interessam \u00e0 categoria EBTT e \u00e0 universidade como um todo. Confira <strong><a href=\"https:\/\/sinasefesm.com\/index.php\/2025\/06\/17\/chapa-2-a-reitoria-da-ufsm-responde-questoes-do-sinasefe-sm\/\" title=\"\">aqui<\/a><\/strong> perguntas e respostas da chapa 2.<\/p>\n\n\n\n<p><em>Texto: Fritz Rivail com dados e foto da assessoria da UFSM<br><br><\/em><\/p>\n","protected":false},"excerpt":{"rendered":"<p>Na noite desta quarta, 25 de junho, pontualmente \u00e0s 22h30, a Comiss\u00e3o Especial que organizou a Pesquisa de Opini\u00e3o junto \u00e0 comunidade acad\u00eamica da UFSM para dirigir a Reitoria entre 2026 e 2029 divulgou o resultado: a chapa 2, liderada pela professora Martha Adaime (reitora) e pelo professor Tiago Marchesan (vice-reitor) venceu a chapa 1,<\/p>\n","protected":false},"author":7,"featured_media":7443,"comment_status":"open","ping_status":"open","sticky":false,"template":"","format":"standard","meta":{"footnotes":""},"categories":[1],"tags":[],"class_list":{"0":"post-7442","1":"post","2":"type-post","3":"status-publish","4":"format-standard","5":"has-post-thumbnail","7":"category-blog"},"_links":{"self":[{"href":"https:\/\/sinasefesm.com\/index.php\/wp-json\/wp\/v2\/posts\/7442","targetHints":{"allow":["GET"]}}],"collection":[{"href":"https:\/\/sinasefesm.com\/index.php\/wp-json\/wp\/v2\/posts"}],"about":[{"href":"https:\/\/sinasefesm.com\/index.php\/wp-json\/wp\/v2\/types\/post"}],"author":[{"embeddable":true,"href":"https:\/\/sinasefesm.com\/index.php\/wp-json\/wp\/v2\/users\/7"}],"replies":[{"embeddable":true,"href":"https:\/\/sinasefesm.com\/index.php\/wp-json\/wp\/v2\/comments?post=7442"}],"version-history":[{"count":1,"href":"https:\/\/sinasefesm.com\/index.php\/wp-json\/wp\/v2\/posts\/7442\/revisions"}],"predecessor-version":[{"id":7445,"href":"https:\/\/sinasefesm.com\/index.php\/wp-json\/wp\/v2\/posts\/7442\/revisions\/7445"}],"wp:featuredmedia":[{"embeddable":true,"href":"https:\/\/sinasefesm.com\/index.php\/wp-json\/wp\/v2\/media\/7443"}],"wp:attachment":[{"href":"https:\/\/sinasefesm.com\/index.php\/wp-json\/wp\/v2\/media?parent=7442"}],"wp:term":[{"taxonomy":"category","embeddable":true,"href":"https:\/\/sinasefesm.com\/index.php\/wp-json\/wp\/v2\/categories?post=7442"},{"taxonomy":"post_tag","embeddable":true,"href":"https:\/\/sinasefesm.com\/index.php\/wp-json\/wp\/v2\/tags?post=7442"}],"curies":[{"name":"wp","href":"https:\/\/api.w.org\/{rel}","templated":true}]}}