{"id":7446,"date":"2025-07-01T17:41:29","date_gmt":"2025-07-01T20:41:29","guid":{"rendered":"https:\/\/sinasefesm.com\/?p=7446"},"modified":"2025-07-01T18:00:31","modified_gmt":"2025-07-01T21:00:31","slug":"entidade-de-servidores-organizam-jornada-contra-reforma-administrativa","status":"publish","type":"post","link":"https:\/\/sinasefesm.com\/index.php\/2025\/07\/01\/entidade-de-servidores-organizam-jornada-contra-reforma-administrativa\/","title":{"rendered":"Entidades de servidores organizam jornada contra Reforma Administrativa"},"content":{"rendered":"\n<p>O\u00a0<a href=\"https:\/\/fonasefe.org\/\" target=\"_blank\" rel=\"noreferrer noopener\">Fonasefe<\/a>\u00a0realiza nesta primeira quinzena de julho de 2025 uma Jornada de Lutas contra a\u00a0<a href=\"https:\/\/sinasefe.org.br\/site\/reforma-administrativa\" target=\"_blank\" rel=\"noreferrer noopener\">Reforma Administrativa<\/a>.<\/p>\n\n\n\n<p>A agenda do Fonasefe ter\u00e1 atividades concentradas em Bras\u00edlia-DF, mais precisamente no Congresso Nacional, onde um\u00a0<a href=\"https:\/\/sinasefe.org.br\/site\/informe-sobre-o-pl-da-reestruturacao-das-carreiras\" target=\"_blank\" rel=\"noreferrer noopener\">Grupo de Trabalho (GT) na C\u00e2mara dos Deputados<\/a>\u00a0tenta avan\u00e7ar com ataques aos servi\u00e7os e aos servidores p\u00fablicos.<\/p>\n\n\n\n<p>Este GT foi formado sob as&nbsp;<em>ben\u00e7\u00e3os<\/em>&nbsp;dos presidentes do Senado Federal e da C\u00e2mara dos Deputados, Davi Alcolumbre (Uni\u00e3o-AP) e Hugo Motta (Republicanos-PB), que lideram uma&nbsp;<em>horda reacion\u00e1ria<\/em>&nbsp;de&nbsp;<em>inimigos do povo<\/em>&nbsp;com mandatos parlamentares nas duas Casas Legislativas.<\/p>\n\n\n\n<p>Os plant\u00f5es semanais do SINASEFE em Bras\u00edlia-DF participar\u00e3o das atividades, fortalecendo a resist\u00eancia contra qualquer tentativa de desmonte do funcionalismo p\u00fablico.<\/p>\n\n\n\n<h3 class=\"wp-block-heading\"><a href=\"https:\/\/sinasefe.org.br\/site\/comunicacao\/agenda\" target=\"_blank\" rel=\"noreferrer noopener\">Agenda<\/a>&nbsp;de lutas<\/h3>\n\n\n\n<p>O calend\u00e1rio de atividades da Jornada de Lutas ser\u00e1 o seguinte:<\/p>\n\n\n\n<h4 class=\"wp-block-heading\">2 de julho<\/h4>\n\n\n\n<ul class=\"wp-block-list\">\n<li>Audi\u00eancia do GT da Reforma Administrativa \u2013 Anexo II da C\u00e2mara dos Deputados \u2013 10 horas<\/li>\n<\/ul>\n\n\n\n<h4 class=\"wp-block-heading\">7 de julho<\/h4>\n\n\n\n<ul class=\"wp-block-list\">\n<li>Apresenta\u00e7\u00e3o do Relat\u00f3rio Preliminar do GT da Reforma Administrativa \u2013 Anexo II da C\u00e2mara dos Deputados \u2013 8 horas<\/li>\n<\/ul>\n\n\n\n<h4 class=\"wp-block-heading\">8 de julho<\/h4>\n\n\n\n<ul class=\"wp-block-list\">\n<li>Semin\u00e1rio da\u00a0<a href=\"https:\/\/frenteparlamentardoservicopublico.org\/\" target=\"_blank\" rel=\"noreferrer noopener\">Frente Parlamentar Mista do Servi\u00e7o P\u00fablico<\/a>\u00a0sobre a Reforma Administrativa \u2013 Anexo II da C\u00e2mara dos Deputados (Audit\u00f3rio Nereu Ramos) \u2013 13 \u00e0s 18 horas.<\/li>\n\n\n\n<li><strong>14 de julho<\/strong><\/li>\n\n\n\n<li>Ato contra a Reforma Administrativa \u2013 Estacionamento do Anexo II da C\u00e2mara dos Deputados.<\/li>\n\n\n\n<li><em>Fonte e imagem: Sinasefe Nacional<\/em><\/li>\n<\/ul>\n","protected":false},"excerpt":{"rendered":"<p>O\u00a0Fonasefe\u00a0realiza nesta primeira quinzena de julho de 2025 uma Jornada de Lutas contra a\u00a0Reforma Administrativa. A agenda do Fonasefe ter\u00e1 atividades concentradas em Bras\u00edlia-DF, mais precisamente no Congresso Nacional, onde um\u00a0Grupo de Trabalho (GT) na C\u00e2mara dos Deputados\u00a0tenta avan\u00e7ar com ataques aos servi\u00e7os e aos servidores p\u00fablicos. Este GT foi formado sob as&nbsp;ben\u00e7\u00e3os&nbsp;dos presidentes do<\/p>\n","protected":false},"author":7,"featured_media":7447,"comment_status":"open","ping_status":"open","sticky":false,"template":"","format":"standard","meta":{"footnotes":""},"categories":[1],"tags":[],"class_list":{"0":"post-7446","1":"post","2":"type-post","3":"status-publish","4":"format-standard","5":"has-post-thumbnail","7":"category-blog"},"_links":{"self":[{"href":"https:\/\/sinasefesm.com\/index.php\/wp-json\/wp\/v2\/posts\/7446","targetHints":{"allow":["GET"]}}],"collection":[{"href":"https:\/\/sinasefesm.com\/index.php\/wp-json\/wp\/v2\/posts"}],"about":[{"href":"https:\/\/sinasefesm.com\/index.php\/wp-json\/wp\/v2\/types\/post"}],"author":[{"embeddable":true,"href":"https:\/\/sinasefesm.com\/index.php\/wp-json\/wp\/v2\/users\/7"}],"replies":[{"embeddable":true,"href":"https:\/\/sinasefesm.com\/index.php\/wp-json\/wp\/v2\/comments?post=7446"}],"version-history":[{"count":2,"href":"https:\/\/sinasefesm.com\/index.php\/wp-json\/wp\/v2\/posts\/7446\/revisions"}],"predecessor-version":[{"id":7449,"href":"https:\/\/sinasefesm.com\/index.php\/wp-json\/wp\/v2\/posts\/7446\/revisions\/7449"}],"wp:featuredmedia":[{"embeddable":true,"href":"https:\/\/sinasefesm.com\/index.php\/wp-json\/wp\/v2\/media\/7447"}],"wp:attachment":[{"href":"https:\/\/sinasefesm.com\/index.php\/wp-json\/wp\/v2\/media?parent=7446"}],"wp:term":[{"taxonomy":"category","embeddable":true,"href":"https:\/\/sinasefesm.com\/index.php\/wp-json\/wp\/v2\/categories?post=7446"},{"taxonomy":"post_tag","embeddable":true,"href":"https:\/\/sinasefesm.com\/index.php\/wp-json\/wp\/v2\/tags?post=7446"}],"curies":[{"name":"wp","href":"https:\/\/api.w.org\/{rel}","templated":true}]}}