{"id":7450,"date":"2025-07-01T18:07:45","date_gmt":"2025-07-01T21:07:45","guid":{"rendered":"https:\/\/sinasefesm.com\/?p=7450"},"modified":"2025-07-01T18:07:45","modified_gmt":"2025-07-01T21:07:45","slug":"gt-do-sinasefe-sm-avalia-eja-integrado-a-educacao-profissional","status":"publish","type":"post","link":"https:\/\/sinasefesm.com\/index.php\/2025\/07\/01\/gt-do-sinasefe-sm-avalia-eja-integrado-a-educacao-profissional\/","title":{"rendered":"GT do Sinasefe SM avalia EJA integrado \u00e0 Educa\u00e7\u00e3o Profissional"},"content":{"rendered":"\n<p>Na sexta, 27 de junho, ocorreu uma reuni\u00e3o do Grupo de Trabalho (GT) Pol\u00edticas Educacionais do Sinasefe Santa Maria. Durante o encontro, a professora e pesquisadora Mariglei Severo Maraschin, debateu junto com integrantes do GT, a pol\u00edtica de Educa\u00e7\u00e3o de Jovens e Adultos (EJA) integrada \u00e0 Educa\u00e7\u00e3o Profissional EPT).<\/p>\n\n\n\n<p>Durante a atividade, Mariglei apresentou dados da cartilha de pol\u00edticas e tamb\u00e9m reflex\u00f5es de suas viv\u00eancias e pesquisas. Expressou aos presentes a preocupa\u00e7\u00e3o com o n\u00e3o cumprimento da legisla\u00e7\u00e3o que prev\u00ea oferta na Rede Federal de cursos de EJA, ao mesmo tempo em se percebe um crescimento de cursos FIC (Forma\u00e7\u00e3o Inicial e Continuada) e com a possibilidade de oferta dos cursos pelo sistema S (Sesi, Sesc, Senat, etc.).<\/p>\n\n\n\n<p>A professora ressaltou a import\u00e2ncia da proposta de EJA-EPT e da d\u00edvida social que se tem com as e os trabalhadores n\u00e3o escolarizados. Tamb\u00e9m destacou que o programa PROEJA (Programa Nacional de Integra\u00e7\u00e3o da Educa\u00e7\u00e3o Profissional com a Educa\u00e7\u00e3o B\u00e1sica na Modalidade de Educa\u00e7\u00e3o de Jovens e Adultos) nasce em experi\u00eancias com os sindicatos, Nesse sentido, Mariglei v\u00ea como fundamental o Sinasefe propor essas reflex\u00f5es junto a filiados\/as e comunidade acad\u00eamica, disputando que a legisla\u00e7\u00e3o seja cumprida e, principalmente, o compromisso da educa\u00e7\u00e3o como direito e inclus\u00e3o social.<\/p>\n\n\n\n<p><br><em>Foto: Arquivo pessoal<\/em><\/p>\n\n\n\n<p><em>Edi\u00e7\u00e3o: Fritz Rivail<\/em><\/p>\n","protected":false},"excerpt":{"rendered":"<p>Na sexta, 27 de junho, ocorreu uma reuni\u00e3o do Grupo de Trabalho (GT) Pol\u00edticas Educacionais do Sinasefe Santa Maria. Durante o encontro, a professora e pesquisadora Mariglei Severo Maraschin, debateu junto com integrantes do GT, a pol\u00edtica de Educa\u00e7\u00e3o de Jovens e Adultos (EJA) integrada \u00e0 Educa\u00e7\u00e3o Profissional EPT). Durante a atividade, Mariglei apresentou dados<\/p>\n","protected":false},"author":7,"featured_media":7451,"comment_status":"open","ping_status":"open","sticky":false,"template":"","format":"standard","meta":{"footnotes":""},"categories":[1],"tags":[],"class_list":{"0":"post-7450","1":"post","2":"type-post","3":"status-publish","4":"format-standard","5":"has-post-thumbnail","7":"category-blog"},"_links":{"self":[{"href":"https:\/\/sinasefesm.com\/index.php\/wp-json\/wp\/v2\/posts\/7450","targetHints":{"allow":["GET"]}}],"collection":[{"href":"https:\/\/sinasefesm.com\/index.php\/wp-json\/wp\/v2\/posts"}],"about":[{"href":"https:\/\/sinasefesm.com\/index.php\/wp-json\/wp\/v2\/types\/post"}],"author":[{"embeddable":true,"href":"https:\/\/sinasefesm.com\/index.php\/wp-json\/wp\/v2\/users\/7"}],"replies":[{"embeddable":true,"href":"https:\/\/sinasefesm.com\/index.php\/wp-json\/wp\/v2\/comments?post=7450"}],"version-history":[{"count":1,"href":"https:\/\/sinasefesm.com\/index.php\/wp-json\/wp\/v2\/posts\/7450\/revisions"}],"predecessor-version":[{"id":7452,"href":"https:\/\/sinasefesm.com\/index.php\/wp-json\/wp\/v2\/posts\/7450\/revisions\/7452"}],"wp:featuredmedia":[{"embeddable":true,"href":"https:\/\/sinasefesm.com\/index.php\/wp-json\/wp\/v2\/media\/7451"}],"wp:attachment":[{"href":"https:\/\/sinasefesm.com\/index.php\/wp-json\/wp\/v2\/media?parent=7450"}],"wp:term":[{"taxonomy":"category","embeddable":true,"href":"https:\/\/sinasefesm.com\/index.php\/wp-json\/wp\/v2\/categories?post=7450"},{"taxonomy":"post_tag","embeddable":true,"href":"https:\/\/sinasefesm.com\/index.php\/wp-json\/wp\/v2\/tags?post=7450"}],"curies":[{"name":"wp","href":"https:\/\/api.w.org\/{rel}","templated":true}]}}