{"id":7454,"date":"2025-07-02T14:03:17","date_gmt":"2025-07-02T17:03:17","guid":{"rendered":"https:\/\/sinasefesm.com\/?p=7454"},"modified":"2025-07-02T14:05:46","modified_gmt":"2025-07-02T17:05:46","slug":"sinasefe-apoia-plebiscito-sobre-jornada-6x1-e-taxacao-de-bilionarios","status":"publish","type":"post","link":"https:\/\/sinasefesm.com\/index.php\/2025\/07\/02\/sinasefe-apoia-plebiscito-sobre-jornada-6x1-e-taxacao-de-bilionarios\/","title":{"rendered":"Sinasefe apoia plebiscito sobre jornada 6&#215;1 e taxa\u00e7\u00e3o de bilion\u00e1rios"},"content":{"rendered":"\n<p>O Sinasefe aderiu ao\u00a0<a href=\"https:\/\/plebiscitopopular.org.br\/\" target=\"_blank\" rel=\"noreferrer noopener\">Plebiscito Popular 2025<\/a>\u00a0em sua\u00a0<a href=\"https:\/\/sinasefe.org.br\/site\/plano-de-lutas-200a-plena-aprovou-jornada-de-lutas-e-paralisacao-de-48-horas\/\" target=\"_blank\" rel=\"noreferrer noopener\">200\u00aa PLENA<\/a>. Trata-se de uma grande consulta nacional para ouvir o povo sobre trabalho, justi\u00e7a e dignidade. A opini\u00e3o popular conta, por isso, todos est\u00e3o convidados a participe e passar adiante.<\/p>\n\n\n\n<p>O Plebiscito Popular 2025 \u00e9 uma iniciativa dos movimentos sociais, centrais sindicais, juventudes, artistas, entidades de f\u00e9 e partidos progressistas para ouvir a popula\u00e7\u00e3o brasileira sobre temas urgentes e pressionar por mudan\u00e7as fundamentais. A participa\u00e7\u00e3o na vota\u00e7\u00e3o ser\u00e1 volunt\u00e1ria.<\/p>\n\n\n\n<h3 class=\"wp-block-heading\">Voc\u00ea \u00e9 a favor de:<\/h3>\n\n\n\n<ul class=\"wp-block-list\">\n<li>Redu\u00e7\u00e3o da jornada de trabalho sem redu\u00e7\u00e3o salarial, e pelo fim da escala 6\u00d71?<\/li>\n\n\n\n<li>Que quem ganhe mais de 50 mil\/m\u00eas pague mais imposto, para que quem recebe at\u00e9 5 mil n\u00e3o pague imposto de renda?<\/li>\n<\/ul>\n\n\n\n<p>Estas ser\u00e3o as perguntas centrais do Plebiscito Popular 2025.<\/p>\n\n\n\n<h3 class=\"wp-block-heading\">Per\u00edodo e como votar<\/h3>\n\n\n\n<p>A coleta de votos do Plebiscito Popular 2025 come\u00e7ar\u00e1 nesta ter\u00e7a (01\/07) e se estender\u00e1 at\u00e9 o dia 7 de setembro. Para alavancar o in\u00edcio da vota\u00e7\u00e3o, ser\u00e1 realizado um mutir\u00e3o nacional na primeira semana de julho.<\/p>\n\n\n\n<p>Segundo os organizadores, o Plebiscito Popular contar\u00e1, neste momento inicial, com duas modalidades poss\u00edveis para a coleta de votos, ambas apenas&nbsp;<strong>de forma presencial<\/strong>. Uma delas \u00e9 via urna, com o uso de listas de votantes e c\u00e9dulas padr\u00e3o. A outra forma \u00e9 digital, mas tamb\u00e9m presencial. Neste formato, a pessoa poder\u00e1 votar acessando um link via QR Code vinculado a cada urna de vota\u00e7\u00e3o, que direcionar\u00e1 a pessoa ao sistema de vota\u00e7\u00e3o.<\/p>\n\n\n\n<p>Cada urna ter\u00e1 tanto a possibilidade de voto anal\u00f3gico (via c\u00e9dula) quanto digital (QR Code).<em>&nbsp;\u201cNossa prioridade \u00e9 o di\u00e1logo direto, o corpo a corpo com o povo, dialogando e disputando nossas ideias junto \u00e0 popula\u00e7\u00e3o\u201d<\/em>, ressaltam os organizadores.<\/p>\n\n\n\n<p>Para tornar a iniciativa mais conhecida e atrair mais votantes, os movimentos envolvidos sugerem que durante o primeiro mutir\u00e3o sejam feitas atividades como panfletagens, divulga\u00e7\u00e3o de vota\u00e7\u00e3o de figuras p\u00fablicas e agita\u00e7\u00e3o nas redes sociais, al\u00e9m da realiza\u00e7\u00e3o de plen\u00e1rias.<\/p>\n\n\n\n<p>O Sinasefe est\u00e1 organizando a abertura de urna para o plebiscito, em sua sede localizada em Bras\u00edlia-DF, e enviou \u00e0s se\u00e7\u00f5es sindicais as orienta\u00e7\u00f5es detalhadas sobre este procedimento.<\/p>\n\n\n\n<p><em>Fonte e imagem: Sinasefe Nacional<\/em><\/p>\n","protected":false},"excerpt":{"rendered":"<p>O Sinasefe aderiu ao\u00a0Plebiscito Popular 2025\u00a0em sua\u00a0200\u00aa PLENA. Trata-se de uma grande consulta nacional para ouvir o povo sobre trabalho, justi\u00e7a e dignidade. A opini\u00e3o popular conta, por isso, todos est\u00e3o convidados a participe e passar adiante. O Plebiscito Popular 2025 \u00e9 uma iniciativa dos movimentos sociais, centrais sindicais, juventudes, artistas, entidades de f\u00e9 e<\/p>\n","protected":false},"author":7,"featured_media":7455,"comment_status":"open","ping_status":"open","sticky":false,"template":"","format":"standard","meta":{"footnotes":""},"categories":[41],"tags":[],"class_list":{"0":"post-7454","1":"post","2":"type-post","3":"status-publish","4":"format-standard","5":"has-post-thumbnail","7":"category-movimento"},"_links":{"self":[{"href":"https:\/\/sinasefesm.com\/index.php\/wp-json\/wp\/v2\/posts\/7454","targetHints":{"allow":["GET"]}}],"collection":[{"href":"https:\/\/sinasefesm.com\/index.php\/wp-json\/wp\/v2\/posts"}],"about":[{"href":"https:\/\/sinasefesm.com\/index.php\/wp-json\/wp\/v2\/types\/post"}],"author":[{"embeddable":true,"href":"https:\/\/sinasefesm.com\/index.php\/wp-json\/wp\/v2\/users\/7"}],"replies":[{"embeddable":true,"href":"https:\/\/sinasefesm.com\/index.php\/wp-json\/wp\/v2\/comments?post=7454"}],"version-history":[{"count":2,"href":"https:\/\/sinasefesm.com\/index.php\/wp-json\/wp\/v2\/posts\/7454\/revisions"}],"predecessor-version":[{"id":7457,"href":"https:\/\/sinasefesm.com\/index.php\/wp-json\/wp\/v2\/posts\/7454\/revisions\/7457"}],"wp:featuredmedia":[{"embeddable":true,"href":"https:\/\/sinasefesm.com\/index.php\/wp-json\/wp\/v2\/media\/7455"}],"wp:attachment":[{"href":"https:\/\/sinasefesm.com\/index.php\/wp-json\/wp\/v2\/media?parent=7454"}],"wp:term":[{"taxonomy":"category","embeddable":true,"href":"https:\/\/sinasefesm.com\/index.php\/wp-json\/wp\/v2\/categories?post=7454"},{"taxonomy":"post_tag","embeddable":true,"href":"https:\/\/sinasefesm.com\/index.php\/wp-json\/wp\/v2\/tags?post=7454"}],"curies":[{"name":"wp","href":"https:\/\/api.w.org\/{rel}","templated":true}]}}