{"id":7524,"date":"2025-07-08T14:52:41","date_gmt":"2025-07-08T17:52:41","guid":{"rendered":"https:\/\/sinasefesm.com\/?p=7524"},"modified":"2025-07-08T14:52:42","modified_gmt":"2025-07-08T17:52:42","slug":"frente-parlamentar-nota-critica-contra-a-reforma-administrativa","status":"publish","type":"post","link":"https:\/\/sinasefesm.com\/index.php\/2025\/07\/08\/frente-parlamentar-nota-critica-contra-a-reforma-administrativa\/","title":{"rendered":"Frente Parlamentar: nota cr\u00edtica contra a reforma administrativa"},"content":{"rendered":"\n<p>A&nbsp;<a href=\"https:\/\/frenteparlamentardoservicopublico.org\/\" target=\"_blank\" rel=\"noreferrer noopener\">Frente Parlamentar Mista em Defesa do Servi\u00e7o P\u00fablico<\/a>&nbsp;vem manifestar profunda preocupa\u00e7\u00e3o com os rumos da&nbsp;<a href=\"https:\/\/sinasefe.org.br\/site\/reforma-administrativa\" target=\"_blank\" rel=\"noreferrer noopener\">Reforma Administrativa<\/a>&nbsp;em debate na C\u00e2mara dos Deputados. A&nbsp;<a href=\"https:\/\/sinasefe.org.br\/site\/informe-sobre-o-pl-da-reestruturacao-das-carreiras\" target=\"_blank\" rel=\"noreferrer noopener\">cria\u00e7\u00e3o do Grupo de Trabalho<\/a>&nbsp;(GT), em 28 de maio de 2025, sob coordena\u00e7\u00e3o do deputado Pedro Paulo (PSD-RJ), revela fragilidades estruturais e riscos institucionais que amea\u00e7am a administra\u00e7\u00e3o p\u00fablica e o pacto democr\u00e1tico brasileiro.<\/p>\n\n\n\n<p>Composto por apenas 14 parlamentares e com um prazo ex\u00edguo de 45 dias, o GT pretende apresentar propostas que podem reconfigurar profundamente o servi\u00e7o p\u00fablico sem o devido di\u00e1logo com a sociedade e os servidores. A forma centralizada e pouco transparente com que os debates est\u00e3o sendo conduzidos fere o princ\u00edpio democr\u00e1tico da participa\u00e7\u00e3o plural.<\/p>\n\n\n\n<h3 class=\"wp-block-heading\" id=\"h-principais-fragilidades-e-riscos-identificados\">Principais Fragilidades e Riscos Identificados<\/h3>\n\n\n\n<ul class=\"wp-block-list\">\n<li><strong>Falta de Representatividade:<\/strong>\u00a0o GT exclui partidos relevantes e desrespeita a proporcionalidade partid\u00e1ria, comprometendo a legitimidade do processo;<\/li>\n\n\n\n<li><strong>Prazo Insuficiente:<\/strong>\u00a0a previs\u00e3o de conclus\u00e3o at\u00e9 julho inviabiliza um debate t\u00e9cnico e democr\u00e1tico sobre temas estruturantes;<\/li>\n\n\n\n<li><strong>Risco de Esvaziamento do Parlamento:<\/strong>\u00a0a vincula\u00e7\u00e3o \u00e0\u00a0<a href=\"https:\/\/www.camara.leg.br\/propostas-legislativas\/2262083\" target=\"_blank\" rel=\"noreferrer noopener\">PEC 32\/2020<\/a>\u00a0pode restringir o exerc\u00edcio pleno dos mandatos parlamentares e impedir contribui\u00e7\u00f5es fundamentais;<\/li>\n\n\n\n<li><strong>Participa\u00e7\u00e3o Limitada:<\/strong>\u00a0o GT n\u00e3o apresenta mecanismos efetivos de escuta da sociedade civil e dos servidores p\u00fablicos;<\/li>\n\n\n\n<li><strong>Contradi\u00e7\u00f5es e Ambiguidades:<\/strong>\u00a0apesar do discurso de valoriza\u00e7\u00e3o, h\u00e1 propostas que precarizam v\u00ednculos e flexibilizam a estabilidade;<\/li>\n\n\n\n<li><strong>Ajuste Fiscal Disfar\u00e7ado:<\/strong>\u00a0a ret\u00f3rica de efici\u00eancia pode encobrir cortes de direitos e redu\u00e7\u00e3o da capacidade estatal;<\/li>\n\n\n\n<li><strong>Falta de Salvaguardas Institucionais:<\/strong>\u00a0n\u00e3o h\u00e1 garantias de respeito \u00e0 iniciativa privativa do Executivo nem \u00e0 autonomia dos entes federativos.<\/li>\n<\/ul>\n\n\n\n<h3 class=\"wp-block-heading\" id=\"h-compromisso-com-o-dialogo-a-transparencia-e-a-qualidade-do-servico-publico\">Compromisso com o Di\u00e1logo, a Transpar\u00eancia e a Qualidade do Servi\u00e7o P\u00fablico<\/h3>\n\n\n\n<p>A Frente Parlamentar Mista em Defesa do Servi\u00e7o P\u00fablico reitera que n\u00e3o se op\u00f5e ao debate sobre moderniza\u00e7\u00e3o da administra\u00e7\u00e3o p\u00fablica. Contudo, reafirma que qualquer reforma deve ser constru\u00edda com ampla participa\u00e7\u00e3o social, transpar\u00eancia e respeito aos direitos dos servidores, com foco na qualidade dos servi\u00e7os prestados \u00e0 popula\u00e7\u00e3o.<\/p>\n\n\n\n<h3 class=\"wp-block-heading\" id=\"h-reforma-administrativa-nao-se-faz-a-portas-fechadas\">Reforma Administrativa n\u00e3o se faz a portas fechadas!<\/h3>\n\n\n\n<p>Seguiremos vigilantes, mobilizados e em di\u00e1logo com todas as entidades e setores comprometidos com a defesa do servi\u00e7o p\u00fablico e da democracia.<\/p>\n\n\n\n<h3 class=\"wp-block-heading\" id=\"h-historico-e-atuacao-da-frente\">Hist\u00f3rico e Atua\u00e7\u00e3o da Frente<\/h3>\n\n\n\n<p>A Frente est\u00e1 ativa desde 2007 e foi relan\u00e7ada em 13 de junho de 2023. Na 57\u00aa Legislatura, mant\u00e9m-se na linha de frente da luta em defesa dos servidores e dos servi\u00e7os p\u00fablicos.<\/p>\n\n\n\n<p>\u00c9 coordenada de forma colegiada pela deputada Alice Portugal (PCdoB-BA), pelo senador Paulo Paim (PT-RS), pelo deputado Rog\u00e9rio Correia (PT-MG) e pela senadora Zenaide Maia (PSD-RN), com a amplia\u00e7\u00e3o da coordena\u00e7\u00e3o pelos deputados Pedro Uczai (PT-SC), Pedro Campos (PSB-PE) e pela deputada Luciene Cavalcante (PSOL-SP).<\/p>\n\n\n\n<p>Com o apoio de diversas entidades parceiras, a Frente prioriza o enfrentamento de propostas que ameacem a estrutura do servi\u00e7o p\u00fablico.<\/p>\n\n\n\n<p>No contexto de um Governo que reafirma o compromisso com o fortalecimento do Estado e a valoriza\u00e7\u00e3o dos servidores, \u00e9 hora de avan\u00e7ar em direitos, melhorar condi\u00e7\u00f5es de trabalho e qualificar ainda mais os servi\u00e7os p\u00fablicos.<\/p>\n\n\n\n<p>Mesmo com ambiente pol\u00edtico mais favor\u00e1vel, o momento exige aten\u00e7\u00e3o redobrada e mobiliza\u00e7\u00e3o constante.<\/p>\n\n\n\n<p>O servi\u00e7o p\u00fablico \u00e9 base da justi\u00e7a social e da garantia de direitos \u2013 e n\u00e3o pode ser fragilizado por reformas apressadas ou parciais.<\/p>\n\n\n\n<p><em>Bras\u00edlia-DF, 8 de julho de 2025<\/em><br><strong>Frente Parlamentar Mista em Defesa do Servi\u00e7o P\u00fablico<\/strong><\/p>\n\n\n\n<h3 class=\"wp-block-heading\" id=\"h-download\"><em>Download<\/em><\/h3>\n\n\n\n<p><a href=\"https:\/\/sinasefe.org.br\/site\/download\/reforma-administrativa-riscos-a-democracia-e-ao-servico-publico\" target=\"_blank\" rel=\"noreferrer noopener\">Baixe aqui<\/a>&nbsp;a Nota P\u00fablica da Frente Parlamentar Mista em Defesa do Servi\u00e7o P\u00fablico vis\u00edvel acima no timbre da Frente (arquivo PDF, tamanho A4, duas p\u00e1ginas).<\/p>\n\n\n\n<p><\/p>\n","protected":false},"excerpt":{"rendered":"<p>A&nbsp;Frente Parlamentar Mista em Defesa do Servi\u00e7o P\u00fablico&nbsp;vem manifestar profunda preocupa\u00e7\u00e3o com os rumos da&nbsp;Reforma Administrativa&nbsp;em debate na C\u00e2mara dos Deputados. A&nbsp;cria\u00e7\u00e3o do Grupo de Trabalho&nbsp;(GT), em 28 de maio de 2025, sob coordena\u00e7\u00e3o do deputado Pedro Paulo (PSD-RJ), revela fragilidades estruturais e riscos institucionais que amea\u00e7am a administra\u00e7\u00e3o p\u00fablica e o pacto democr\u00e1tico brasileiro.<\/p>\n","protected":false},"author":7,"featured_media":7525,"comment_status":"open","ping_status":"open","sticky":false,"template":"","format":"standard","meta":{"footnotes":""},"categories":[41],"tags":[],"class_list":{"0":"post-7524","1":"post","2":"type-post","3":"status-publish","4":"format-standard","5":"has-post-thumbnail","7":"category-movimento"},"_links":{"self":[{"href":"https:\/\/sinasefesm.com\/index.php\/wp-json\/wp\/v2\/posts\/7524","targetHints":{"allow":["GET"]}}],"collection":[{"href":"https:\/\/sinasefesm.com\/index.php\/wp-json\/wp\/v2\/posts"}],"about":[{"href":"https:\/\/sinasefesm.com\/index.php\/wp-json\/wp\/v2\/types\/post"}],"author":[{"embeddable":true,"href":"https:\/\/sinasefesm.com\/index.php\/wp-json\/wp\/v2\/users\/7"}],"replies":[{"embeddable":true,"href":"https:\/\/sinasefesm.com\/index.php\/wp-json\/wp\/v2\/comments?post=7524"}],"version-history":[{"count":1,"href":"https:\/\/sinasefesm.com\/index.php\/wp-json\/wp\/v2\/posts\/7524\/revisions"}],"predecessor-version":[{"id":7526,"href":"https:\/\/sinasefesm.com\/index.php\/wp-json\/wp\/v2\/posts\/7524\/revisions\/7526"}],"wp:featuredmedia":[{"embeddable":true,"href":"https:\/\/sinasefesm.com\/index.php\/wp-json\/wp\/v2\/media\/7525"}],"wp:attachment":[{"href":"https:\/\/sinasefesm.com\/index.php\/wp-json\/wp\/v2\/media?parent=7524"}],"wp:term":[{"taxonomy":"category","embeddable":true,"href":"https:\/\/sinasefesm.com\/index.php\/wp-json\/wp\/v2\/categories?post=7524"},{"taxonomy":"post_tag","embeddable":true,"href":"https:\/\/sinasefesm.com\/index.php\/wp-json\/wp\/v2\/tags?post=7524"}],"curies":[{"name":"wp","href":"https:\/\/api.w.org\/{rel}","templated":true}]}}